{"id":261896,"date":"2022-08-31T13:12:58","date_gmt":"2022-08-31T12:12:58","guid":{"rendered":"https:\/\/zakrasnejsivimperk.cz\/?p=261896"},"modified":"2022-09-03T21:54:56","modified_gmt":"2022-09-03T20:54:56","slug":"nase-mesto-vimperk-to-je-podivana-zadni-trakt-byvalych-tiskaren-volne-pristupny-z-jircharske-ulice","status":"publish","type":"post","link":"https:\/\/zakrasnejsivimperk.cz\/?p=261896","title":{"rendered":"NA\u0160E M\u011aSTO VIMPERK: To je pod\u00edvan\u00e1 &#8211; Zadn\u00ed trakt b\u00fdval\u00fdch tisk\u00e1ren voln\u011b p\u0159\u00edstupn\u00fd z Jirch\u00e1\u0159sk\u00e9 ulice"},"content":{"rendered":"<p><img loading=\"lazy\" decoding=\"async\" class=\"aligncenter wp-image-249847 size-full\" src=\"https:\/\/zakrasnejsivimperk.cz\/wp-content\/uploads\/2022\/03\/19\/Logo-fb.jpg\" alt=\"\" width=\"800\" height=\"324\" srcset=\"https:\/\/zakrasnejsivimperk.cz\/wp-content\/uploads\/2022\/03\/19\/Logo-fb.jpg 800w, https:\/\/zakrasnejsivimperk.cz\/wp-content\/uploads\/2022\/03\/19\/Logo-fb-300x122.jpg 300w, https:\/\/zakrasnejsivimperk.cz\/wp-content\/uploads\/2022\/03\/19\/Logo-fb-768x311.jpg 768w\" sizes=\"(max-width: 800px) 100vw, 800px\" \/><\/p>\n<hr \/>\n<p>&nbsp;<\/p>\n<h6>Na tento nepo\u0159\u00e1dek na voln\u011b p\u0159\u00edstupn\u00e9m soukrom\u00e9m pozemku v historick\u00e9 \u010d\u00e1sti m\u011bsta n\u00e1s upozornili obyvatel\u00e9 ze sousedstv\u00ed. Podle jejich slov, a my jim d\u00e1v\u00e1me za pravdu, by radnice m\u011bla tla\u010dit na majitele, aby prostor vyklidil. Je to ostuda na\u0161eho m\u011bsta. N\u00e1v\u0161t\u011bvn\u00edci nerozli\u0161uj\u00ed, komu tato skl\u00e1dka pat\u0159\u00ed.<\/h6>\n<p>Text a foto: (red) &#8211; Za kr\u00e1sn\u011bj\u0161\u00ed Vimperk<\/p>\n<p>&nbsp;<\/p>\n<p><img loading=\"lazy\" decoding=\"async\" class=\"aligncenter wp-image-261908 size-full\" src=\"https:\/\/zakrasnejsivimperk.cz\/wp-content\/uploads\/2022\/08\/30\/jirch\u00e1\u0159sk\u00e1-nepo\u0159\u00e1dek-14.jpg\" alt=\"\" width=\"1100\" height=\"663\" srcset=\"https:\/\/zakrasnejsivimperk.cz\/wp-content\/uploads\/2022\/08\/30\/jirch\u00e1\u0159sk\u00e1-nepo\u0159\u00e1dek-14.jpg 1100w, https:\/\/zakrasnejsivimperk.cz\/wp-content\/uploads\/2022\/08\/30\/jirch\u00e1\u0159sk\u00e1-nepo\u0159\u00e1dek-14-300x181.jpg 300w, https:\/\/zakrasnejsivimperk.cz\/wp-content\/uploads\/2022\/08\/30\/jirch\u00e1\u0159sk\u00e1-nepo\u0159\u00e1dek-14-768x463.jpg 768w, https:\/\/zakrasnejsivimperk.cz\/wp-content\/uploads\/2022\/08\/30\/jirch\u00e1\u0159sk\u00e1-nepo\u0159\u00e1dek-14-1024x617.jpg 1024w, https:\/\/zakrasnejsivimperk.cz\/wp-content\/uploads\/2022\/08\/30\/jirch\u00e1\u0159sk\u00e1-nepo\u0159\u00e1dek-14-592x357.jpg 592w, https:\/\/zakrasnejsivimperk.cz\/wp-content\/uploads\/2022\/08\/30\/jirch\u00e1\u0159sk\u00e1-nepo\u0159\u00e1dek-14-801x483.jpg 801w\" sizes=\"(max-width: 1100px) 100vw, 1100px\" \/><\/p>\n<p>&nbsp;<\/p>\n<p>&nbsp;<\/p>\n<p><img loading=\"lazy\" decoding=\"async\" class=\"aligncenter wp-image-261907 size-full\" src=\"https:\/\/zakrasnejsivimperk.cz\/wp-content\/uploads\/2022\/08\/30\/jirch\u00e1\u0159sk\u00e1-nepo\u0159\u00e1dek-13.jpg\" alt=\"\" width=\"1100\" height=\"616\" srcset=\"https:\/\/zakrasnejsivimperk.cz\/wp-content\/uploads\/2022\/08\/30\/jirch\u00e1\u0159sk\u00e1-nepo\u0159\u00e1dek-13.jpg 1100w, https:\/\/zakrasnejsivimperk.cz\/wp-content\/uploads\/2022\/08\/30\/jirch\u00e1\u0159sk\u00e1-nepo\u0159\u00e1dek-13-300x168.jpg 300w, https:\/\/zakrasnejsivimperk.cz\/wp-content\/uploads\/2022\/08\/30\/jirch\u00e1\u0159sk\u00e1-nepo\u0159\u00e1dek-13-768x430.jpg 768w, https:\/\/zakrasnejsivimperk.cz\/wp-content\/uploads\/2022\/08\/30\/jirch\u00e1\u0159sk\u00e1-nepo\u0159\u00e1dek-13-1024x573.jpg 1024w, https:\/\/zakrasnejsivimperk.cz\/wp-content\/uploads\/2022\/08\/30\/jirch\u00e1\u0159sk\u00e1-nepo\u0159\u00e1dek-13-638x357.jpg 638w, https:\/\/zakrasnejsivimperk.cz\/wp-content\/uploads\/2022\/08\/30\/jirch\u00e1\u0159sk\u00e1-nepo\u0159\u00e1dek-13-863x483.jpg 863w\" sizes=\"(max-width: 1100px) 100vw, 1100px\" \/><\/p>\n<p>&nbsp;<\/p>\n<p>&nbsp;<\/p>\n<p><img loading=\"lazy\" decoding=\"async\" class=\"aligncenter wp-image-261906 size-full\" src=\"https:\/\/zakrasnejsivimperk.cz\/wp-content\/uploads\/2022\/08\/30\/jirch\u00e1\u0159sk\u00e1-nepo\u0159\u00e1dek-12.jpg\" alt=\"\" width=\"1100\" height=\"612\" srcset=\"https:\/\/zakrasnejsivimperk.cz\/wp-content\/uploads\/2022\/08\/30\/jirch\u00e1\u0159sk\u00e1-nepo\u0159\u00e1dek-12.jpg 1100w, https:\/\/zakrasnejsivimperk.cz\/wp-content\/uploads\/2022\/08\/30\/jirch\u00e1\u0159sk\u00e1-nepo\u0159\u00e1dek-12-300x167.jpg 300w, https:\/\/zakrasnejsivimperk.cz\/wp-content\/uploads\/2022\/08\/30\/jirch\u00e1\u0159sk\u00e1-nepo\u0159\u00e1dek-12-768x427.jpg 768w, https:\/\/zakrasnejsivimperk.cz\/wp-content\/uploads\/2022\/08\/30\/jirch\u00e1\u0159sk\u00e1-nepo\u0159\u00e1dek-12-1024x570.jpg 1024w, https:\/\/zakrasnejsivimperk.cz\/wp-content\/uploads\/2022\/08\/30\/jirch\u00e1\u0159sk\u00e1-nepo\u0159\u00e1dek-12-642x357.jpg 642w, https:\/\/zakrasnejsivimperk.cz\/wp-content\/uploads\/2022\/08\/30\/jirch\u00e1\u0159sk\u00e1-nepo\u0159\u00e1dek-12-868x483.jpg 868w\" sizes=\"(max-width: 1100px) 100vw, 1100px\" \/><\/p>\n<p>&nbsp;<\/p>\n<p>&nbsp;<\/p>\n<p><img loading=\"lazy\" decoding=\"async\" class=\"aligncenter wp-image-261905 size-full\" src=\"https:\/\/zakrasnejsivimperk.cz\/wp-content\/uploads\/2022\/08\/30\/jirch\u00e1\u0159sk\u00e1-nepo\u0159\u00e1dek-11.jpg\" alt=\"\" width=\"1100\" height=\"606\" srcset=\"https:\/\/zakrasnejsivimperk.cz\/wp-content\/uploads\/2022\/08\/30\/jirch\u00e1\u0159sk\u00e1-nepo\u0159\u00e1dek-11.jpg 1100w, https:\/\/zakrasnejsivimperk.cz\/wp-content\/uploads\/2022\/08\/30\/jirch\u00e1\u0159sk\u00e1-nepo\u0159\u00e1dek-11-300x165.jpg 300w, https:\/\/zakrasnejsivimperk.cz\/wp-content\/uploads\/2022\/08\/30\/jirch\u00e1\u0159sk\u00e1-nepo\u0159\u00e1dek-11-768x423.jpg 768w, https:\/\/zakrasnejsivimperk.cz\/wp-content\/uploads\/2022\/08\/30\/jirch\u00e1\u0159sk\u00e1-nepo\u0159\u00e1dek-11-1024x564.jpg 1024w, https:\/\/zakrasnejsivimperk.cz\/wp-content\/uploads\/2022\/08\/30\/jirch\u00e1\u0159sk\u00e1-nepo\u0159\u00e1dek-11-648x357.jpg 648w, https:\/\/zakrasnejsivimperk.cz\/wp-content\/uploads\/2022\/08\/30\/jirch\u00e1\u0159sk\u00e1-nepo\u0159\u00e1dek-11-877x483.jpg 877w\" sizes=\"(max-width: 1100px) 100vw, 1100px\" \/><\/p>\n<p>&nbsp;<\/p>\n<p>&nbsp;<\/p>\n<p><img loading=\"lazy\" decoding=\"async\" class=\"aligncenter wp-image-261904 size-full\" src=\"https:\/\/zakrasnejsivimperk.cz\/wp-content\/uploads\/2022\/08\/30\/jirch\u00e1\u0159sk\u00e1-nepo\u0159\u00e1dek-10.jpg\" alt=\"\" width=\"1100\" height=\"597\" srcset=\"https:\/\/zakrasnejsivimperk.cz\/wp-content\/uploads\/2022\/08\/30\/jirch\u00e1\u0159sk\u00e1-nepo\u0159\u00e1dek-10.jpg 1100w, https:\/\/zakrasnejsivimperk.cz\/wp-content\/uploads\/2022\/08\/30\/jirch\u00e1\u0159sk\u00e1-nepo\u0159\u00e1dek-10-300x163.jpg 300w, https:\/\/zakrasnejsivimperk.cz\/wp-content\/uploads\/2022\/08\/30\/jirch\u00e1\u0159sk\u00e1-nepo\u0159\u00e1dek-10-768x417.jpg 768w, https:\/\/zakrasnejsivimperk.cz\/wp-content\/uploads\/2022\/08\/30\/jirch\u00e1\u0159sk\u00e1-nepo\u0159\u00e1dek-10-1024x556.jpg 1024w, https:\/\/zakrasnejsivimperk.cz\/wp-content\/uploads\/2022\/08\/30\/jirch\u00e1\u0159sk\u00e1-nepo\u0159\u00e1dek-10-658x357.jpg 658w, https:\/\/zakrasnejsivimperk.cz\/wp-content\/uploads\/2022\/08\/30\/jirch\u00e1\u0159sk\u00e1-nepo\u0159\u00e1dek-10-890x483.jpg 890w\" sizes=\"(max-width: 1100px) 100vw, 1100px\" \/><\/p>\n<p>&nbsp;<\/p>\n<p>&nbsp;<\/p>\n<p><img loading=\"lazy\" decoding=\"async\" class=\"aligncenter wp-image-261903 size-full\" src=\"https:\/\/zakrasnejsivimperk.cz\/wp-content\/uploads\/2022\/08\/30\/jirch\u00e1\u0159sk\u00e1-nepo\u0159\u00e1dek-9.jpg\" alt=\"\" width=\"1100\" height=\"657\" srcset=\"https:\/\/zakrasnejsivimperk.cz\/wp-content\/uploads\/2022\/08\/30\/jirch\u00e1\u0159sk\u00e1-nepo\u0159\u00e1dek-9.jpg 1100w, https:\/\/zakrasnejsivimperk.cz\/wp-content\/uploads\/2022\/08\/30\/jirch\u00e1\u0159sk\u00e1-nepo\u0159\u00e1dek-9-300x179.jpg 300w, https:\/\/zakrasnejsivimperk.cz\/wp-content\/uploads\/2022\/08\/30\/jirch\u00e1\u0159sk\u00e1-nepo\u0159\u00e1dek-9-768x459.jpg 768w, https:\/\/zakrasnejsivimperk.cz\/wp-content\/uploads\/2022\/08\/30\/jirch\u00e1\u0159sk\u00e1-nepo\u0159\u00e1dek-9-1024x612.jpg 1024w, https:\/\/zakrasnejsivimperk.cz\/wp-content\/uploads\/2022\/08\/30\/jirch\u00e1\u0159sk\u00e1-nepo\u0159\u00e1dek-9-598x357.jpg 598w, https:\/\/zakrasnejsivimperk.cz\/wp-content\/uploads\/2022\/08\/30\/jirch\u00e1\u0159sk\u00e1-nepo\u0159\u00e1dek-9-809x483.jpg 809w\" sizes=\"(max-width: 1100px) 100vw, 1100px\" \/><\/p>\n<p>&nbsp;<\/p>\n<p>&nbsp;<\/p>\n<p><img loading=\"lazy\" decoding=\"async\" class=\"aligncenter wp-image-261902 size-full\" src=\"https:\/\/zakrasnejsivimperk.cz\/wp-content\/uploads\/2022\/08\/30\/jirch\u00e1\u0159sk\u00e1-nepo\u0159\u00e1dek-7.jpg\" alt=\"\" width=\"1100\" height=\"692\" srcset=\"https:\/\/zakrasnejsivimperk.cz\/wp-content\/uploads\/2022\/08\/30\/jirch\u00e1\u0159sk\u00e1-nepo\u0159\u00e1dek-7.jpg 1100w, https:\/\/zakrasnejsivimperk.cz\/wp-content\/uploads\/2022\/08\/30\/jirch\u00e1\u0159sk\u00e1-nepo\u0159\u00e1dek-7-300x189.jpg 300w, https:\/\/zakrasnejsivimperk.cz\/wp-content\/uploads\/2022\/08\/30\/jirch\u00e1\u0159sk\u00e1-nepo\u0159\u00e1dek-7-768x483.jpg 768w, https:\/\/zakrasnejsivimperk.cz\/wp-content\/uploads\/2022\/08\/30\/jirch\u00e1\u0159sk\u00e1-nepo\u0159\u00e1dek-7-1024x644.jpg 1024w, https:\/\/zakrasnejsivimperk.cz\/wp-content\/uploads\/2022\/08\/30\/jirch\u00e1\u0159sk\u00e1-nepo\u0159\u00e1dek-7-567x357.jpg 567w\" sizes=\"(max-width: 1100px) 100vw, 1100px\" \/><\/p>\n<p>&nbsp;<\/p>\n<p>&nbsp;<\/p>\n<p><img loading=\"lazy\" decoding=\"async\" class=\"aligncenter wp-image-261901 size-full\" src=\"https:\/\/zakrasnejsivimperk.cz\/wp-content\/uploads\/2022\/08\/30\/jirch\u00e1\u0159sk\u00e1-nepo\u0159\u00e1dek-6.jpg\" alt=\"\" width=\"1100\" height=\"706\" srcset=\"https:\/\/zakrasnejsivimperk.cz\/wp-content\/uploads\/2022\/08\/30\/jirch\u00e1\u0159sk\u00e1-nepo\u0159\u00e1dek-6.jpg 1100w, https:\/\/zakrasnejsivimperk.cz\/wp-content\/uploads\/2022\/08\/30\/jirch\u00e1\u0159sk\u00e1-nepo\u0159\u00e1dek-6-300x193.jpg 300w, https:\/\/zakrasnejsivimperk.cz\/wp-content\/uploads\/2022\/08\/30\/jirch\u00e1\u0159sk\u00e1-nepo\u0159\u00e1dek-6-768x493.jpg 768w, https:\/\/zakrasnejsivimperk.cz\/wp-content\/uploads\/2022\/08\/30\/jirch\u00e1\u0159sk\u00e1-nepo\u0159\u00e1dek-6-1024x657.jpg 1024w, https:\/\/zakrasnejsivimperk.cz\/wp-content\/uploads\/2022\/08\/30\/jirch\u00e1\u0159sk\u00e1-nepo\u0159\u00e1dek-6-100x65.jpg 100w, https:\/\/zakrasnejsivimperk.cz\/wp-content\/uploads\/2022\/08\/30\/jirch\u00e1\u0159sk\u00e1-nepo\u0159\u00e1dek-6-556x357.jpg 556w, https:\/\/zakrasnejsivimperk.cz\/wp-content\/uploads\/2022\/08\/30\/jirch\u00e1\u0159sk\u00e1-nepo\u0159\u00e1dek-6-753x483.jpg 753w\" sizes=\"(max-width: 1100px) 100vw, 1100px\" \/><\/p>\n<p>&nbsp;<\/p>\n<p>&nbsp;<\/p>\n<p><img loading=\"lazy\" decoding=\"async\" class=\"aligncenter wp-image-261900 size-full\" src=\"https:\/\/zakrasnejsivimperk.cz\/wp-content\/uploads\/2022\/08\/30\/jirch\u00e1\u0159sk\u00e1-nepo\u0159\u00e1dek-4.jpg\" alt=\"\" width=\"1100\" height=\"706\" srcset=\"https:\/\/zakrasnejsivimperk.cz\/wp-content\/uploads\/2022\/08\/30\/jirch\u00e1\u0159sk\u00e1-nepo\u0159\u00e1dek-4.jpg 1100w, https:\/\/zakrasnejsivimperk.cz\/wp-content\/uploads\/2022\/08\/30\/jirch\u00e1\u0159sk\u00e1-nepo\u0159\u00e1dek-4-300x193.jpg 300w, https:\/\/zakrasnejsivimperk.cz\/wp-content\/uploads\/2022\/08\/30\/jirch\u00e1\u0159sk\u00e1-nepo\u0159\u00e1dek-4-768x493.jpg 768w, https:\/\/zakrasnejsivimperk.cz\/wp-content\/uploads\/2022\/08\/30\/jirch\u00e1\u0159sk\u00e1-nepo\u0159\u00e1dek-4-1024x657.jpg 1024w, https:\/\/zakrasnejsivimperk.cz\/wp-content\/uploads\/2022\/08\/30\/jirch\u00e1\u0159sk\u00e1-nepo\u0159\u00e1dek-4-100x65.jpg 100w, https:\/\/zakrasnejsivimperk.cz\/wp-content\/uploads\/2022\/08\/30\/jirch\u00e1\u0159sk\u00e1-nepo\u0159\u00e1dek-4-556x357.jpg 556w, https:\/\/zakrasnejsivimperk.cz\/wp-content\/uploads\/2022\/08\/30\/jirch\u00e1\u0159sk\u00e1-nepo\u0159\u00e1dek-4-753x483.jpg 753w\" sizes=\"(max-width: 1100px) 100vw, 1100px\" \/><\/p>\n<p>&nbsp;<\/p>\n<p>&nbsp;<\/p>\n<p><img loading=\"lazy\" decoding=\"async\" class=\"aligncenter wp-image-261899 size-full\" src=\"https:\/\/zakrasnejsivimperk.cz\/wp-content\/uploads\/2022\/08\/30\/jirch\u00e1\u0159sk\u00e1-nepo\u0159\u00e1dek-3.jpg\" alt=\"\" width=\"1100\" height=\"672\" srcset=\"https:\/\/zakrasnejsivimperk.cz\/wp-content\/uploads\/2022\/08\/30\/jirch\u00e1\u0159sk\u00e1-nepo\u0159\u00e1dek-3.jpg 1100w, https:\/\/zakrasnejsivimperk.cz\/wp-content\/uploads\/2022\/08\/30\/jirch\u00e1\u0159sk\u00e1-nepo\u0159\u00e1dek-3-300x183.jpg 300w, https:\/\/zakrasnejsivimperk.cz\/wp-content\/uploads\/2022\/08\/30\/jirch\u00e1\u0159sk\u00e1-nepo\u0159\u00e1dek-3-768x469.jpg 768w, https:\/\/zakrasnejsivimperk.cz\/wp-content\/uploads\/2022\/08\/30\/jirch\u00e1\u0159sk\u00e1-nepo\u0159\u00e1dek-3-1024x626.jpg 1024w, https:\/\/zakrasnejsivimperk.cz\/wp-content\/uploads\/2022\/08\/30\/jirch\u00e1\u0159sk\u00e1-nepo\u0159\u00e1dek-3-584x357.jpg 584w, https:\/\/zakrasnejsivimperk.cz\/wp-content\/uploads\/2022\/08\/30\/jirch\u00e1\u0159sk\u00e1-nepo\u0159\u00e1dek-3-791x483.jpg 791w\" sizes=\"(max-width: 1100px) 100vw, 1100px\" \/><\/p>\n<p>&nbsp;<\/p>\n<p>&nbsp;<\/p>\n<p><img loading=\"lazy\" decoding=\"async\" class=\"aligncenter wp-image-261898 size-full\" src=\"https:\/\/zakrasnejsivimperk.cz\/wp-content\/uploads\/2022\/08\/30\/jirch\u00e1\u0159sk\u00e1-nepo\u0159\u00e1dek-2.jpg\" alt=\"\" width=\"1100\" height=\"671\" srcset=\"https:\/\/zakrasnejsivimperk.cz\/wp-content\/uploads\/2022\/08\/30\/jirch\u00e1\u0159sk\u00e1-nepo\u0159\u00e1dek-2.jpg 1100w, https:\/\/zakrasnejsivimperk.cz\/wp-content\/uploads\/2022\/08\/30\/jirch\u00e1\u0159sk\u00e1-nepo\u0159\u00e1dek-2-300x183.jpg 300w, https:\/\/zakrasnejsivimperk.cz\/wp-content\/uploads\/2022\/08\/30\/jirch\u00e1\u0159sk\u00e1-nepo\u0159\u00e1dek-2-768x468.jpg 768w, https:\/\/zakrasnejsivimperk.cz\/wp-content\/uploads\/2022\/08\/30\/jirch\u00e1\u0159sk\u00e1-nepo\u0159\u00e1dek-2-1024x625.jpg 1024w, https:\/\/zakrasnejsivimperk.cz\/wp-content\/uploads\/2022\/08\/30\/jirch\u00e1\u0159sk\u00e1-nepo\u0159\u00e1dek-2-585x357.jpg 585w, https:\/\/zakrasnejsivimperk.cz\/wp-content\/uploads\/2022\/08\/30\/jirch\u00e1\u0159sk\u00e1-nepo\u0159\u00e1dek-2-792x483.jpg 792w\" sizes=\"(max-width: 1100px) 100vw, 1100px\" \/><\/p>\n<p>&nbsp;<\/p>\n<p>&nbsp;<\/p>\n<p><img loading=\"lazy\" decoding=\"async\" class=\"aligncenter wp-image-261897 size-full\" src=\"https:\/\/zakrasnejsivimperk.cz\/wp-content\/uploads\/2022\/08\/30\/jirch\u00e1\u0159sk\u00e1-nepo\u0159\u00e1dek-1.jpg\" alt=\"\" width=\"1100\" height=\"734\" srcset=\"https:\/\/zakrasnejsivimperk.cz\/wp-content\/uploads\/2022\/08\/30\/jirch\u00e1\u0159sk\u00e1-nepo\u0159\u00e1dek-1.jpg 1100w, https:\/\/zakrasnejsivimperk.cz\/wp-content\/uploads\/2022\/08\/30\/jirch\u00e1\u0159sk\u00e1-nepo\u0159\u00e1dek-1-300x200.jpg 300w, https:\/\/zakrasnejsivimperk.cz\/wp-content\/uploads\/2022\/08\/30\/jirch\u00e1\u0159sk\u00e1-nepo\u0159\u00e1dek-1-768x512.jpg 768w, https:\/\/zakrasnejsivimperk.cz\/wp-content\/uploads\/2022\/08\/30\/jirch\u00e1\u0159sk\u00e1-nepo\u0159\u00e1dek-1-1024x683.jpg 1024w, https:\/\/zakrasnejsivimperk.cz\/wp-content\/uploads\/2022\/08\/30\/jirch\u00e1\u0159sk\u00e1-nepo\u0159\u00e1dek-1-535x357.jpg 535w, https:\/\/zakrasnejsivimperk.cz\/wp-content\/uploads\/2022\/08\/30\/jirch\u00e1\u0159sk\u00e1-nepo\u0159\u00e1dek-1-724x483.jpg 724w\" sizes=\"(max-width: 1100px) 100vw, 1100px\" \/><\/p>\n<p>&nbsp;<\/p>\n<hr \/>\n<p>&nbsp;<\/p>\n<p>&nbsp;<\/p>\n<p>&nbsp;<\/p>\n","protected":false},"excerpt":{"rendered":"<p>&nbsp; Na <\/p>\n","protected":false},"author":2,"featured_media":261910,"comment_status":"open","ping_status":"open","sticky":false,"template":"","format":"gallery","meta":{"footnotes":""},"categories":[119,108],"tags":[],"jetpack_featured_media_url":"https:\/\/zakrasnejsivimperk.cz\/wp-content\/uploads\/2022\/08\/30\/r\u00e1m-pod\u00edvan\u00e1.jpg","_links":{"self":[{"href":"https:\/\/zakrasnejsivimperk.cz\/index.php?rest_route=\/wp\/v2\/posts\/261896"}],"collection":[{"href":"https:\/\/zakrasnejsivimperk.cz\/index.php?rest_route=\/wp\/v2\/posts"}],"about":[{"href":"https:\/\/zakrasnejsivimperk.cz\/index.php?rest_route=\/wp\/v2\/types\/post"}],"author":[{"embeddable":true,"href":"https:\/\/zakrasnejsivimperk.cz\/index.php?rest_route=\/wp\/v2\/users\/2"}],"replies":[{"embeddable":true,"href":"https:\/\/zakrasnejsivimperk.cz\/index.php?rest_route=%2Fwp%2Fv2%2Fcomments&post=261896"}],"version-history":[{"count":1,"href":"https:\/\/zakrasnejsivimperk.cz\/index.php?rest_route=\/wp\/v2\/posts\/261896\/revisions"}],"predecessor-version":[{"id":261909,"href":"https:\/\/zakrasnejsivimperk.cz\/index.php?rest_route=\/wp\/v2\/posts\/261896\/revisions\/261909"}],"wp:featuredmedia":[{"embeddable":true,"href":"https:\/\/zakrasnejsivimperk.cz\/index.php?rest_route=\/wp\/v2\/media\/261910"}],"wp:attachment":[{"href":"https:\/\/zakrasnejsivimperk.cz\/index.php?rest_route=%2Fwp%2Fv2%2Fmedia&parent=261896"}],"wp:term":[{"taxonomy":"category","embeddable":true,"href":"https:\/\/zakrasnejsivimperk.cz\/index.php?rest_route=%2Fwp%2Fv2%2Fcategories&post=261896"},{"taxonomy":"post_tag","embeddable":true,"href":"https:\/\/zakrasnejsivimperk.cz\/index.php?rest_route=%2Fwp%2Fv2%2Ftags&post=261896"}],"curies":[{"name":"wp","href":"https:\/\/api.w.org\/{rel}","templated":true}]}}