{"id":261702,"date":"2022-08-28T12:46:24","date_gmt":"2022-08-28T11:46:24","guid":{"rendered":"https:\/\/zakrasnejsivimperk.cz\/?p=261702"},"modified":"2022-09-02T06:56:54","modified_gmt":"2022-09-02T05:56:54","slug":"nase-mesto-vimperk-nove-osazeny-a-upraveny-zahon-okraji-mestskeho-parku-27-srpna","status":"publish","type":"post","link":"https:\/\/zakrasnejsivimperk.cz\/?p=261702","title":{"rendered":"NA\u0160E M\u011aSTO VIMPERK: Nov\u011b os\u00e1zen\u00fd a upraven\u00fd z\u00e1hon okraji m\u011bstsk\u00e9ho parku (27. srpna)"},"content":{"rendered":"<p><img loading=\"lazy\" decoding=\"async\" class=\"aligncenter wp-image-249847 size-full\" src=\"https:\/\/zakrasnejsivimperk.cz\/wp-content\/uploads\/2022\/03\/19\/Logo-fb.jpg\" alt=\"\" width=\"800\" height=\"324\" srcset=\"https:\/\/zakrasnejsivimperk.cz\/wp-content\/uploads\/2022\/03\/19\/Logo-fb.jpg 800w, https:\/\/zakrasnejsivimperk.cz\/wp-content\/uploads\/2022\/03\/19\/Logo-fb-300x122.jpg 300w, https:\/\/zakrasnejsivimperk.cz\/wp-content\/uploads\/2022\/03\/19\/Logo-fb-768x311.jpg 768w\" sizes=\"(max-width: 800px) 100vw, 800px\" \/><\/p>\n<hr \/>\n<p>&nbsp;<\/p>\n<h6>Aktualizace 29. srpna:<\/h6>\n<h6>Podle dne\u0161n\u00ed informace tajemn\u00edka m\u011bstsk\u00e9ho \u00fa\u0159adu nen\u00ed d\u00edlo je\u0161t\u011b zcela dokon\u010den\u00e9 a tud\u00ed\u017e ani radnic\u00ed p\u0159evzat\u00e9.<\/h6>\n<hr \/>\n<p>&nbsp;<\/p>\n<p><img loading=\"lazy\" decoding=\"async\" class=\"aligncenter wp-image-261703 size-full\" src=\"https:\/\/zakrasnejsivimperk.cz\/wp-content\/uploads\/2022\/08\/28\/park-nov\u00e1-v\u00fdsadba-1.jpg\" alt=\"\" width=\"1100\" height=\"619\" srcset=\"https:\/\/zakrasnejsivimperk.cz\/wp-content\/uploads\/2022\/08\/28\/park-nov\u00e1-v\u00fdsadba-1.jpg 1100w, https:\/\/zakrasnejsivimperk.cz\/wp-content\/uploads\/2022\/08\/28\/park-nov\u00e1-v\u00fdsadba-1-300x169.jpg 300w, https:\/\/zakrasnejsivimperk.cz\/wp-content\/uploads\/2022\/08\/28\/park-nov\u00e1-v\u00fdsadba-1-768x432.jpg 768w, https:\/\/zakrasnejsivimperk.cz\/wp-content\/uploads\/2022\/08\/28\/park-nov\u00e1-v\u00fdsadba-1-1024x576.jpg 1024w, https:\/\/zakrasnejsivimperk.cz\/wp-content\/uploads\/2022\/08\/28\/park-nov\u00e1-v\u00fdsadba-1-634x357.jpg 634w, https:\/\/zakrasnejsivimperk.cz\/wp-content\/uploads\/2022\/08\/28\/park-nov\u00e1-v\u00fdsadba-1-858x483.jpg 858w\" sizes=\"(max-width: 1100px) 100vw, 1100px\" \/><\/p>\n<p>&nbsp;<\/p>\n<p>&nbsp;<\/p>\n<p><img loading=\"lazy\" decoding=\"async\" class=\"aligncenter wp-image-261707 size-full\" src=\"https:\/\/zakrasnejsivimperk.cz\/wp-content\/uploads\/2022\/08\/28\/park-nov\u00e1-v\u00fdsadba-5.jpg\" alt=\"\" width=\"1100\" height=\"761\" srcset=\"https:\/\/zakrasnejsivimperk.cz\/wp-content\/uploads\/2022\/08\/28\/park-nov\u00e1-v\u00fdsadba-5.jpg 1100w, https:\/\/zakrasnejsivimperk.cz\/wp-content\/uploads\/2022\/08\/28\/park-nov\u00e1-v\u00fdsadba-5-300x208.jpg 300w, https:\/\/zakrasnejsivimperk.cz\/wp-content\/uploads\/2022\/08\/28\/park-nov\u00e1-v\u00fdsadba-5-768x531.jpg 768w, https:\/\/zakrasnejsivimperk.cz\/wp-content\/uploads\/2022\/08\/28\/park-nov\u00e1-v\u00fdsadba-5-1024x708.jpg 1024w, https:\/\/zakrasnejsivimperk.cz\/wp-content\/uploads\/2022\/08\/28\/park-nov\u00e1-v\u00fdsadba-5-516x357.jpg 516w, https:\/\/zakrasnejsivimperk.cz\/wp-content\/uploads\/2022\/08\/28\/park-nov\u00e1-v\u00fdsadba-5-698x483.jpg 698w\" sizes=\"(max-width: 1100px) 100vw, 1100px\" \/><\/p>\n<p>&nbsp;<\/p>\n<p>&nbsp;<\/p>\n<p><img loading=\"lazy\" decoding=\"async\" class=\"aligncenter wp-image-261705 size-full\" src=\"https:\/\/zakrasnejsivimperk.cz\/wp-content\/uploads\/2022\/08\/28\/park-nov\u00e1-v\u00fdsadba-3.jpg\" alt=\"\" width=\"1100\" height=\"576\" srcset=\"https:\/\/zakrasnejsivimperk.cz\/wp-content\/uploads\/2022\/08\/28\/park-nov\u00e1-v\u00fdsadba-3.jpg 1100w, https:\/\/zakrasnejsivimperk.cz\/wp-content\/uploads\/2022\/08\/28\/park-nov\u00e1-v\u00fdsadba-3-300x157.jpg 300w, https:\/\/zakrasnejsivimperk.cz\/wp-content\/uploads\/2022\/08\/28\/park-nov\u00e1-v\u00fdsadba-3-768x402.jpg 768w, https:\/\/zakrasnejsivimperk.cz\/wp-content\/uploads\/2022\/08\/28\/park-nov\u00e1-v\u00fdsadba-3-1024x536.jpg 1024w, https:\/\/zakrasnejsivimperk.cz\/wp-content\/uploads\/2022\/08\/28\/park-nov\u00e1-v\u00fdsadba-3-682x357.jpg 682w, https:\/\/zakrasnejsivimperk.cz\/wp-content\/uploads\/2022\/08\/28\/park-nov\u00e1-v\u00fdsadba-3-922x483.jpg 922w\" sizes=\"(max-width: 1100px) 100vw, 1100px\" \/><\/p>\n<p>&nbsp;<\/p>\n<p>&nbsp;<\/p>\n<p><img loading=\"lazy\" decoding=\"async\" class=\"aligncenter wp-image-261706 size-full\" src=\"https:\/\/zakrasnejsivimperk.cz\/wp-content\/uploads\/2022\/08\/28\/park-nov\u00e1-v\u00fdsadba-4.jpg\" alt=\"\" width=\"886\" height=\"1100\" srcset=\"https:\/\/zakrasnejsivimperk.cz\/wp-content\/uploads\/2022\/08\/28\/park-nov\u00e1-v\u00fdsadba-4.jpg 886w, https:\/\/zakrasnejsivimperk.cz\/wp-content\/uploads\/2022\/08\/28\/park-nov\u00e1-v\u00fdsadba-4-242x300.jpg 242w, https:\/\/zakrasnejsivimperk.cz\/wp-content\/uploads\/2022\/08\/28\/park-nov\u00e1-v\u00fdsadba-4-768x953.jpg 768w, https:\/\/zakrasnejsivimperk.cz\/wp-content\/uploads\/2022\/08\/28\/park-nov\u00e1-v\u00fdsadba-4-825x1024.jpg 825w, https:\/\/zakrasnejsivimperk.cz\/wp-content\/uploads\/2022\/08\/28\/park-nov\u00e1-v\u00fdsadba-4-326x406.jpg 326w, https:\/\/zakrasnejsivimperk.cz\/wp-content\/uploads\/2022\/08\/28\/park-nov\u00e1-v\u00fdsadba-4-288x357.jpg 288w, https:\/\/zakrasnejsivimperk.cz\/wp-content\/uploads\/2022\/08\/28\/park-nov\u00e1-v\u00fdsadba-4-389x483.jpg 389w\" sizes=\"(max-width: 886px) 100vw, 886px\" \/><\/p>\n<p>&nbsp;<\/p>\n<p>&nbsp;<\/p>\n<p><img loading=\"lazy\" decoding=\"async\" class=\"aligncenter wp-image-261708 size-full\" src=\"https:\/\/zakrasnejsivimperk.cz\/wp-content\/uploads\/2022\/08\/28\/park-nov\u00e1-v\u00fdsadba-6.jpg\" alt=\"\" width=\"1097\" height=\"1100\" srcset=\"https:\/\/zakrasnejsivimperk.cz\/wp-content\/uploads\/2022\/08\/28\/park-nov\u00e1-v\u00fdsadba-6.jpg 1097w, https:\/\/zakrasnejsivimperk.cz\/wp-content\/uploads\/2022\/08\/28\/park-nov\u00e1-v\u00fdsadba-6-150x150.jpg 150w, https:\/\/zakrasnejsivimperk.cz\/wp-content\/uploads\/2022\/08\/28\/park-nov\u00e1-v\u00fdsadba-6-300x300.jpg 300w, https:\/\/zakrasnejsivimperk.cz\/wp-content\/uploads\/2022\/08\/28\/park-nov\u00e1-v\u00fdsadba-6-768x770.jpg 768w, https:\/\/zakrasnejsivimperk.cz\/wp-content\/uploads\/2022\/08\/28\/park-nov\u00e1-v\u00fdsadba-6-1021x1024.jpg 1021w, https:\/\/zakrasnejsivimperk.cz\/wp-content\/uploads\/2022\/08\/28\/park-nov\u00e1-v\u00fdsadba-6-356x357.jpg 356w, https:\/\/zakrasnejsivimperk.cz\/wp-content\/uploads\/2022\/08\/28\/park-nov\u00e1-v\u00fdsadba-6-482x483.jpg 482w, https:\/\/zakrasnejsivimperk.cz\/wp-content\/uploads\/2022\/08\/28\/park-nov\u00e1-v\u00fdsadba-6-210x210.jpg 210w\" sizes=\"(max-width: 1097px) 100vw, 1097px\" \/><\/p>\n<p>&nbsp;<\/p>\n<p>&nbsp;<\/p>\n<p><img loading=\"lazy\" decoding=\"async\" class=\"aligncenter wp-image-261709 size-full\" src=\"https:\/\/zakrasnejsivimperk.cz\/wp-content\/uploads\/2022\/08\/28\/park-nov\u00e1-v\u00fdsadba-7.jpg\" alt=\"\" width=\"1100\" height=\"1036\" srcset=\"https:\/\/zakrasnejsivimperk.cz\/wp-content\/uploads\/2022\/08\/28\/park-nov\u00e1-v\u00fdsadba-7.jpg 1100w, https:\/\/zakrasnejsivimperk.cz\/wp-content\/uploads\/2022\/08\/28\/park-nov\u00e1-v\u00fdsadba-7-300x283.jpg 300w, https:\/\/zakrasnejsivimperk.cz\/wp-content\/uploads\/2022\/08\/28\/park-nov\u00e1-v\u00fdsadba-7-768x723.jpg 768w, https:\/\/zakrasnejsivimperk.cz\/wp-content\/uploads\/2022\/08\/28\/park-nov\u00e1-v\u00fdsadba-7-1024x964.jpg 1024w, https:\/\/zakrasnejsivimperk.cz\/wp-content\/uploads\/2022\/08\/28\/park-nov\u00e1-v\u00fdsadba-7-379x357.jpg 379w, https:\/\/zakrasnejsivimperk.cz\/wp-content\/uploads\/2022\/08\/28\/park-nov\u00e1-v\u00fdsadba-7-513x483.jpg 513w\" sizes=\"(max-width: 1100px) 100vw, 1100px\" \/><\/p>\n<p>&nbsp;<\/p>\n<p><strong>Foto: (red) &#8211; Za kr\u00e1sn\u011bj\u0161\u00ed Vimperk\u00a0<\/strong><\/p>\n<p>&nbsp;<\/p>\n<h6><strong>Informovali jsme:<\/strong><\/h6>\n<h4><a href=\"https:\/\/zakrasnejsivimperk.cz\/?p=261648\" target=\"_blank\" rel=\"noopener\">NA\u0160E M\u011aSTO VIMPERK: V\u00fdsadba nov\u00e9 zelen\u011b na okraji m\u011bstsk\u00e9ho parku (26. srpna)<\/a><\/h4>\n<h4><a href=\"https:\/\/zakrasnejsivimperk.cz\/?p=261541\" target=\"_blank\" rel=\"noopener\">NA\u0160E M\u011aSTO VIMPERK: Likvidace zelen\u011b ze z\u00e1honu na okraji m\u011bstsk\u00e9ho parku (25. srpna)<\/a><\/h4>\n<hr \/>\n<p>&nbsp;<\/p>\n<p>&nbsp;<\/p>\n","protected":false},"excerpt":{"rendered":"<p>&nbsp; Aktualizace <\/p>\n","protected":false},"author":2,"featured_media":261713,"comment_status":"open","ping_status":"open","sticky":false,"template":"","format":"gallery","meta":{"footnotes":""},"categories":[119,108],"tags":[],"jetpack_featured_media_url":"https:\/\/zakrasnejsivimperk.cz\/wp-content\/uploads\/2022\/08\/28\/r\u00e1m-hotovo.jpg","_links":{"self":[{"href":"https:\/\/zakrasnejsivimperk.cz\/index.php?rest_route=\/wp\/v2\/posts\/261702"}],"collection":[{"href":"https:\/\/zakrasnejsivimperk.cz\/index.php?rest_route=\/wp\/v2\/posts"}],"about":[{"href":"https:\/\/zakrasnejsivimperk.cz\/index.php?rest_route=\/wp\/v2\/types\/post"}],"author":[{"embeddable":true,"href":"https:\/\/zakrasnejsivimperk.cz\/index.php?rest_route=\/wp\/v2\/users\/2"}],"replies":[{"embeddable":true,"href":"https:\/\/zakrasnejsivimperk.cz\/index.php?rest_route=%2Fwp%2Fv2%2Fcomments&post=261702"}],"version-history":[{"count":3,"href":"https:\/\/zakrasnejsivimperk.cz\/index.php?rest_route=\/wp\/v2\/posts\/261702\/revisions"}],"predecessor-version":[{"id":262074,"href":"https:\/\/zakrasnejsivimperk.cz\/index.php?rest_route=\/wp\/v2\/posts\/261702\/revisions\/262074"}],"wp:featuredmedia":[{"embeddable":true,"href":"https:\/\/zakrasnejsivimperk.cz\/index.php?rest_route=\/wp\/v2\/media\/261713"}],"wp:attachment":[{"href":"https:\/\/zakrasnejsivimperk.cz\/index.php?rest_route=%2Fwp%2Fv2%2Fmedia&parent=261702"}],"wp:term":[{"taxonomy":"category","embeddable":true,"href":"https:\/\/zakrasnejsivimperk.cz\/index.php?rest_route=%2Fwp%2Fv2%2Fcategories&post=261702"},{"taxonomy":"post_tag","embeddable":true,"href":"https:\/\/zakrasnejsivimperk.cz\/index.php?rest_route=%2Fwp%2Fv2%2Ftags&post=261702"}],"curies":[{"name":"wp","href":"https:\/\/api.w.org\/{rel}","templated":true}]}}