{"id":261648,"date":"2022-08-26T10:31:29","date_gmt":"2022-08-26T09:31:29","guid":{"rendered":"https:\/\/zakrasnejsivimperk.cz\/?p=261648"},"modified":"2022-08-28T12:46:01","modified_gmt":"2022-08-28T11:46:01","slug":"nase-mesto-vimperk-vysadba-nove-zelene-na-okraji-mestskeho-parku-26-srpna-2022","status":"publish","type":"post","link":"https:\/\/zakrasnejsivimperk.cz\/?p=261648","title":{"rendered":"NA\u0160E M\u011aSTO VIMPERK: V\u00fdsadba nov\u00e9 zelen\u011b na okraji m\u011bstsk\u00e9ho parku (26. srpna)"},"content":{"rendered":"<p><img loading=\"lazy\" decoding=\"async\" class=\"aligncenter wp-image-249847 size-full\" src=\"https:\/\/zakrasnejsivimperk.cz\/wp-content\/uploads\/2022\/03\/19\/Logo-fb.jpg\" alt=\"\" width=\"800\" height=\"324\" srcset=\"https:\/\/zakrasnejsivimperk.cz\/wp-content\/uploads\/2022\/03\/19\/Logo-fb.jpg 800w, https:\/\/zakrasnejsivimperk.cz\/wp-content\/uploads\/2022\/03\/19\/Logo-fb-300x122.jpg 300w, https:\/\/zakrasnejsivimperk.cz\/wp-content\/uploads\/2022\/03\/19\/Logo-fb-768x311.jpg 768w\" sizes=\"(max-width: 800px) 100vw, 800px\" \/><\/p>\n<hr \/>\n<p>&nbsp;<\/p>\n<p>&nbsp;<\/p>\n<p><img loading=\"lazy\" decoding=\"async\" class=\"aligncenter wp-image-261650 size-full\" src=\"https:\/\/zakrasnejsivimperk.cz\/wp-content\/uploads\/2022\/08\/26\/v\u00fdsadba-zelen\u011b-260822-2.jpg\" alt=\"\" width=\"1100\" height=\"634\" srcset=\"https:\/\/zakrasnejsivimperk.cz\/wp-content\/uploads\/2022\/08\/26\/v\u00fdsadba-zelen\u011b-260822-2.jpg 1100w, https:\/\/zakrasnejsivimperk.cz\/wp-content\/uploads\/2022\/08\/26\/v\u00fdsadba-zelen\u011b-260822-2-300x173.jpg 300w, https:\/\/zakrasnejsivimperk.cz\/wp-content\/uploads\/2022\/08\/26\/v\u00fdsadba-zelen\u011b-260822-2-768x443.jpg 768w, https:\/\/zakrasnejsivimperk.cz\/wp-content\/uploads\/2022\/08\/26\/v\u00fdsadba-zelen\u011b-260822-2-1024x590.jpg 1024w, https:\/\/zakrasnejsivimperk.cz\/wp-content\/uploads\/2022\/08\/26\/v\u00fdsadba-zelen\u011b-260822-2-619x357.jpg 619w, https:\/\/zakrasnejsivimperk.cz\/wp-content\/uploads\/2022\/08\/26\/v\u00fdsadba-zelen\u011b-260822-2-838x483.jpg 838w\" sizes=\"(max-width: 1100px) 100vw, 1100px\" \/><\/p>\n<p>&nbsp;<\/p>\n<p>&nbsp;<\/p>\n<p><img loading=\"lazy\" decoding=\"async\" class=\"aligncenter wp-image-261651 size-full\" src=\"https:\/\/zakrasnejsivimperk.cz\/wp-content\/uploads\/2022\/08\/26\/v\u00fdsadba-zelen\u011b-260822-3.jpg\" alt=\"\" width=\"1100\" height=\"631\" srcset=\"https:\/\/zakrasnejsivimperk.cz\/wp-content\/uploads\/2022\/08\/26\/v\u00fdsadba-zelen\u011b-260822-3.jpg 1100w, https:\/\/zakrasnejsivimperk.cz\/wp-content\/uploads\/2022\/08\/26\/v\u00fdsadba-zelen\u011b-260822-3-300x172.jpg 300w, https:\/\/zakrasnejsivimperk.cz\/wp-content\/uploads\/2022\/08\/26\/v\u00fdsadba-zelen\u011b-260822-3-768x441.jpg 768w, https:\/\/zakrasnejsivimperk.cz\/wp-content\/uploads\/2022\/08\/26\/v\u00fdsadba-zelen\u011b-260822-3-1024x587.jpg 1024w, https:\/\/zakrasnejsivimperk.cz\/wp-content\/uploads\/2022\/08\/26\/v\u00fdsadba-zelen\u011b-260822-3-622x357.jpg 622w, https:\/\/zakrasnejsivimperk.cz\/wp-content\/uploads\/2022\/08\/26\/v\u00fdsadba-zelen\u011b-260822-3-842x483.jpg 842w\" sizes=\"(max-width: 1100px) 100vw, 1100px\" \/><\/p>\n<p>&nbsp;<\/p>\n<p>&nbsp;<\/p>\n<p><img loading=\"lazy\" decoding=\"async\" class=\"aligncenter wp-image-261652 size-full\" src=\"https:\/\/zakrasnejsivimperk.cz\/wp-content\/uploads\/2022\/08\/26\/v\u00fdsadba-zelen\u011b-260822-4.jpg\" alt=\"\" width=\"1100\" height=\"672\" srcset=\"https:\/\/zakrasnejsivimperk.cz\/wp-content\/uploads\/2022\/08\/26\/v\u00fdsadba-zelen\u011b-260822-4.jpg 1100w, https:\/\/zakrasnejsivimperk.cz\/wp-content\/uploads\/2022\/08\/26\/v\u00fdsadba-zelen\u011b-260822-4-300x183.jpg 300w, https:\/\/zakrasnejsivimperk.cz\/wp-content\/uploads\/2022\/08\/26\/v\u00fdsadba-zelen\u011b-260822-4-768x469.jpg 768w, https:\/\/zakrasnejsivimperk.cz\/wp-content\/uploads\/2022\/08\/26\/v\u00fdsadba-zelen\u011b-260822-4-1024x626.jpg 1024w, https:\/\/zakrasnejsivimperk.cz\/wp-content\/uploads\/2022\/08\/26\/v\u00fdsadba-zelen\u011b-260822-4-584x357.jpg 584w, https:\/\/zakrasnejsivimperk.cz\/wp-content\/uploads\/2022\/08\/26\/v\u00fdsadba-zelen\u011b-260822-4-791x483.jpg 791w\" sizes=\"(max-width: 1100px) 100vw, 1100px\" \/><\/p>\n<p>&nbsp;<\/p>\n<p>&nbsp;<\/p>\n<p><img loading=\"lazy\" decoding=\"async\" class=\"aligncenter wp-image-261649 size-full\" src=\"https:\/\/zakrasnejsivimperk.cz\/wp-content\/uploads\/2022\/08\/26\/v\u00fdsadba-zelen\u011b-260822-1.jpg\" alt=\"\" width=\"1100\" height=\"612\" srcset=\"https:\/\/zakrasnejsivimperk.cz\/wp-content\/uploads\/2022\/08\/26\/v\u00fdsadba-zelen\u011b-260822-1.jpg 1100w, https:\/\/zakrasnejsivimperk.cz\/wp-content\/uploads\/2022\/08\/26\/v\u00fdsadba-zelen\u011b-260822-1-300x167.jpg 300w, https:\/\/zakrasnejsivimperk.cz\/wp-content\/uploads\/2022\/08\/26\/v\u00fdsadba-zelen\u011b-260822-1-768x427.jpg 768w, https:\/\/zakrasnejsivimperk.cz\/wp-content\/uploads\/2022\/08\/26\/v\u00fdsadba-zelen\u011b-260822-1-1024x570.jpg 1024w, https:\/\/zakrasnejsivimperk.cz\/wp-content\/uploads\/2022\/08\/26\/v\u00fdsadba-zelen\u011b-260822-1-642x357.jpg 642w, https:\/\/zakrasnejsivimperk.cz\/wp-content\/uploads\/2022\/08\/26\/v\u00fdsadba-zelen\u011b-260822-1-868x483.jpg 868w\" sizes=\"(max-width: 1100px) 100vw, 1100px\" \/><\/p>\n<p>&nbsp;<\/p>\n<p><strong>Foto: (red) &#8211; Za kr\u00e1sn\u011bj\u0161\u00ed Vimperk<\/strong><\/p>\n<p>&nbsp;<\/p>\n<h6><strong>Informovali jsme:<\/strong><\/h6>\n<h4><a href=\"https:\/\/zakrasnejsivimperk.cz\/?p=261541\" target=\"_blank\" rel=\"noopener\">NA\u0160E M\u011aSTO VIMPERK: Likvidace zelen\u011b ze z\u00e1honu na okraji m\u011bstsk\u00e9ho parku (25. srpna)<\/a><\/h4>\n<p>&nbsp;<\/p>\n<hr \/>\n<p>&nbsp;<\/p>\n<p>&nbsp;<\/p>\n<p>&nbsp;<\/p>\n","protected":false},"excerpt":{"rendered":"<p>&nbsp; &nbsp; <\/p>\n","protected":false},"author":2,"featured_media":261653,"comment_status":"open","ping_status":"open","sticky":false,"template":"","format":"gallery","meta":{"footnotes":""},"categories":[119,108],"tags":[],"jetpack_featured_media_url":"https:\/\/zakrasnejsivimperk.cz\/wp-content\/uploads\/2022\/08\/26\/r\u00e1m-v\u00fdsadba.jpg","_links":{"self":[{"href":"https:\/\/zakrasnejsivimperk.cz\/index.php?rest_route=\/wp\/v2\/posts\/261648"}],"collection":[{"href":"https:\/\/zakrasnejsivimperk.cz\/index.php?rest_route=\/wp\/v2\/posts"}],"about":[{"href":"https:\/\/zakrasnejsivimperk.cz\/index.php?rest_route=\/wp\/v2\/types\/post"}],"author":[{"embeddable":true,"href":"https:\/\/zakrasnejsivimperk.cz\/index.php?rest_route=\/wp\/v2\/users\/2"}],"replies":[{"embeddable":true,"href":"https:\/\/zakrasnejsivimperk.cz\/index.php?rest_route=%2Fwp%2Fv2%2Fcomments&post=261648"}],"version-history":[{"count":2,"href":"https:\/\/zakrasnejsivimperk.cz\/index.php?rest_route=\/wp\/v2\/posts\/261648\/revisions"}],"predecessor-version":[{"id":261710,"href":"https:\/\/zakrasnejsivimperk.cz\/index.php?rest_route=\/wp\/v2\/posts\/261648\/revisions\/261710"}],"wp:featuredmedia":[{"embeddable":true,"href":"https:\/\/zakrasnejsivimperk.cz\/index.php?rest_route=\/wp\/v2\/media\/261653"}],"wp:attachment":[{"href":"https:\/\/zakrasnejsivimperk.cz\/index.php?rest_route=%2Fwp%2Fv2%2Fmedia&parent=261648"}],"wp:term":[{"taxonomy":"category","embeddable":true,"href":"https:\/\/zakrasnejsivimperk.cz\/index.php?rest_route=%2Fwp%2Fv2%2Fcategories&post=261648"},{"taxonomy":"post_tag","embeddable":true,"href":"https:\/\/zakrasnejsivimperk.cz\/index.php?rest_route=%2Fwp%2Fv2%2Ftags&post=261648"}],"curies":[{"name":"wp","href":"https:\/\/api.w.org\/{rel}","templated":true}]}}