{"id":261622,"date":"2022-08-30T13:32:38","date_gmt":"2022-08-30T12:32:38","guid":{"rendered":"https:\/\/zakrasnejsivimperk.cz\/?p=261622"},"modified":"2022-08-31T13:12:05","modified_gmt":"2022-08-31T12:12:05","slug":"nase-mesto-vimperk-na-stavbe-terenni-upravy-u-zimniho-stadionu-pro-nova-parkovaci-mista-25-srpna-2022","status":"publish","type":"post","link":"https:\/\/zakrasnejsivimperk.cz\/?p=261622","title":{"rendered":"NA\u0160E M\u011aSTO VIMPERK: Na stavb\u011b \u2013 ter\u00e9nn\u00ed \u00fapravy u zimn\u00edho stadionu pro nov\u00e1 parkovac\u00ed m\u00edsta (25. srpna 2022)"},"content":{"rendered":"<p><img loading=\"lazy\" decoding=\"async\" class=\"aligncenter wp-image-249847 size-full\" src=\"https:\/\/zakrasnejsivimperk.cz\/wp-content\/uploads\/2022\/03\/19\/Logo-fb.jpg\" alt=\"\" width=\"800\" height=\"324\" srcset=\"https:\/\/zakrasnejsivimperk.cz\/wp-content\/uploads\/2022\/03\/19\/Logo-fb.jpg 800w, https:\/\/zakrasnejsivimperk.cz\/wp-content\/uploads\/2022\/03\/19\/Logo-fb-300x122.jpg 300w, https:\/\/zakrasnejsivimperk.cz\/wp-content\/uploads\/2022\/03\/19\/Logo-fb-768x311.jpg 768w\" sizes=\"(max-width: 800px) 100vw, 800px\" \/><\/p>\n<hr \/>\n<p>&nbsp;<\/p>\n<p>&nbsp;<\/p>\n<p><img loading=\"lazy\" decoding=\"async\" class=\"aligncenter wp-image-261623 size-full\" src=\"https:\/\/zakrasnejsivimperk.cz\/wp-content\/uploads\/2022\/08\/25\/parkovi\u0161t\u011b-zs-250822-1.jpg\" alt=\"\" width=\"1100\" height=\"584\" srcset=\"https:\/\/zakrasnejsivimperk.cz\/wp-content\/uploads\/2022\/08\/25\/parkovi\u0161t\u011b-zs-250822-1.jpg 1100w, https:\/\/zakrasnejsivimperk.cz\/wp-content\/uploads\/2022\/08\/25\/parkovi\u0161t\u011b-zs-250822-1-300x159.jpg 300w, https:\/\/zakrasnejsivimperk.cz\/wp-content\/uploads\/2022\/08\/25\/parkovi\u0161t\u011b-zs-250822-1-768x408.jpg 768w, https:\/\/zakrasnejsivimperk.cz\/wp-content\/uploads\/2022\/08\/25\/parkovi\u0161t\u011b-zs-250822-1-1024x544.jpg 1024w, https:\/\/zakrasnejsivimperk.cz\/wp-content\/uploads\/2022\/08\/25\/parkovi\u0161t\u011b-zs-250822-1-672x357.jpg 672w, https:\/\/zakrasnejsivimperk.cz\/wp-content\/uploads\/2022\/08\/25\/parkovi\u0161t\u011b-zs-250822-1-910x483.jpg 910w\" sizes=\"(max-width: 1100px) 100vw, 1100px\" \/><\/p>\n<p>&nbsp;<\/p>\n<p>&nbsp;<\/p>\n<p><img loading=\"lazy\" decoding=\"async\" class=\"aligncenter wp-image-261624 size-full\" src=\"https:\/\/zakrasnejsivimperk.cz\/wp-content\/uploads\/2022\/08\/25\/parkovi\u0161t\u011b-zs-250822-2.jpg\" alt=\"\" width=\"1100\" height=\"544\" srcset=\"https:\/\/zakrasnejsivimperk.cz\/wp-content\/uploads\/2022\/08\/25\/parkovi\u0161t\u011b-zs-250822-2.jpg 1100w, https:\/\/zakrasnejsivimperk.cz\/wp-content\/uploads\/2022\/08\/25\/parkovi\u0161t\u011b-zs-250822-2-300x148.jpg 300w, https:\/\/zakrasnejsivimperk.cz\/wp-content\/uploads\/2022\/08\/25\/parkovi\u0161t\u011b-zs-250822-2-768x380.jpg 768w, https:\/\/zakrasnejsivimperk.cz\/wp-content\/uploads\/2022\/08\/25\/parkovi\u0161t\u011b-zs-250822-2-1024x506.jpg 1024w, https:\/\/zakrasnejsivimperk.cz\/wp-content\/uploads\/2022\/08\/25\/parkovi\u0161t\u011b-zs-250822-2-722x357.jpg 722w, https:\/\/zakrasnejsivimperk.cz\/wp-content\/uploads\/2022\/08\/25\/parkovi\u0161t\u011b-zs-250822-2-977x483.jpg 977w\" sizes=\"(max-width: 1100px) 100vw, 1100px\" \/><\/p>\n<p>&nbsp;<\/p>\n<p>&nbsp;<\/p>\n<p><img loading=\"lazy\" decoding=\"async\" class=\"aligncenter wp-image-261625 size-full\" src=\"https:\/\/zakrasnejsivimperk.cz\/wp-content\/uploads\/2022\/08\/25\/parkovi\u0161t\u011b-zs-250822-3.jpg\" alt=\"\" width=\"1100\" height=\"473\" srcset=\"https:\/\/zakrasnejsivimperk.cz\/wp-content\/uploads\/2022\/08\/25\/parkovi\u0161t\u011b-zs-250822-3.jpg 1100w, https:\/\/zakrasnejsivimperk.cz\/wp-content\/uploads\/2022\/08\/25\/parkovi\u0161t\u011b-zs-250822-3-300x129.jpg 300w, https:\/\/zakrasnejsivimperk.cz\/wp-content\/uploads\/2022\/08\/25\/parkovi\u0161t\u011b-zs-250822-3-768x330.jpg 768w, https:\/\/zakrasnejsivimperk.cz\/wp-content\/uploads\/2022\/08\/25\/parkovi\u0161t\u011b-zs-250822-3-1024x440.jpg 1024w, https:\/\/zakrasnejsivimperk.cz\/wp-content\/uploads\/2022\/08\/25\/parkovi\u0161t\u011b-zs-250822-3-830x357.jpg 830w\" sizes=\"(max-width: 1100px) 100vw, 1100px\" \/><\/p>\n<p>&nbsp;<\/p>\n<p>&nbsp;<\/p>\n<p><img loading=\"lazy\" decoding=\"async\" class=\"aligncenter wp-image-261626 size-full\" src=\"https:\/\/zakrasnejsivimperk.cz\/wp-content\/uploads\/2022\/08\/25\/parkovi\u0161t\u011b-zs-250822-4.jpg\" alt=\"\" width=\"907\" height=\"1100\" srcset=\"https:\/\/zakrasnejsivimperk.cz\/wp-content\/uploads\/2022\/08\/25\/parkovi\u0161t\u011b-zs-250822-4.jpg 907w, https:\/\/zakrasnejsivimperk.cz\/wp-content\/uploads\/2022\/08\/25\/parkovi\u0161t\u011b-zs-250822-4-247x300.jpg 247w, https:\/\/zakrasnejsivimperk.cz\/wp-content\/uploads\/2022\/08\/25\/parkovi\u0161t\u011b-zs-250822-4-768x931.jpg 768w, https:\/\/zakrasnejsivimperk.cz\/wp-content\/uploads\/2022\/08\/25\/parkovi\u0161t\u011b-zs-250822-4-844x1024.jpg 844w, https:\/\/zakrasnejsivimperk.cz\/wp-content\/uploads\/2022\/08\/25\/parkovi\u0161t\u011b-zs-250822-4-294x357.jpg 294w, https:\/\/zakrasnejsivimperk.cz\/wp-content\/uploads\/2022\/08\/25\/parkovi\u0161t\u011b-zs-250822-4-398x483.jpg 398w\" sizes=\"(max-width: 907px) 100vw, 907px\" \/><\/p>\n<p>&nbsp;<\/p>\n<p>&nbsp;<\/p>\n<p><img loading=\"lazy\" decoding=\"async\" class=\"aligncenter wp-image-261627 size-full\" src=\"https:\/\/zakrasnejsivimperk.cz\/wp-content\/uploads\/2022\/08\/25\/parkovi\u0161t\u011b-zs-250822-5.jpg\" alt=\"\" width=\"1100\" height=\"674\" srcset=\"https:\/\/zakrasnejsivimperk.cz\/wp-content\/uploads\/2022\/08\/25\/parkovi\u0161t\u011b-zs-250822-5.jpg 1100w, https:\/\/zakrasnejsivimperk.cz\/wp-content\/uploads\/2022\/08\/25\/parkovi\u0161t\u011b-zs-250822-5-300x184.jpg 300w, https:\/\/zakrasnejsivimperk.cz\/wp-content\/uploads\/2022\/08\/25\/parkovi\u0161t\u011b-zs-250822-5-768x471.jpg 768w, https:\/\/zakrasnejsivimperk.cz\/wp-content\/uploads\/2022\/08\/25\/parkovi\u0161t\u011b-zs-250822-5-1024x627.jpg 1024w, https:\/\/zakrasnejsivimperk.cz\/wp-content\/uploads\/2022\/08\/25\/parkovi\u0161t\u011b-zs-250822-5-583x357.jpg 583w, https:\/\/zakrasnejsivimperk.cz\/wp-content\/uploads\/2022\/08\/25\/parkovi\u0161t\u011b-zs-250822-5-788x483.jpg 788w\" sizes=\"(max-width: 1100px) 100vw, 1100px\" \/><\/p>\n<p>&nbsp;<\/p>\n<p>&nbsp;<\/p>\n<p><img loading=\"lazy\" decoding=\"async\" class=\"aligncenter wp-image-261628 size-full\" src=\"https:\/\/zakrasnejsivimperk.cz\/wp-content\/uploads\/2022\/08\/25\/parkovi\u0161t\u011b-zs-250822-6.jpg\" alt=\"\" width=\"1100\" height=\"670\" srcset=\"https:\/\/zakrasnejsivimperk.cz\/wp-content\/uploads\/2022\/08\/25\/parkovi\u0161t\u011b-zs-250822-6.jpg 1100w, https:\/\/zakrasnejsivimperk.cz\/wp-content\/uploads\/2022\/08\/25\/parkovi\u0161t\u011b-zs-250822-6-300x183.jpg 300w, https:\/\/zakrasnejsivimperk.cz\/wp-content\/uploads\/2022\/08\/25\/parkovi\u0161t\u011b-zs-250822-6-768x468.jpg 768w, https:\/\/zakrasnejsivimperk.cz\/wp-content\/uploads\/2022\/08\/25\/parkovi\u0161t\u011b-zs-250822-6-1024x624.jpg 1024w, https:\/\/zakrasnejsivimperk.cz\/wp-content\/uploads\/2022\/08\/25\/parkovi\u0161t\u011b-zs-250822-6-586x357.jpg 586w, https:\/\/zakrasnejsivimperk.cz\/wp-content\/uploads\/2022\/08\/25\/parkovi\u0161t\u011b-zs-250822-6-793x483.jpg 793w\" sizes=\"(max-width: 1100px) 100vw, 1100px\" \/><\/p>\n<p>&nbsp;<\/p>\n<p>&nbsp;<\/p>\n<p><img loading=\"lazy\" decoding=\"async\" class=\"aligncenter wp-image-261629 size-full\" src=\"https:\/\/zakrasnejsivimperk.cz\/wp-content\/uploads\/2022\/08\/25\/parkovi\u0161t\u011b-zs-250822-7.jpg\" alt=\"\" width=\"1100\" height=\"662\" srcset=\"https:\/\/zakrasnejsivimperk.cz\/wp-content\/uploads\/2022\/08\/25\/parkovi\u0161t\u011b-zs-250822-7.jpg 1100w, https:\/\/zakrasnejsivimperk.cz\/wp-content\/uploads\/2022\/08\/25\/parkovi\u0161t\u011b-zs-250822-7-300x181.jpg 300w, https:\/\/zakrasnejsivimperk.cz\/wp-content\/uploads\/2022\/08\/25\/parkovi\u0161t\u011b-zs-250822-7-768x462.jpg 768w, https:\/\/zakrasnejsivimperk.cz\/wp-content\/uploads\/2022\/08\/25\/parkovi\u0161t\u011b-zs-250822-7-1024x616.jpg 1024w, https:\/\/zakrasnejsivimperk.cz\/wp-content\/uploads\/2022\/08\/25\/parkovi\u0161t\u011b-zs-250822-7-593x357.jpg 593w, https:\/\/zakrasnejsivimperk.cz\/wp-content\/uploads\/2022\/08\/25\/parkovi\u0161t\u011b-zs-250822-7-803x483.jpg 803w\" sizes=\"(max-width: 1100px) 100vw, 1100px\" \/><\/p>\n<p>&nbsp;<\/p>\n<p>&nbsp;<\/p>\n<p><img loading=\"lazy\" decoding=\"async\" class=\"aligncenter wp-image-261631 size-full\" src=\"https:\/\/zakrasnejsivimperk.cz\/wp-content\/uploads\/2022\/08\/25\/parkovi\u0161t\u011b-zs-250822-9.jpg\" alt=\"\" width=\"1100\" height=\"551\" srcset=\"https:\/\/zakrasnejsivimperk.cz\/wp-content\/uploads\/2022\/08\/25\/parkovi\u0161t\u011b-zs-250822-9.jpg 1100w, https:\/\/zakrasnejsivimperk.cz\/wp-content\/uploads\/2022\/08\/25\/parkovi\u0161t\u011b-zs-250822-9-300x150.jpg 300w, https:\/\/zakrasnejsivimperk.cz\/wp-content\/uploads\/2022\/08\/25\/parkovi\u0161t\u011b-zs-250822-9-768x385.jpg 768w, https:\/\/zakrasnejsivimperk.cz\/wp-content\/uploads\/2022\/08\/25\/parkovi\u0161t\u011b-zs-250822-9-1024x513.jpg 1024w, https:\/\/zakrasnejsivimperk.cz\/wp-content\/uploads\/2022\/08\/25\/parkovi\u0161t\u011b-zs-250822-9-713x357.jpg 713w, https:\/\/zakrasnejsivimperk.cz\/wp-content\/uploads\/2022\/08\/25\/parkovi\u0161t\u011b-zs-250822-9-964x483.jpg 964w\" sizes=\"(max-width: 1100px) 100vw, 1100px\" \/><\/p>\n<p>&nbsp;<\/p>\n<p>&nbsp;<\/p>\n<p><img loading=\"lazy\" decoding=\"async\" class=\"aligncenter wp-image-261632 size-full\" src=\"https:\/\/zakrasnejsivimperk.cz\/wp-content\/uploads\/2022\/08\/25\/parkovi\u0161t\u011b-zs-250822-10.jpg\" alt=\"\" width=\"1100\" height=\"655\" srcset=\"https:\/\/zakrasnejsivimperk.cz\/wp-content\/uploads\/2022\/08\/25\/parkovi\u0161t\u011b-zs-250822-10.jpg 1100w, https:\/\/zakrasnejsivimperk.cz\/wp-content\/uploads\/2022\/08\/25\/parkovi\u0161t\u011b-zs-250822-10-300x179.jpg 300w, https:\/\/zakrasnejsivimperk.cz\/wp-content\/uploads\/2022\/08\/25\/parkovi\u0161t\u011b-zs-250822-10-768x457.jpg 768w, https:\/\/zakrasnejsivimperk.cz\/wp-content\/uploads\/2022\/08\/25\/parkovi\u0161t\u011b-zs-250822-10-1024x610.jpg 1024w, https:\/\/zakrasnejsivimperk.cz\/wp-content\/uploads\/2022\/08\/25\/parkovi\u0161t\u011b-zs-250822-10-600x357.jpg 600w, https:\/\/zakrasnejsivimperk.cz\/wp-content\/uploads\/2022\/08\/25\/parkovi\u0161t\u011b-zs-250822-10-811x483.jpg 811w\" sizes=\"(max-width: 1100px) 100vw, 1100px\" \/><\/p>\n<p>&nbsp;<\/p>\n<p><strong>Foto: (red) &#8211; Za kr\u00e1sn\u011bj\u0161\u00ed Vimperk\u00a0<\/strong><\/p>\n<hr \/>\n<p>&nbsp;<\/p>\n<p>&nbsp;<\/p>\n","protected":false},"excerpt":{"rendered":"<p>&nbsp; &nbsp; <\/p>\n","protected":false},"author":2,"featured_media":261633,"comment_status":"open","ping_status":"open","sticky":false,"template":"","format":"gallery","meta":{"footnotes":""},"categories":[119,108],"tags":[],"jetpack_featured_media_url":"https:\/\/zakrasnejsivimperk.cz\/wp-content\/uploads\/2022\/08\/25\/r\u00e1m-na-stavb\u011b.jpg","_links":{"self":[{"href":"https:\/\/zakrasnejsivimperk.cz\/index.php?rest_route=\/wp\/v2\/posts\/261622"}],"collection":[{"href":"https:\/\/zakrasnejsivimperk.cz\/index.php?rest_route=\/wp\/v2\/posts"}],"about":[{"href":"https:\/\/zakrasnejsivimperk.cz\/index.php?rest_route=\/wp\/v2\/types\/post"}],"author":[{"embeddable":true,"href":"https:\/\/zakrasnejsivimperk.cz\/index.php?rest_route=\/wp\/v2\/users\/2"}],"replies":[{"embeddable":true,"href":"https:\/\/zakrasnejsivimperk.cz\/index.php?rest_route=%2Fwp%2Fv2%2Fcomments&post=261622"}],"version-history":[{"count":2,"href":"https:\/\/zakrasnejsivimperk.cz\/index.php?rest_route=\/wp\/v2\/posts\/261622\/revisions"}],"predecessor-version":[{"id":261953,"href":"https:\/\/zakrasnejsivimperk.cz\/index.php?rest_route=\/wp\/v2\/posts\/261622\/revisions\/261953"}],"wp:featuredmedia":[{"embeddable":true,"href":"https:\/\/zakrasnejsivimperk.cz\/index.php?rest_route=\/wp\/v2\/media\/261633"}],"wp:attachment":[{"href":"https:\/\/zakrasnejsivimperk.cz\/index.php?rest_route=%2Fwp%2Fv2%2Fmedia&parent=261622"}],"wp:term":[{"taxonomy":"category","embeddable":true,"href":"https:\/\/zakrasnejsivimperk.cz\/index.php?rest_route=%2Fwp%2Fv2%2Fcategories&post=261622"},{"taxonomy":"post_tag","embeddable":true,"href":"https:\/\/zakrasnejsivimperk.cz\/index.php?rest_route=%2Fwp%2Fv2%2Ftags&post=261622"}],"curies":[{"name":"wp","href":"https:\/\/api.w.org\/{rel}","templated":true}]}}