{"id":261541,"date":"2022-08-25T12:35:23","date_gmt":"2022-08-25T11:35:23","guid":{"rendered":"https:\/\/zakrasnejsivimperk.cz\/?p=261541"},"modified":"2022-08-26T10:31:41","modified_gmt":"2022-08-26T09:31:41","slug":"nase-mesto-vimperk-likvidace-zelene-ze-zahonu-na-okraji-mestskeho-parku-25-srpna","status":"publish","type":"post","link":"https:\/\/zakrasnejsivimperk.cz\/?p=261541","title":{"rendered":"NA\u0160E M\u011aSTO VIMPERK: Likvidace zelen\u011b ze z\u00e1honu na okraji m\u011bstsk\u00e9ho parku (25. srpna)"},"content":{"rendered":"<p><img loading=\"lazy\" decoding=\"async\" class=\"aligncenter wp-image-249847 size-full\" src=\"https:\/\/zakrasnejsivimperk.cz\/wp-content\/uploads\/2022\/03\/19\/Logo-fb.jpg\" alt=\"\" width=\"800\" height=\"324\" srcset=\"https:\/\/zakrasnejsivimperk.cz\/wp-content\/uploads\/2022\/03\/19\/Logo-fb.jpg 800w, https:\/\/zakrasnejsivimperk.cz\/wp-content\/uploads\/2022\/03\/19\/Logo-fb-300x122.jpg 300w, https:\/\/zakrasnejsivimperk.cz\/wp-content\/uploads\/2022\/03\/19\/Logo-fb-768x311.jpg 768w\" sizes=\"(max-width: 800px) 100vw, 800px\" \/><\/p>\n<hr \/>\n<p>&nbsp;<\/p>\n<p>&nbsp;<\/p>\n<p><img loading=\"lazy\" decoding=\"async\" class=\"aligncenter wp-image-261542 size-full\" src=\"https:\/\/zakrasnejsivimperk.cz\/wp-content\/uploads\/2022\/08\/25\/likvidace-zelen\u011b-250822-1.jpg\" alt=\"\" width=\"1100\" height=\"694\" srcset=\"https:\/\/zakrasnejsivimperk.cz\/wp-content\/uploads\/2022\/08\/25\/likvidace-zelen\u011b-250822-1.jpg 1100w, https:\/\/zakrasnejsivimperk.cz\/wp-content\/uploads\/2022\/08\/25\/likvidace-zelen\u011b-250822-1-300x189.jpg 300w, https:\/\/zakrasnejsivimperk.cz\/wp-content\/uploads\/2022\/08\/25\/likvidace-zelen\u011b-250822-1-768x485.jpg 768w, https:\/\/zakrasnejsivimperk.cz\/wp-content\/uploads\/2022\/08\/25\/likvidace-zelen\u011b-250822-1-1024x646.jpg 1024w, https:\/\/zakrasnejsivimperk.cz\/wp-content\/uploads\/2022\/08\/25\/likvidace-zelen\u011b-250822-1-566x357.jpg 566w, https:\/\/zakrasnejsivimperk.cz\/wp-content\/uploads\/2022\/08\/25\/likvidace-zelen\u011b-250822-1-766x483.jpg 766w\" sizes=\"(max-width: 1100px) 100vw, 1100px\" \/><\/p>\n<p>&nbsp;<\/p>\n<p>&nbsp;<\/p>\n<p><img loading=\"lazy\" decoding=\"async\" class=\"aligncenter wp-image-261543 size-full\" src=\"https:\/\/zakrasnejsivimperk.cz\/wp-content\/uploads\/2022\/08\/25\/likvidace-zelen\u011b-250822-2.jpg\" alt=\"\" width=\"1100\" height=\"521\" srcset=\"https:\/\/zakrasnejsivimperk.cz\/wp-content\/uploads\/2022\/08\/25\/likvidace-zelen\u011b-250822-2.jpg 1100w, https:\/\/zakrasnejsivimperk.cz\/wp-content\/uploads\/2022\/08\/25\/likvidace-zelen\u011b-250822-2-300x142.jpg 300w, https:\/\/zakrasnejsivimperk.cz\/wp-content\/uploads\/2022\/08\/25\/likvidace-zelen\u011b-250822-2-768x364.jpg 768w, https:\/\/zakrasnejsivimperk.cz\/wp-content\/uploads\/2022\/08\/25\/likvidace-zelen\u011b-250822-2-1024x485.jpg 1024w, https:\/\/zakrasnejsivimperk.cz\/wp-content\/uploads\/2022\/08\/25\/likvidace-zelen\u011b-250822-2-754x357.jpg 754w, https:\/\/zakrasnejsivimperk.cz\/wp-content\/uploads\/2022\/08\/25\/likvidace-zelen\u011b-250822-2-1020x483.jpg 1020w\" sizes=\"(max-width: 1100px) 100vw, 1100px\" \/><\/p>\n<p>&nbsp;<\/p>\n<p>&nbsp;<\/p>\n<p><img loading=\"lazy\" decoding=\"async\" class=\"aligncenter wp-image-261544 size-full\" src=\"https:\/\/zakrasnejsivimperk.cz\/wp-content\/uploads\/2022\/08\/25\/likvidace-zelen\u011b-250822-3.jpg\" alt=\"\" width=\"1100\" height=\"603\" srcset=\"https:\/\/zakrasnejsivimperk.cz\/wp-content\/uploads\/2022\/08\/25\/likvidace-zelen\u011b-250822-3.jpg 1100w, https:\/\/zakrasnejsivimperk.cz\/wp-content\/uploads\/2022\/08\/25\/likvidace-zelen\u011b-250822-3-300x164.jpg 300w, https:\/\/zakrasnejsivimperk.cz\/wp-content\/uploads\/2022\/08\/25\/likvidace-zelen\u011b-250822-3-768x421.jpg 768w, https:\/\/zakrasnejsivimperk.cz\/wp-content\/uploads\/2022\/08\/25\/likvidace-zelen\u011b-250822-3-1024x561.jpg 1024w, https:\/\/zakrasnejsivimperk.cz\/wp-content\/uploads\/2022\/08\/25\/likvidace-zelen\u011b-250822-3-651x357.jpg 651w, https:\/\/zakrasnejsivimperk.cz\/wp-content\/uploads\/2022\/08\/25\/likvidace-zelen\u011b-250822-3-881x483.jpg 881w\" sizes=\"(max-width: 1100px) 100vw, 1100px\" \/><\/p>\n<p>&nbsp;<\/p>\n<p>&nbsp;<\/p>\n<p><img loading=\"lazy\" decoding=\"async\" class=\"aligncenter wp-image-261545 size-full\" src=\"https:\/\/zakrasnejsivimperk.cz\/wp-content\/uploads\/2022\/08\/25\/likvidace-zelen\u011b-250822-4.jpg\" alt=\"\" width=\"1100\" height=\"575\" srcset=\"https:\/\/zakrasnejsivimperk.cz\/wp-content\/uploads\/2022\/08\/25\/likvidace-zelen\u011b-250822-4.jpg 1100w, https:\/\/zakrasnejsivimperk.cz\/wp-content\/uploads\/2022\/08\/25\/likvidace-zelen\u011b-250822-4-300x157.jpg 300w, https:\/\/zakrasnejsivimperk.cz\/wp-content\/uploads\/2022\/08\/25\/likvidace-zelen\u011b-250822-4-768x401.jpg 768w, https:\/\/zakrasnejsivimperk.cz\/wp-content\/uploads\/2022\/08\/25\/likvidace-zelen\u011b-250822-4-1024x535.jpg 1024w, https:\/\/zakrasnejsivimperk.cz\/wp-content\/uploads\/2022\/08\/25\/likvidace-zelen\u011b-250822-4-683x357.jpg 683w, https:\/\/zakrasnejsivimperk.cz\/wp-content\/uploads\/2022\/08\/25\/likvidace-zelen\u011b-250822-4-924x483.jpg 924w\" sizes=\"(max-width: 1100px) 100vw, 1100px\" \/><\/p>\n<p>&nbsp;<\/p>\n<p>&nbsp;<\/p>\n<p><img loading=\"lazy\" decoding=\"async\" class=\"aligncenter wp-image-261546 size-full\" src=\"https:\/\/zakrasnejsivimperk.cz\/wp-content\/uploads\/2022\/08\/25\/likvidace-zelen\u011b-250822-5.jpg\" alt=\"\" width=\"994\" height=\"1100\" srcset=\"https:\/\/zakrasnejsivimperk.cz\/wp-content\/uploads\/2022\/08\/25\/likvidace-zelen\u011b-250822-5.jpg 994w, https:\/\/zakrasnejsivimperk.cz\/wp-content\/uploads\/2022\/08\/25\/likvidace-zelen\u011b-250822-5-271x300.jpg 271w, https:\/\/zakrasnejsivimperk.cz\/wp-content\/uploads\/2022\/08\/25\/likvidace-zelen\u011b-250822-5-768x850.jpg 768w, https:\/\/zakrasnejsivimperk.cz\/wp-content\/uploads\/2022\/08\/25\/likvidace-zelen\u011b-250822-5-925x1024.jpg 925w, https:\/\/zakrasnejsivimperk.cz\/wp-content\/uploads\/2022\/08\/25\/likvidace-zelen\u011b-250822-5-323x357.jpg 323w, https:\/\/zakrasnejsivimperk.cz\/wp-content\/uploads\/2022\/08\/25\/likvidace-zelen\u011b-250822-5-436x483.jpg 436w\" sizes=\"(max-width: 994px) 100vw, 994px\" \/><\/p>\n<p>&nbsp;<\/p>\n<p>&nbsp;<\/p>\n<p><img loading=\"lazy\" decoding=\"async\" class=\"aligncenter wp-image-261547 size-full\" src=\"https:\/\/zakrasnejsivimperk.cz\/wp-content\/uploads\/2022\/08\/25\/likvidace-zelen\u011b-250822-6.jpg\" alt=\"\" width=\"1100\" height=\"676\" srcset=\"https:\/\/zakrasnejsivimperk.cz\/wp-content\/uploads\/2022\/08\/25\/likvidace-zelen\u011b-250822-6.jpg 1100w, https:\/\/zakrasnejsivimperk.cz\/wp-content\/uploads\/2022\/08\/25\/likvidace-zelen\u011b-250822-6-300x184.jpg 300w, https:\/\/zakrasnejsivimperk.cz\/wp-content\/uploads\/2022\/08\/25\/likvidace-zelen\u011b-250822-6-768x472.jpg 768w, https:\/\/zakrasnejsivimperk.cz\/wp-content\/uploads\/2022\/08\/25\/likvidace-zelen\u011b-250822-6-1024x629.jpg 1024w, https:\/\/zakrasnejsivimperk.cz\/wp-content\/uploads\/2022\/08\/25\/likvidace-zelen\u011b-250822-6-581x357.jpg 581w, https:\/\/zakrasnejsivimperk.cz\/wp-content\/uploads\/2022\/08\/25\/likvidace-zelen\u011b-250822-6-786x483.jpg 786w\" sizes=\"(max-width: 1100px) 100vw, 1100px\" \/><\/p>\n<p>&nbsp;<\/p>\n<p>&nbsp;<\/p>\n<p><img loading=\"lazy\" decoding=\"async\" class=\"aligncenter wp-image-261548 size-full\" src=\"https:\/\/zakrasnejsivimperk.cz\/wp-content\/uploads\/2022\/08\/25\/likvidace-zelen\u011b-250822-7.jpg\" alt=\"\" width=\"1100\" height=\"708\" srcset=\"https:\/\/zakrasnejsivimperk.cz\/wp-content\/uploads\/2022\/08\/25\/likvidace-zelen\u011b-250822-7.jpg 1100w, https:\/\/zakrasnejsivimperk.cz\/wp-content\/uploads\/2022\/08\/25\/likvidace-zelen\u011b-250822-7-300x193.jpg 300w, https:\/\/zakrasnejsivimperk.cz\/wp-content\/uploads\/2022\/08\/25\/likvidace-zelen\u011b-250822-7-768x494.jpg 768w, https:\/\/zakrasnejsivimperk.cz\/wp-content\/uploads\/2022\/08\/25\/likvidace-zelen\u011b-250822-7-1024x659.jpg 1024w, https:\/\/zakrasnejsivimperk.cz\/wp-content\/uploads\/2022\/08\/25\/likvidace-zelen\u011b-250822-7-100x65.jpg 100w, https:\/\/zakrasnejsivimperk.cz\/wp-content\/uploads\/2022\/08\/25\/likvidace-zelen\u011b-250822-7-555x357.jpg 555w, https:\/\/zakrasnejsivimperk.cz\/wp-content\/uploads\/2022\/08\/25\/likvidace-zelen\u011b-250822-7-750x483.jpg 750w\" sizes=\"(max-width: 1100px) 100vw, 1100px\" \/><\/p>\n<p>&nbsp;<\/p>\n<p><strong>Foto: (red) &#8211; Za kr\u00e1sn\u011bj\u0161\u00ed Vimperk<\/strong><\/p>\n<hr \/>\n<p>&nbsp;<\/p>\n<p>&nbsp;<\/p>\n","protected":false},"excerpt":{"rendered":"<p>&nbsp; &nbsp; <\/p>\n","protected":false},"author":2,"featured_media":261550,"comment_status":"open","ping_status":"open","sticky":false,"template":"","format":"gallery","meta":{"footnotes":""},"categories":[119,108],"tags":[],"jetpack_featured_media_url":"https:\/\/zakrasnejsivimperk.cz\/wp-content\/uploads\/2022\/08\/25\/r\u00e1m-likvidace.jpg","_links":{"self":[{"href":"https:\/\/zakrasnejsivimperk.cz\/index.php?rest_route=\/wp\/v2\/posts\/261541"}],"collection":[{"href":"https:\/\/zakrasnejsivimperk.cz\/index.php?rest_route=\/wp\/v2\/posts"}],"about":[{"href":"https:\/\/zakrasnejsivimperk.cz\/index.php?rest_route=\/wp\/v2\/types\/post"}],"author":[{"embeddable":true,"href":"https:\/\/zakrasnejsivimperk.cz\/index.php?rest_route=\/wp\/v2\/users\/2"}],"replies":[{"embeddable":true,"href":"https:\/\/zakrasnejsivimperk.cz\/index.php?rest_route=%2Fwp%2Fv2%2Fcomments&post=261541"}],"version-history":[{"count":1,"href":"https:\/\/zakrasnejsivimperk.cz\/index.php?rest_route=\/wp\/v2\/posts\/261541\/revisions"}],"predecessor-version":[{"id":261549,"href":"https:\/\/zakrasnejsivimperk.cz\/index.php?rest_route=\/wp\/v2\/posts\/261541\/revisions\/261549"}],"wp:featuredmedia":[{"embeddable":true,"href":"https:\/\/zakrasnejsivimperk.cz\/index.php?rest_route=\/wp\/v2\/media\/261550"}],"wp:attachment":[{"href":"https:\/\/zakrasnejsivimperk.cz\/index.php?rest_route=%2Fwp%2Fv2%2Fmedia&parent=261541"}],"wp:term":[{"taxonomy":"category","embeddable":true,"href":"https:\/\/zakrasnejsivimperk.cz\/index.php?rest_route=%2Fwp%2Fv2%2Fcategories&post=261541"},{"taxonomy":"post_tag","embeddable":true,"href":"https:\/\/zakrasnejsivimperk.cz\/index.php?rest_route=%2Fwp%2Fv2%2Ftags&post=261541"}],"curies":[{"name":"wp","href":"https:\/\/api.w.org\/{rel}","templated":true}]}}