{"id":261363,"date":"2022-08-21T17:53:54","date_gmt":"2022-08-21T16:53:54","guid":{"rendered":"https:\/\/zakrasnejsivimperk.cz\/?p=261363"},"modified":"2022-08-28T18:38:32","modified_gmt":"2022-08-28T17:38:32","slug":"nase-mesto-vimperk-ulicky-a-zakouti-stareho-mesta","status":"publish","type":"post","link":"https:\/\/zakrasnejsivimperk.cz\/?p=261363","title":{"rendered":"NA\u0160E M\u011aSTO VIMPERK: Uli\u010dky a z\u00e1kout\u00ed star\u00e9ho m\u011bsta"},"content":{"rendered":"<figure id=\"attachment_261364\" aria-describedby=\"caption-attachment-261364\" style=\"width: 961px\" class=\"wp-caption aligncenter\"><img loading=\"lazy\" decoding=\"async\" class=\"wp-image-261364 size-full\" src=\"https:\/\/zakrasnejsivimperk.cz\/wp-content\/uploads\/2022\/08\/21\/vpk-uli\u010dka-2.jpg\" alt=\"\" width=\"961\" height=\"1100\" srcset=\"https:\/\/zakrasnejsivimperk.cz\/wp-content\/uploads\/2022\/08\/21\/vpk-uli\u010dka-2.jpg 961w, https:\/\/zakrasnejsivimperk.cz\/wp-content\/uploads\/2022\/08\/21\/vpk-uli\u010dka-2-262x300.jpg 262w, https:\/\/zakrasnejsivimperk.cz\/wp-content\/uploads\/2022\/08\/21\/vpk-uli\u010dka-2-768x879.jpg 768w, https:\/\/zakrasnejsivimperk.cz\/wp-content\/uploads\/2022\/08\/21\/vpk-uli\u010dka-2-895x1024.jpg 895w, https:\/\/zakrasnejsivimperk.cz\/wp-content\/uploads\/2022\/08\/21\/vpk-uli\u010dka-2-312x357.jpg 312w, https:\/\/zakrasnejsivimperk.cz\/wp-content\/uploads\/2022\/08\/21\/vpk-uli\u010dka-2-422x483.jpg 422w\" sizes=\"(max-width: 961px) 100vw, 961px\" \/><figcaption id=\"caption-attachment-261364\" class=\"wp-caption-text\">Foto: (red) &#8211; Za kr\u00e1sn\u011bj\u0161\u00ed Vimperk<\/figcaption><\/figure>\n<hr \/>\n<p>&nbsp;<\/p>\n<p>&nbsp;<\/p>\n<p>&nbsp;<\/p>\n","protected":false},"excerpt":{"rendered":"<p>&nbsp; &nbsp; <\/p>\n","protected":false},"author":2,"featured_media":261364,"comment_status":"open","ping_status":"open","sticky":false,"template":"","format":"gallery","meta":{"footnotes":""},"categories":[171],"tags":[],"jetpack_featured_media_url":"https:\/\/zakrasnejsivimperk.cz\/wp-content\/uploads\/2022\/08\/21\/vpk-uli\u010dka-2.jpg","_links":{"self":[{"href":"https:\/\/zakrasnejsivimperk.cz\/index.php?rest_route=\/wp\/v2\/posts\/261363"}],"collection":[{"href":"https:\/\/zakrasnejsivimperk.cz\/index.php?rest_route=\/wp\/v2\/posts"}],"about":[{"href":"https:\/\/zakrasnejsivimperk.cz\/index.php?rest_route=\/wp\/v2\/types\/post"}],"author":[{"embeddable":true,"href":"https:\/\/zakrasnejsivimperk.cz\/index.php?rest_route=\/wp\/v2\/users\/2"}],"replies":[{"embeddable":true,"href":"https:\/\/zakrasnejsivimperk.cz\/index.php?rest_route=%2Fwp%2Fv2%2Fcomments&post=261363"}],"version-history":[{"count":1,"href":"https:\/\/zakrasnejsivimperk.cz\/index.php?rest_route=\/wp\/v2\/posts\/261363\/revisions"}],"predecessor-version":[{"id":261366,"href":"https:\/\/zakrasnejsivimperk.cz\/index.php?rest_route=\/wp\/v2\/posts\/261363\/revisions\/261366"}],"wp:featuredmedia":[{"embeddable":true,"href":"https:\/\/zakrasnejsivimperk.cz\/index.php?rest_route=\/wp\/v2\/media\/261364"}],"wp:attachment":[{"href":"https:\/\/zakrasnejsivimperk.cz\/index.php?rest_route=%2Fwp%2Fv2%2Fmedia&parent=261363"}],"wp:term":[{"taxonomy":"category","embeddable":true,"href":"https:\/\/zakrasnejsivimperk.cz\/index.php?rest_route=%2Fwp%2Fv2%2Fcategories&post=261363"},{"taxonomy":"post_tag","embeddable":true,"href":"https:\/\/zakrasnejsivimperk.cz\/index.php?rest_route=%2Fwp%2Fv2%2Ftags&post=261363"}],"curies":[{"name":"wp","href":"https:\/\/api.w.org\/{rel}","templated":true}]}}