{"id":260964,"date":"2022-08-15T12:48:54","date_gmt":"2022-08-15T11:48:54","guid":{"rendered":"https:\/\/zakrasnejsivimperk.cz\/?p=260964"},"modified":"2022-08-17T12:20:36","modified_gmt":"2022-08-17T11:20:36","slug":"nase-mesto-vimperk-vsimavy-objektiv-stavebni-cinnost-v-rekreacnim-a-sportovnim-arealu-vodnik","status":"publish","type":"post","link":"https:\/\/zakrasnejsivimperk.cz\/?p=260964","title":{"rendered":"NA\u0160E M\u011aSTO VIMPERK: V\u0161\u00edmav\u00fd objektiv &#8211; Stavebn\u00ed \u010dinnost v rekrea\u010dn\u00edm a sportovn\u00edm are\u00e1lu Vodn\u00edk"},"content":{"rendered":"<p><img loading=\"lazy\" decoding=\"async\" class=\"aligncenter wp-image-249847 size-full\" src=\"https:\/\/zakrasnejsivimperk.cz\/wp-content\/uploads\/2022\/03\/19\/Logo-fb.jpg\" alt=\"\" width=\"800\" height=\"324\" srcset=\"https:\/\/zakrasnejsivimperk.cz\/wp-content\/uploads\/2022\/03\/19\/Logo-fb.jpg 800w, https:\/\/zakrasnejsivimperk.cz\/wp-content\/uploads\/2022\/03\/19\/Logo-fb-300x122.jpg 300w, https:\/\/zakrasnejsivimperk.cz\/wp-content\/uploads\/2022\/03\/19\/Logo-fb-768x311.jpg 768w\" sizes=\"(max-width: 800px) 100vw, 800px\" \/><\/p>\n<hr \/>\n<p>&nbsp;<\/p>\n<p>&nbsp;<\/p>\n<p><img loading=\"lazy\" decoding=\"async\" class=\"aligncenter wp-image-260965 size-full\" src=\"https:\/\/zakrasnejsivimperk.cz\/wp-content\/uploads\/2022\/08\/13\/vpk-stavby-vodn\u00edk-1.jpg\" alt=\"\" width=\"1100\" height=\"745\" srcset=\"https:\/\/zakrasnejsivimperk.cz\/wp-content\/uploads\/2022\/08\/13\/vpk-stavby-vodn\u00edk-1.jpg 1100w, https:\/\/zakrasnejsivimperk.cz\/wp-content\/uploads\/2022\/08\/13\/vpk-stavby-vodn\u00edk-1-300x203.jpg 300w, https:\/\/zakrasnejsivimperk.cz\/wp-content\/uploads\/2022\/08\/13\/vpk-stavby-vodn\u00edk-1-768x520.jpg 768w, https:\/\/zakrasnejsivimperk.cz\/wp-content\/uploads\/2022\/08\/13\/vpk-stavby-vodn\u00edk-1-1024x694.jpg 1024w, https:\/\/zakrasnejsivimperk.cz\/wp-content\/uploads\/2022\/08\/13\/vpk-stavby-vodn\u00edk-1-527x357.jpg 527w, https:\/\/zakrasnejsivimperk.cz\/wp-content\/uploads\/2022\/08\/13\/vpk-stavby-vodn\u00edk-1-713x483.jpg 713w\" sizes=\"(max-width: 1100px) 100vw, 1100px\" \/><\/p>\n<p>&nbsp;<\/p>\n<p>&nbsp;<\/p>\n<p><img loading=\"lazy\" decoding=\"async\" class=\"aligncenter wp-image-260966 size-full\" src=\"https:\/\/zakrasnejsivimperk.cz\/wp-content\/uploads\/2022\/08\/13\/vpk-stavby-vodn\u00edk-2.jpg\" alt=\"\" width=\"1100\" height=\"646\" srcset=\"https:\/\/zakrasnejsivimperk.cz\/wp-content\/uploads\/2022\/08\/13\/vpk-stavby-vodn\u00edk-2.jpg 1100w, https:\/\/zakrasnejsivimperk.cz\/wp-content\/uploads\/2022\/08\/13\/vpk-stavby-vodn\u00edk-2-300x176.jpg 300w, https:\/\/zakrasnejsivimperk.cz\/wp-content\/uploads\/2022\/08\/13\/vpk-stavby-vodn\u00edk-2-768x451.jpg 768w, https:\/\/zakrasnejsivimperk.cz\/wp-content\/uploads\/2022\/08\/13\/vpk-stavby-vodn\u00edk-2-1024x601.jpg 1024w, https:\/\/zakrasnejsivimperk.cz\/wp-content\/uploads\/2022\/08\/13\/vpk-stavby-vodn\u00edk-2-608x357.jpg 608w, https:\/\/zakrasnejsivimperk.cz\/wp-content\/uploads\/2022\/08\/13\/vpk-stavby-vodn\u00edk-2-822x483.jpg 822w\" sizes=\"(max-width: 1100px) 100vw, 1100px\" \/><\/p>\n<p>&nbsp;<\/p>\n<p>&nbsp;<\/p>\n<p><img loading=\"lazy\" decoding=\"async\" class=\"aligncenter wp-image-260967 size-full\" src=\"https:\/\/zakrasnejsivimperk.cz\/wp-content\/uploads\/2022\/08\/13\/vpk-stavby-vodn\u00edk-3.jpg\" alt=\"\" width=\"1100\" height=\"766\" srcset=\"https:\/\/zakrasnejsivimperk.cz\/wp-content\/uploads\/2022\/08\/13\/vpk-stavby-vodn\u00edk-3.jpg 1100w, https:\/\/zakrasnejsivimperk.cz\/wp-content\/uploads\/2022\/08\/13\/vpk-stavby-vodn\u00edk-3-300x209.jpg 300w, https:\/\/zakrasnejsivimperk.cz\/wp-content\/uploads\/2022\/08\/13\/vpk-stavby-vodn\u00edk-3-768x535.jpg 768w, https:\/\/zakrasnejsivimperk.cz\/wp-content\/uploads\/2022\/08\/13\/vpk-stavby-vodn\u00edk-3-1024x713.jpg 1024w, https:\/\/zakrasnejsivimperk.cz\/wp-content\/uploads\/2022\/08\/13\/vpk-stavby-vodn\u00edk-3-513x357.jpg 513w, https:\/\/zakrasnejsivimperk.cz\/wp-content\/uploads\/2022\/08\/13\/vpk-stavby-vodn\u00edk-3-694x483.jpg 694w\" sizes=\"(max-width: 1100px) 100vw, 1100px\" \/><\/p>\n<p>&nbsp;<\/p>\n<p><strong>Foto: (red) &#8211; Za kr\u00e1sn\u011bj\u0161\u00ed Vimperk\u00a0<\/strong><\/p>\n<hr \/>\n<p>&nbsp;<\/p>\n<p>&nbsp;<\/p>\n","protected":false},"excerpt":{"rendered":"<p>&nbsp; &nbsp; <\/p>\n","protected":false},"author":2,"featured_media":260968,"comment_status":"open","ping_status":"open","sticky":false,"template":"","format":"gallery","meta":{"footnotes":""},"categories":[119,107,108],"tags":[],"jetpack_featured_media_url":"https:\/\/zakrasnejsivimperk.cz\/wp-content\/uploads\/2022\/08\/13\/r\u00e1m-vodn\u00edk.jpg","_links":{"self":[{"href":"https:\/\/zakrasnejsivimperk.cz\/index.php?rest_route=\/wp\/v2\/posts\/260964"}],"collection":[{"href":"https:\/\/zakrasnejsivimperk.cz\/index.php?rest_route=\/wp\/v2\/posts"}],"about":[{"href":"https:\/\/zakrasnejsivimperk.cz\/index.php?rest_route=\/wp\/v2\/types\/post"}],"author":[{"embeddable":true,"href":"https:\/\/zakrasnejsivimperk.cz\/index.php?rest_route=\/wp\/v2\/users\/2"}],"replies":[{"embeddable":true,"href":"https:\/\/zakrasnejsivimperk.cz\/index.php?rest_route=%2Fwp%2Fv2%2Fcomments&post=260964"}],"version-history":[{"count":1,"href":"https:\/\/zakrasnejsivimperk.cz\/index.php?rest_route=\/wp\/v2\/posts\/260964\/revisions"}],"predecessor-version":[{"id":260969,"href":"https:\/\/zakrasnejsivimperk.cz\/index.php?rest_route=\/wp\/v2\/posts\/260964\/revisions\/260969"}],"wp:featuredmedia":[{"embeddable":true,"href":"https:\/\/zakrasnejsivimperk.cz\/index.php?rest_route=\/wp\/v2\/media\/260968"}],"wp:attachment":[{"href":"https:\/\/zakrasnejsivimperk.cz\/index.php?rest_route=%2Fwp%2Fv2%2Fmedia&parent=260964"}],"wp:term":[{"taxonomy":"category","embeddable":true,"href":"https:\/\/zakrasnejsivimperk.cz\/index.php?rest_route=%2Fwp%2Fv2%2Fcategories&post=260964"},{"taxonomy":"post_tag","embeddable":true,"href":"https:\/\/zakrasnejsivimperk.cz\/index.php?rest_route=%2Fwp%2Fv2%2Ftags&post=260964"}],"curies":[{"name":"wp","href":"https:\/\/api.w.org\/{rel}","templated":true}]}}