{"id":260946,"date":"2022-08-14T12:18:31","date_gmt":"2022-08-14T11:18:31","guid":{"rendered":"https:\/\/zakrasnejsivimperk.cz\/?p=260946"},"modified":"2022-08-15T12:49:35","modified_gmt":"2022-08-15T11:49:35","slug":"nase-mesto-vimperk-na-stavbe-nove-chodniky-a-schody-pro-sidliste-miru-11-srpna-2022","status":"publish","type":"post","link":"https:\/\/zakrasnejsivimperk.cz\/?p=260946","title":{"rendered":"NA\u0160E M\u011aSTO VIMPERK: Na stavb\u011b \u2013 nov\u00e9 chodn\u00edky a schody pro s\u00eddli\u0161t\u011b M\u00edru (11. srpna 2022)"},"content":{"rendered":"<p><img loading=\"lazy\" decoding=\"async\" class=\"aligncenter wp-image-249847 size-full\" src=\"https:\/\/zakrasnejsivimperk.cz\/wp-content\/uploads\/2022\/03\/19\/Logo-fb.jpg\" alt=\"\" width=\"800\" height=\"324\" srcset=\"https:\/\/zakrasnejsivimperk.cz\/wp-content\/uploads\/2022\/03\/19\/Logo-fb.jpg 800w, https:\/\/zakrasnejsivimperk.cz\/wp-content\/uploads\/2022\/03\/19\/Logo-fb-300x122.jpg 300w, https:\/\/zakrasnejsivimperk.cz\/wp-content\/uploads\/2022\/03\/19\/Logo-fb-768x311.jpg 768w\" sizes=\"(max-width: 800px) 100vw, 800px\" \/><\/p>\n<hr \/>\n<p>&nbsp;<\/p>\n<p>&nbsp;<\/p>\n<p><img loading=\"lazy\" decoding=\"async\" class=\"aligncenter wp-image-260947 size-full\" src=\"https:\/\/zakrasnejsivimperk.cz\/wp-content\/uploads\/2022\/08\/13\/vpk-miru-110822-1.jpg\" alt=\"\" width=\"926\" height=\"1100\" srcset=\"https:\/\/zakrasnejsivimperk.cz\/wp-content\/uploads\/2022\/08\/13\/vpk-miru-110822-1.jpg 926w, https:\/\/zakrasnejsivimperk.cz\/wp-content\/uploads\/2022\/08\/13\/vpk-miru-110822-1-253x300.jpg 253w, https:\/\/zakrasnejsivimperk.cz\/wp-content\/uploads\/2022\/08\/13\/vpk-miru-110822-1-768x912.jpg 768w, https:\/\/zakrasnejsivimperk.cz\/wp-content\/uploads\/2022\/08\/13\/vpk-miru-110822-1-862x1024.jpg 862w, https:\/\/zakrasnejsivimperk.cz\/wp-content\/uploads\/2022\/08\/13\/vpk-miru-110822-1-301x357.jpg 301w, https:\/\/zakrasnejsivimperk.cz\/wp-content\/uploads\/2022\/08\/13\/vpk-miru-110822-1-407x483.jpg 407w\" sizes=\"(max-width: 926px) 100vw, 926px\" \/><\/p>\n<p>&nbsp;<\/p>\n<p>&nbsp;<\/p>\n<p><img loading=\"lazy\" decoding=\"async\" class=\"aligncenter wp-image-260948 size-full\" src=\"https:\/\/zakrasnejsivimperk.cz\/wp-content\/uploads\/2022\/08\/13\/vpk-miru-110822-2.jpg\" alt=\"\" width=\"1070\" height=\"1100\" srcset=\"https:\/\/zakrasnejsivimperk.cz\/wp-content\/uploads\/2022\/08\/13\/vpk-miru-110822-2.jpg 1070w, https:\/\/zakrasnejsivimperk.cz\/wp-content\/uploads\/2022\/08\/13\/vpk-miru-110822-2-292x300.jpg 292w, https:\/\/zakrasnejsivimperk.cz\/wp-content\/uploads\/2022\/08\/13\/vpk-miru-110822-2-768x790.jpg 768w, https:\/\/zakrasnejsivimperk.cz\/wp-content\/uploads\/2022\/08\/13\/vpk-miru-110822-2-996x1024.jpg 996w, https:\/\/zakrasnejsivimperk.cz\/wp-content\/uploads\/2022\/08\/13\/vpk-miru-110822-2-347x357.jpg 347w, https:\/\/zakrasnejsivimperk.cz\/wp-content\/uploads\/2022\/08\/13\/vpk-miru-110822-2-470x483.jpg 470w\" sizes=\"(max-width: 1070px) 100vw, 1070px\" \/><\/p>\n<p>&nbsp;<\/p>\n<p>&nbsp;<\/p>\n<p><img loading=\"lazy\" decoding=\"async\" class=\"aligncenter wp-image-260949 size-full\" src=\"https:\/\/zakrasnejsivimperk.cz\/wp-content\/uploads\/2022\/08\/13\/vpk-miru-110822-3.jpg\" alt=\"\" width=\"1100\" height=\"825\" srcset=\"https:\/\/zakrasnejsivimperk.cz\/wp-content\/uploads\/2022\/08\/13\/vpk-miru-110822-3.jpg 1100w, https:\/\/zakrasnejsivimperk.cz\/wp-content\/uploads\/2022\/08\/13\/vpk-miru-110822-3-300x225.jpg 300w, https:\/\/zakrasnejsivimperk.cz\/wp-content\/uploads\/2022\/08\/13\/vpk-miru-110822-3-768x576.jpg 768w, https:\/\/zakrasnejsivimperk.cz\/wp-content\/uploads\/2022\/08\/13\/vpk-miru-110822-3-1024x768.jpg 1024w, https:\/\/zakrasnejsivimperk.cz\/wp-content\/uploads\/2022\/08\/13\/vpk-miru-110822-3-476x357.jpg 476w, https:\/\/zakrasnejsivimperk.cz\/wp-content\/uploads\/2022\/08\/13\/vpk-miru-110822-3-644x483.jpg 644w\" sizes=\"(max-width: 1100px) 100vw, 1100px\" \/><\/p>\n<p>&nbsp;<\/p>\n<p>&nbsp;<\/p>\n<p><img loading=\"lazy\" decoding=\"async\" class=\"aligncenter wp-image-260950 size-full\" src=\"https:\/\/zakrasnejsivimperk.cz\/wp-content\/uploads\/2022\/08\/13\/vpk-miru-110822-4.jpg\" alt=\"\" width=\"1042\" height=\"1100\" srcset=\"https:\/\/zakrasnejsivimperk.cz\/wp-content\/uploads\/2022\/08\/13\/vpk-miru-110822-4.jpg 1042w, https:\/\/zakrasnejsivimperk.cz\/wp-content\/uploads\/2022\/08\/13\/vpk-miru-110822-4-284x300.jpg 284w, https:\/\/zakrasnejsivimperk.cz\/wp-content\/uploads\/2022\/08\/13\/vpk-miru-110822-4-768x811.jpg 768w, https:\/\/zakrasnejsivimperk.cz\/wp-content\/uploads\/2022\/08\/13\/vpk-miru-110822-4-970x1024.jpg 970w, https:\/\/zakrasnejsivimperk.cz\/wp-content\/uploads\/2022\/08\/13\/vpk-miru-110822-4-338x357.jpg 338w, https:\/\/zakrasnejsivimperk.cz\/wp-content\/uploads\/2022\/08\/13\/vpk-miru-110822-4-458x483.jpg 458w\" sizes=\"(max-width: 1042px) 100vw, 1042px\" \/><\/p>\n<p>&nbsp;<\/p>\n<p>&nbsp;<\/p>\n<p><img loading=\"lazy\" decoding=\"async\" class=\"aligncenter wp-image-260951 size-full\" src=\"https:\/\/zakrasnejsivimperk.cz\/wp-content\/uploads\/2022\/08\/13\/vpk-miru-110822-5.jpg\" alt=\"\" width=\"1096\" height=\"1100\" srcset=\"https:\/\/zakrasnejsivimperk.cz\/wp-content\/uploads\/2022\/08\/13\/vpk-miru-110822-5.jpg 1096w, https:\/\/zakrasnejsivimperk.cz\/wp-content\/uploads\/2022\/08\/13\/vpk-miru-110822-5-150x150.jpg 150w, https:\/\/zakrasnejsivimperk.cz\/wp-content\/uploads\/2022\/08\/13\/vpk-miru-110822-5-300x300.jpg 300w, https:\/\/zakrasnejsivimperk.cz\/wp-content\/uploads\/2022\/08\/13\/vpk-miru-110822-5-768x771.jpg 768w, https:\/\/zakrasnejsivimperk.cz\/wp-content\/uploads\/2022\/08\/13\/vpk-miru-110822-5-1020x1024.jpg 1020w, https:\/\/zakrasnejsivimperk.cz\/wp-content\/uploads\/2022\/08\/13\/vpk-miru-110822-5-356x357.jpg 356w, https:\/\/zakrasnejsivimperk.cz\/wp-content\/uploads\/2022\/08\/13\/vpk-miru-110822-5-481x483.jpg 481w, https:\/\/zakrasnejsivimperk.cz\/wp-content\/uploads\/2022\/08\/13\/vpk-miru-110822-5-210x210.jpg 210w\" sizes=\"(max-width: 1096px) 100vw, 1096px\" \/><\/p>\n<p>&nbsp;<\/p>\n<p>&nbsp;<\/p>\n<p><img loading=\"lazy\" decoding=\"async\" class=\"aligncenter wp-image-260952 size-full\" src=\"https:\/\/zakrasnejsivimperk.cz\/wp-content\/uploads\/2022\/08\/13\/vpk-miru-110822-6.jpg\" alt=\"\" width=\"1022\" height=\"1100\" srcset=\"https:\/\/zakrasnejsivimperk.cz\/wp-content\/uploads\/2022\/08\/13\/vpk-miru-110822-6.jpg 1022w, https:\/\/zakrasnejsivimperk.cz\/wp-content\/uploads\/2022\/08\/13\/vpk-miru-110822-6-279x300.jpg 279w, https:\/\/zakrasnejsivimperk.cz\/wp-content\/uploads\/2022\/08\/13\/vpk-miru-110822-6-768x827.jpg 768w, https:\/\/zakrasnejsivimperk.cz\/wp-content\/uploads\/2022\/08\/13\/vpk-miru-110822-6-951x1024.jpg 951w, https:\/\/zakrasnejsivimperk.cz\/wp-content\/uploads\/2022\/08\/13\/vpk-miru-110822-6-332x357.jpg 332w, https:\/\/zakrasnejsivimperk.cz\/wp-content\/uploads\/2022\/08\/13\/vpk-miru-110822-6-449x483.jpg 449w\" sizes=\"(max-width: 1022px) 100vw, 1022px\" \/><\/p>\n<p>&nbsp;<\/p>\n<p>&nbsp;<\/p>\n<p><img loading=\"lazy\" decoding=\"async\" class=\"aligncenter wp-image-260953 size-full\" src=\"https:\/\/zakrasnejsivimperk.cz\/wp-content\/uploads\/2022\/08\/13\/vpk-miru-110822-7.jpg\" alt=\"\" width=\"1100\" height=\"660\" srcset=\"https:\/\/zakrasnejsivimperk.cz\/wp-content\/uploads\/2022\/08\/13\/vpk-miru-110822-7.jpg 1100w, https:\/\/zakrasnejsivimperk.cz\/wp-content\/uploads\/2022\/08\/13\/vpk-miru-110822-7-300x180.jpg 300w, https:\/\/zakrasnejsivimperk.cz\/wp-content\/uploads\/2022\/08\/13\/vpk-miru-110822-7-768x461.jpg 768w, https:\/\/zakrasnejsivimperk.cz\/wp-content\/uploads\/2022\/08\/13\/vpk-miru-110822-7-1024x614.jpg 1024w, https:\/\/zakrasnejsivimperk.cz\/wp-content\/uploads\/2022\/08\/13\/vpk-miru-110822-7-595x357.jpg 595w, https:\/\/zakrasnejsivimperk.cz\/wp-content\/uploads\/2022\/08\/13\/vpk-miru-110822-7-805x483.jpg 805w\" sizes=\"(max-width: 1100px) 100vw, 1100px\" \/><\/p>\n<p>&nbsp;<\/p>\n<p>&nbsp;<\/p>\n<p><img loading=\"lazy\" decoding=\"async\" class=\"aligncenter wp-image-260954 size-full\" src=\"https:\/\/zakrasnejsivimperk.cz\/wp-content\/uploads\/2022\/08\/13\/vpk-miru-110822-8.jpg\" alt=\"\" width=\"1096\" height=\"1100\" srcset=\"https:\/\/zakrasnejsivimperk.cz\/wp-content\/uploads\/2022\/08\/13\/vpk-miru-110822-8.jpg 1096w, https:\/\/zakrasnejsivimperk.cz\/wp-content\/uploads\/2022\/08\/13\/vpk-miru-110822-8-150x150.jpg 150w, https:\/\/zakrasnejsivimperk.cz\/wp-content\/uploads\/2022\/08\/13\/vpk-miru-110822-8-300x300.jpg 300w, https:\/\/zakrasnejsivimperk.cz\/wp-content\/uploads\/2022\/08\/13\/vpk-miru-110822-8-768x771.jpg 768w, https:\/\/zakrasnejsivimperk.cz\/wp-content\/uploads\/2022\/08\/13\/vpk-miru-110822-8-1020x1024.jpg 1020w, https:\/\/zakrasnejsivimperk.cz\/wp-content\/uploads\/2022\/08\/13\/vpk-miru-110822-8-356x357.jpg 356w, https:\/\/zakrasnejsivimperk.cz\/wp-content\/uploads\/2022\/08\/13\/vpk-miru-110822-8-481x483.jpg 481w, https:\/\/zakrasnejsivimperk.cz\/wp-content\/uploads\/2022\/08\/13\/vpk-miru-110822-8-210x210.jpg 210w\" sizes=\"(max-width: 1096px) 100vw, 1096px\" \/><\/p>\n<p>&nbsp;<\/p>\n<p>&nbsp;<\/p>\n<p><img loading=\"lazy\" decoding=\"async\" class=\"aligncenter wp-image-260955 size-full\" src=\"https:\/\/zakrasnejsivimperk.cz\/wp-content\/uploads\/2022\/08\/13\/vpk-miru-110822-9.jpg\" alt=\"\" width=\"1086\" height=\"1100\" srcset=\"https:\/\/zakrasnejsivimperk.cz\/wp-content\/uploads\/2022\/08\/13\/vpk-miru-110822-9.jpg 1086w, https:\/\/zakrasnejsivimperk.cz\/wp-content\/uploads\/2022\/08\/13\/vpk-miru-110822-9-296x300.jpg 296w, https:\/\/zakrasnejsivimperk.cz\/wp-content\/uploads\/2022\/08\/13\/vpk-miru-110822-9-768x778.jpg 768w, https:\/\/zakrasnejsivimperk.cz\/wp-content\/uploads\/2022\/08\/13\/vpk-miru-110822-9-1011x1024.jpg 1011w, https:\/\/zakrasnejsivimperk.cz\/wp-content\/uploads\/2022\/08\/13\/vpk-miru-110822-9-352x357.jpg 352w, https:\/\/zakrasnejsivimperk.cz\/wp-content\/uploads\/2022\/08\/13\/vpk-miru-110822-9-477x483.jpg 477w\" sizes=\"(max-width: 1086px) 100vw, 1086px\" \/><\/p>\n<p>&nbsp;<\/p>\n<p>&nbsp;<\/p>\n<p><img loading=\"lazy\" decoding=\"async\" class=\"aligncenter wp-image-260956 size-full\" src=\"https:\/\/zakrasnejsivimperk.cz\/wp-content\/uploads\/2022\/08\/13\/vpk-miru-110822-10.jpg\" alt=\"\" width=\"1100\" height=\"883\" srcset=\"https:\/\/zakrasnejsivimperk.cz\/wp-content\/uploads\/2022\/08\/13\/vpk-miru-110822-10.jpg 1100w, https:\/\/zakrasnejsivimperk.cz\/wp-content\/uploads\/2022\/08\/13\/vpk-miru-110822-10-300x241.jpg 300w, https:\/\/zakrasnejsivimperk.cz\/wp-content\/uploads\/2022\/08\/13\/vpk-miru-110822-10-768x616.jpg 768w, https:\/\/zakrasnejsivimperk.cz\/wp-content\/uploads\/2022\/08\/13\/vpk-miru-110822-10-1024x822.jpg 1024w, https:\/\/zakrasnejsivimperk.cz\/wp-content\/uploads\/2022\/08\/13\/vpk-miru-110822-10-445x357.jpg 445w, https:\/\/zakrasnejsivimperk.cz\/wp-content\/uploads\/2022\/08\/13\/vpk-miru-110822-10-602x483.jpg 602w\" sizes=\"(max-width: 1100px) 100vw, 1100px\" \/><\/p>\n<p>&nbsp;<\/p>\n<p>&nbsp;<\/p>\n<p><img loading=\"lazy\" decoding=\"async\" class=\"aligncenter wp-image-260957 size-full\" src=\"https:\/\/zakrasnejsivimperk.cz\/wp-content\/uploads\/2022\/08\/13\/vpk-miru-110822-11.jpg\" alt=\"\" width=\"1100\" height=\"618\" srcset=\"https:\/\/zakrasnejsivimperk.cz\/wp-content\/uploads\/2022\/08\/13\/vpk-miru-110822-11.jpg 1100w, https:\/\/zakrasnejsivimperk.cz\/wp-content\/uploads\/2022\/08\/13\/vpk-miru-110822-11-300x169.jpg 300w, https:\/\/zakrasnejsivimperk.cz\/wp-content\/uploads\/2022\/08\/13\/vpk-miru-110822-11-768x431.jpg 768w, https:\/\/zakrasnejsivimperk.cz\/wp-content\/uploads\/2022\/08\/13\/vpk-miru-110822-11-1024x575.jpg 1024w, https:\/\/zakrasnejsivimperk.cz\/wp-content\/uploads\/2022\/08\/13\/vpk-miru-110822-11-635x357.jpg 635w, https:\/\/zakrasnejsivimperk.cz\/wp-content\/uploads\/2022\/08\/13\/vpk-miru-110822-11-860x483.jpg 860w\" sizes=\"(max-width: 1100px) 100vw, 1100px\" \/><\/p>\n<p>&nbsp;<\/p>\n<p>&nbsp;<\/p>\n<p><img loading=\"lazy\" decoding=\"async\" class=\"aligncenter wp-image-260958 size-full\" src=\"https:\/\/zakrasnejsivimperk.cz\/wp-content\/uploads\/2022\/08\/13\/vpk-miru-110822-12.jpg\" alt=\"\" width=\"1100\" height=\"1036\" srcset=\"https:\/\/zakrasnejsivimperk.cz\/wp-content\/uploads\/2022\/08\/13\/vpk-miru-110822-12.jpg 1100w, https:\/\/zakrasnejsivimperk.cz\/wp-content\/uploads\/2022\/08\/13\/vpk-miru-110822-12-300x283.jpg 300w, https:\/\/zakrasnejsivimperk.cz\/wp-content\/uploads\/2022\/08\/13\/vpk-miru-110822-12-768x723.jpg 768w, https:\/\/zakrasnejsivimperk.cz\/wp-content\/uploads\/2022\/08\/13\/vpk-miru-110822-12-1024x964.jpg 1024w, https:\/\/zakrasnejsivimperk.cz\/wp-content\/uploads\/2022\/08\/13\/vpk-miru-110822-12-379x357.jpg 379w, https:\/\/zakrasnejsivimperk.cz\/wp-content\/uploads\/2022\/08\/13\/vpk-miru-110822-12-513x483.jpg 513w\" sizes=\"(max-width: 1100px) 100vw, 1100px\" \/><\/p>\n<p>&nbsp;<\/p>\n<p>&nbsp;<\/p>\n<p><img loading=\"lazy\" decoding=\"async\" class=\"aligncenter wp-image-260959 size-full\" src=\"https:\/\/zakrasnejsivimperk.cz\/wp-content\/uploads\/2022\/08\/13\/vpk-miru-110822-13.jpg\" alt=\"\" width=\"858\" height=\"1100\" srcset=\"https:\/\/zakrasnejsivimperk.cz\/wp-content\/uploads\/2022\/08\/13\/vpk-miru-110822-13.jpg 858w, https:\/\/zakrasnejsivimperk.cz\/wp-content\/uploads\/2022\/08\/13\/vpk-miru-110822-13-234x300.jpg 234w, https:\/\/zakrasnejsivimperk.cz\/wp-content\/uploads\/2022\/08\/13\/vpk-miru-110822-13-768x985.jpg 768w, https:\/\/zakrasnejsivimperk.cz\/wp-content\/uploads\/2022\/08\/13\/vpk-miru-110822-13-799x1024.jpg 799w, https:\/\/zakrasnejsivimperk.cz\/wp-content\/uploads\/2022\/08\/13\/vpk-miru-110822-13-278x357.jpg 278w, https:\/\/zakrasnejsivimperk.cz\/wp-content\/uploads\/2022\/08\/13\/vpk-miru-110822-13-377x483.jpg 377w\" sizes=\"(max-width: 858px) 100vw, 858px\" \/><\/p>\n<p>&nbsp;<\/p>\n<p>&nbsp;<\/p>\n<p><img loading=\"lazy\" decoding=\"async\" class=\"aligncenter wp-image-260960 size-full\" src=\"https:\/\/zakrasnejsivimperk.cz\/wp-content\/uploads\/2022\/08\/13\/vpk-miru-110822-14.jpg\" alt=\"\" width=\"1100\" height=\"614\" srcset=\"https:\/\/zakrasnejsivimperk.cz\/wp-content\/uploads\/2022\/08\/13\/vpk-miru-110822-14.jpg 1100w, https:\/\/zakrasnejsivimperk.cz\/wp-content\/uploads\/2022\/08\/13\/vpk-miru-110822-14-300x167.jpg 300w, https:\/\/zakrasnejsivimperk.cz\/wp-content\/uploads\/2022\/08\/13\/vpk-miru-110822-14-768x429.jpg 768w, https:\/\/zakrasnejsivimperk.cz\/wp-content\/uploads\/2022\/08\/13\/vpk-miru-110822-14-1024x572.jpg 1024w, https:\/\/zakrasnejsivimperk.cz\/wp-content\/uploads\/2022\/08\/13\/vpk-miru-110822-14-640x357.jpg 640w, https:\/\/zakrasnejsivimperk.cz\/wp-content\/uploads\/2022\/08\/13\/vpk-miru-110822-14-865x483.jpg 865w\" sizes=\"(max-width: 1100px) 100vw, 1100px\" \/><\/p>\n<p>&nbsp;<\/p>\n<p>&nbsp;<\/p>\n<p><img loading=\"lazy\" decoding=\"async\" class=\"aligncenter wp-image-260961 size-full\" src=\"https:\/\/zakrasnejsivimperk.cz\/wp-content\/uploads\/2022\/08\/13\/vpk-miru-110822-15.jpg\" alt=\"\" width=\"986\" height=\"1100\" srcset=\"https:\/\/zakrasnejsivimperk.cz\/wp-content\/uploads\/2022\/08\/13\/vpk-miru-110822-15.jpg 986w, https:\/\/zakrasnejsivimperk.cz\/wp-content\/uploads\/2022\/08\/13\/vpk-miru-110822-15-269x300.jpg 269w, https:\/\/zakrasnejsivimperk.cz\/wp-content\/uploads\/2022\/08\/13\/vpk-miru-110822-15-768x857.jpg 768w, https:\/\/zakrasnejsivimperk.cz\/wp-content\/uploads\/2022\/08\/13\/vpk-miru-110822-15-918x1024.jpg 918w, https:\/\/zakrasnejsivimperk.cz\/wp-content\/uploads\/2022\/08\/13\/vpk-miru-110822-15-320x357.jpg 320w, https:\/\/zakrasnejsivimperk.cz\/wp-content\/uploads\/2022\/08\/13\/vpk-miru-110822-15-433x483.jpg 433w\" sizes=\"(max-width: 986px) 100vw, 986px\" \/><\/p>\n<p>&nbsp;<\/p>\n<p><strong>Foto: (red) &#8211; Za kr\u00e1sn\u011bj\u0161\u00ed Vimperk\u00a0<\/strong><\/p>\n<hr \/>\n<p>&nbsp;<\/p>\n<p>&nbsp;<\/p>\n","protected":false},"excerpt":{"rendered":"<p>&nbsp; &nbsp; <\/p>\n","protected":false},"author":2,"featured_media":260963,"comment_status":"open","ping_status":"open","sticky":false,"template":"","format":"gallery","meta":{"footnotes":""},"categories":[118,107,108],"tags":[],"jetpack_featured_media_url":"https:\/\/zakrasnejsivimperk.cz\/wp-content\/uploads\/2022\/08\/13\/r\u00e1m-na-stavb\u011b.jpg","_links":{"self":[{"href":"https:\/\/zakrasnejsivimperk.cz\/index.php?rest_route=\/wp\/v2\/posts\/260946"}],"collection":[{"href":"https:\/\/zakrasnejsivimperk.cz\/index.php?rest_route=\/wp\/v2\/posts"}],"about":[{"href":"https:\/\/zakrasnejsivimperk.cz\/index.php?rest_route=\/wp\/v2\/types\/post"}],"author":[{"embeddable":true,"href":"https:\/\/zakrasnejsivimperk.cz\/index.php?rest_route=\/wp\/v2\/users\/2"}],"replies":[{"embeddable":true,"href":"https:\/\/zakrasnejsivimperk.cz\/index.php?rest_route=%2Fwp%2Fv2%2Fcomments&post=260946"}],"version-history":[{"count":1,"href":"https:\/\/zakrasnejsivimperk.cz\/index.php?rest_route=\/wp\/v2\/posts\/260946\/revisions"}],"predecessor-version":[{"id":260962,"href":"https:\/\/zakrasnejsivimperk.cz\/index.php?rest_route=\/wp\/v2\/posts\/260946\/revisions\/260962"}],"wp:featuredmedia":[{"embeddable":true,"href":"https:\/\/zakrasnejsivimperk.cz\/index.php?rest_route=\/wp\/v2\/media\/260963"}],"wp:attachment":[{"href":"https:\/\/zakrasnejsivimperk.cz\/index.php?rest_route=%2Fwp%2Fv2%2Fmedia&parent=260946"}],"wp:term":[{"taxonomy":"category","embeddable":true,"href":"https:\/\/zakrasnejsivimperk.cz\/index.php?rest_route=%2Fwp%2Fv2%2Fcategories&post=260946"},{"taxonomy":"post_tag","embeddable":true,"href":"https:\/\/zakrasnejsivimperk.cz\/index.php?rest_route=%2Fwp%2Fv2%2Ftags&post=260946"}],"curies":[{"name":"wp","href":"https:\/\/api.w.org\/{rel}","templated":true}]}}