{"id":260941,"date":"2022-08-14T12:29:32","date_gmt":"2022-08-14T11:29:32","guid":{"rendered":"https:\/\/zakrasnejsivimperk.cz\/?p=260941"},"modified":"2022-08-16T17:24:13","modified_gmt":"2022-08-16T16:24:13","slug":"nase-mesto-vimperk-pohled-na-hradek-haselburg-2","status":"publish","type":"post","link":"https:\/\/zakrasnejsivimperk.cz\/?p=260941","title":{"rendered":"NA\u0160E M\u011aSTO VIMPERK: Pohled na hr\u00e1dek Haselburg"},"content":{"rendered":"<figure id=\"attachment_260939\" aria-describedby=\"caption-attachment-260939\" style=\"width: 883px\" class=\"wp-caption aligncenter\"><img loading=\"lazy\" decoding=\"async\" class=\"wp-image-260939 size-full\" src=\"https:\/\/zakrasnejsivimperk.cz\/wp-content\/uploads\/2022\/08\/13\/vpk-pohled-na-haselburg2.jpg\" alt=\"\" width=\"883\" height=\"1100\" srcset=\"https:\/\/zakrasnejsivimperk.cz\/wp-content\/uploads\/2022\/08\/13\/vpk-pohled-na-haselburg2.jpg 883w, https:\/\/zakrasnejsivimperk.cz\/wp-content\/uploads\/2022\/08\/13\/vpk-pohled-na-haselburg2-241x300.jpg 241w, https:\/\/zakrasnejsivimperk.cz\/wp-content\/uploads\/2022\/08\/13\/vpk-pohled-na-haselburg2-768x957.jpg 768w, https:\/\/zakrasnejsivimperk.cz\/wp-content\/uploads\/2022\/08\/13\/vpk-pohled-na-haselburg2-822x1024.jpg 822w, https:\/\/zakrasnejsivimperk.cz\/wp-content\/uploads\/2022\/08\/13\/vpk-pohled-na-haselburg2-326x406.jpg 326w, https:\/\/zakrasnejsivimperk.cz\/wp-content\/uploads\/2022\/08\/13\/vpk-pohled-na-haselburg2-287x357.jpg 287w, https:\/\/zakrasnejsivimperk.cz\/wp-content\/uploads\/2022\/08\/13\/vpk-pohled-na-haselburg2-388x483.jpg 388w\" sizes=\"(max-width: 883px) 100vw, 883px\" \/><figcaption id=\"caption-attachment-260939\" class=\"wp-caption-text\">Foto: (red) &#8211; Za kr\u00e1sn\u011bj\u0161\u00ed Vimperk<\/figcaption><\/figure>\n<hr \/>\n<p>&nbsp;<\/p>\n<p>&nbsp;<\/p>\n","protected":false},"excerpt":{"rendered":"<p>&nbsp; &nbsp;<\/p>\n","protected":false},"author":2,"featured_media":260939,"comment_status":"open","ping_status":"open","sticky":false,"template":"","format":"gallery","meta":{"footnotes":""},"categories":[171],"tags":[],"jetpack_featured_media_url":"https:\/\/zakrasnejsivimperk.cz\/wp-content\/uploads\/2022\/08\/13\/vpk-pohled-na-haselburg2.jpg","_links":{"self":[{"href":"https:\/\/zakrasnejsivimperk.cz\/index.php?rest_route=\/wp\/v2\/posts\/260941"}],"collection":[{"href":"https:\/\/zakrasnejsivimperk.cz\/index.php?rest_route=\/wp\/v2\/posts"}],"about":[{"href":"https:\/\/zakrasnejsivimperk.cz\/index.php?rest_route=\/wp\/v2\/types\/post"}],"author":[{"embeddable":true,"href":"https:\/\/zakrasnejsivimperk.cz\/index.php?rest_route=\/wp\/v2\/users\/2"}],"replies":[{"embeddable":true,"href":"https:\/\/zakrasnejsivimperk.cz\/index.php?rest_route=%2Fwp%2Fv2%2Fcomments&post=260941"}],"version-history":[{"count":1,"href":"https:\/\/zakrasnejsivimperk.cz\/index.php?rest_route=\/wp\/v2\/posts\/260941\/revisions"}],"predecessor-version":[{"id":260942,"href":"https:\/\/zakrasnejsivimperk.cz\/index.php?rest_route=\/wp\/v2\/posts\/260941\/revisions\/260942"}],"wp:featuredmedia":[{"embeddable":true,"href":"https:\/\/zakrasnejsivimperk.cz\/index.php?rest_route=\/wp\/v2\/media\/260939"}],"wp:attachment":[{"href":"https:\/\/zakrasnejsivimperk.cz\/index.php?rest_route=%2Fwp%2Fv2%2Fmedia&parent=260941"}],"wp:term":[{"taxonomy":"category","embeddable":true,"href":"https:\/\/zakrasnejsivimperk.cz\/index.php?rest_route=%2Fwp%2Fv2%2Fcategories&post=260941"},{"taxonomy":"post_tag","embeddable":true,"href":"https:\/\/zakrasnejsivimperk.cz\/index.php?rest_route=%2Fwp%2Fv2%2Ftags&post=260941"}],"curies":[{"name":"wp","href":"https:\/\/api.w.org\/{rel}","templated":true}]}}