{"id":260850,"date":"2022-08-11T22:06:18","date_gmt":"2022-08-11T21:06:18","guid":{"rendered":"https:\/\/zakrasnejsivimperk.cz\/?p=260850"},"modified":"2022-08-12T12:05:33","modified_gmt":"2022-08-12T11:05:33","slug":"nase-mesto-vimperk-tudy-sel-vandal-ponicena-verejna-zelen-ve-hrbitovni-ulici","status":"publish","type":"post","link":"https:\/\/zakrasnejsivimperk.cz\/?p=260850","title":{"rendered":"NA\u0160E M\u011aSTO VIMPERK: Tudy \u0161el vandal &#8211; poni\u010den\u00e1 ve\u0159ejn\u00e1 zele\u0148 ve H\u0159bitovn\u00ed ulici (11. srpna 2022)"},"content":{"rendered":"<p><img loading=\"lazy\" decoding=\"async\" class=\"aligncenter wp-image-249847 size-full\" src=\"https:\/\/zakrasnejsivimperk.cz\/wp-content\/uploads\/2022\/03\/19\/Logo-fb.jpg\" alt=\"\" width=\"800\" height=\"324\" srcset=\"https:\/\/zakrasnejsivimperk.cz\/wp-content\/uploads\/2022\/03\/19\/Logo-fb.jpg 800w, https:\/\/zakrasnejsivimperk.cz\/wp-content\/uploads\/2022\/03\/19\/Logo-fb-300x122.jpg 300w, https:\/\/zakrasnejsivimperk.cz\/wp-content\/uploads\/2022\/03\/19\/Logo-fb-768x311.jpg 768w\" sizes=\"(max-width: 800px) 100vw, 800px\" \/><\/p>\n<hr \/>\n<p>&nbsp;<\/p>\n<p>&nbsp;<\/p>\n<p><img loading=\"lazy\" decoding=\"async\" class=\"aligncenter wp-image-260851 size-full\" src=\"https:\/\/zakrasnejsivimperk.cz\/wp-content\/uploads\/2022\/08\/11\/vpk-vetev-hrbitovni-110822-1.jpg\" alt=\"\" width=\"989\" height=\"1100\" srcset=\"https:\/\/zakrasnejsivimperk.cz\/wp-content\/uploads\/2022\/08\/11\/vpk-vetev-hrbitovni-110822-1.jpg 989w, https:\/\/zakrasnejsivimperk.cz\/wp-content\/uploads\/2022\/08\/11\/vpk-vetev-hrbitovni-110822-1-270x300.jpg 270w, https:\/\/zakrasnejsivimperk.cz\/wp-content\/uploads\/2022\/08\/11\/vpk-vetev-hrbitovni-110822-1-768x854.jpg 768w, https:\/\/zakrasnejsivimperk.cz\/wp-content\/uploads\/2022\/08\/11\/vpk-vetev-hrbitovni-110822-1-921x1024.jpg 921w, https:\/\/zakrasnejsivimperk.cz\/wp-content\/uploads\/2022\/08\/11\/vpk-vetev-hrbitovni-110822-1-321x357.jpg 321w, https:\/\/zakrasnejsivimperk.cz\/wp-content\/uploads\/2022\/08\/11\/vpk-vetev-hrbitovni-110822-1-434x483.jpg 434w\" sizes=\"(max-width: 989px) 100vw, 989px\" \/><\/p>\n<p>&nbsp;<\/p>\n<p>&nbsp;<\/p>\n<p><img loading=\"lazy\" decoding=\"async\" class=\"aligncenter wp-image-260854 size-full\" src=\"https:\/\/zakrasnejsivimperk.cz\/wp-content\/uploads\/2022\/08\/11\/vpk-vetev-hrbitovni-110822-4.jpg\" alt=\"\" width=\"806\" height=\"1100\" srcset=\"https:\/\/zakrasnejsivimperk.cz\/wp-content\/uploads\/2022\/08\/11\/vpk-vetev-hrbitovni-110822-4.jpg 806w, https:\/\/zakrasnejsivimperk.cz\/wp-content\/uploads\/2022\/08\/11\/vpk-vetev-hrbitovni-110822-4-220x300.jpg 220w, https:\/\/zakrasnejsivimperk.cz\/wp-content\/uploads\/2022\/08\/11\/vpk-vetev-hrbitovni-110822-4-768x1048.jpg 768w, https:\/\/zakrasnejsivimperk.cz\/wp-content\/uploads\/2022\/08\/11\/vpk-vetev-hrbitovni-110822-4-750x1024.jpg 750w, https:\/\/zakrasnejsivimperk.cz\/wp-content\/uploads\/2022\/08\/11\/vpk-vetev-hrbitovni-110822-4-262x357.jpg 262w, https:\/\/zakrasnejsivimperk.cz\/wp-content\/uploads\/2022\/08\/11\/vpk-vetev-hrbitovni-110822-4-354x483.jpg 354w\" sizes=\"(max-width: 806px) 100vw, 806px\" \/><\/p>\n<p>&nbsp;<\/p>\n<p>&nbsp;<\/p>\n<p><img loading=\"lazy\" decoding=\"async\" class=\"aligncenter wp-image-260855 size-full\" src=\"https:\/\/zakrasnejsivimperk.cz\/wp-content\/uploads\/2022\/08\/11\/vpk-vetev-hrbitovni-110822-5.jpg\" alt=\"\" width=\"1010\" height=\"1100\" srcset=\"https:\/\/zakrasnejsivimperk.cz\/wp-content\/uploads\/2022\/08\/11\/vpk-vetev-hrbitovni-110822-5.jpg 1010w, https:\/\/zakrasnejsivimperk.cz\/wp-content\/uploads\/2022\/08\/11\/vpk-vetev-hrbitovni-110822-5-275x300.jpg 275w, https:\/\/zakrasnejsivimperk.cz\/wp-content\/uploads\/2022\/08\/11\/vpk-vetev-hrbitovni-110822-5-768x836.jpg 768w, https:\/\/zakrasnejsivimperk.cz\/wp-content\/uploads\/2022\/08\/11\/vpk-vetev-hrbitovni-110822-5-940x1024.jpg 940w, https:\/\/zakrasnejsivimperk.cz\/wp-content\/uploads\/2022\/08\/11\/vpk-vetev-hrbitovni-110822-5-328x357.jpg 328w, https:\/\/zakrasnejsivimperk.cz\/wp-content\/uploads\/2022\/08\/11\/vpk-vetev-hrbitovni-110822-5-443x483.jpg 443w\" sizes=\"(max-width: 1010px) 100vw, 1010px\" \/><\/p>\n<p>&nbsp;<\/p>\n<p><strong>Foto: (red) &#8211; Za kr\u00e1sn\u011bj\u0161\u00ed Vimperk<\/strong><\/p>\n<hr \/>\n<p>&nbsp;<\/p>\n<p>&nbsp;<\/p>\n","protected":false},"excerpt":{"rendered":"<p>&nbsp; &nbsp; <\/p>\n","protected":false},"author":2,"featured_media":260857,"comment_status":"open","ping_status":"open","sticky":false,"template":"","format":"gallery","meta":{"footnotes":""},"categories":[118,108],"tags":[],"jetpack_featured_media_url":"https:\/\/zakrasnejsivimperk.cz\/wp-content\/uploads\/2022\/08\/11\/r\u00e1m-vandal.jpg","_links":{"self":[{"href":"https:\/\/zakrasnejsivimperk.cz\/index.php?rest_route=\/wp\/v2\/posts\/260850"}],"collection":[{"href":"https:\/\/zakrasnejsivimperk.cz\/index.php?rest_route=\/wp\/v2\/posts"}],"about":[{"href":"https:\/\/zakrasnejsivimperk.cz\/index.php?rest_route=\/wp\/v2\/types\/post"}],"author":[{"embeddable":true,"href":"https:\/\/zakrasnejsivimperk.cz\/index.php?rest_route=\/wp\/v2\/users\/2"}],"replies":[{"embeddable":true,"href":"https:\/\/zakrasnejsivimperk.cz\/index.php?rest_route=%2Fwp%2Fv2%2Fcomments&post=260850"}],"version-history":[{"count":3,"href":"https:\/\/zakrasnejsivimperk.cz\/index.php?rest_route=\/wp\/v2\/posts\/260850\/revisions"}],"predecessor-version":[{"id":260859,"href":"https:\/\/zakrasnejsivimperk.cz\/index.php?rest_route=\/wp\/v2\/posts\/260850\/revisions\/260859"}],"wp:featuredmedia":[{"embeddable":true,"href":"https:\/\/zakrasnejsivimperk.cz\/index.php?rest_route=\/wp\/v2\/media\/260857"}],"wp:attachment":[{"href":"https:\/\/zakrasnejsivimperk.cz\/index.php?rest_route=%2Fwp%2Fv2%2Fmedia&parent=260850"}],"wp:term":[{"taxonomy":"category","embeddable":true,"href":"https:\/\/zakrasnejsivimperk.cz\/index.php?rest_route=%2Fwp%2Fv2%2Fcategories&post=260850"},{"taxonomy":"post_tag","embeddable":true,"href":"https:\/\/zakrasnejsivimperk.cz\/index.php?rest_route=%2Fwp%2Fv2%2Ftags&post=260850"}],"curies":[{"name":"wp","href":"https:\/\/api.w.org\/{rel}","templated":true}]}}