{"id":260623,"date":"2022-08-08T12:07:54","date_gmt":"2022-08-08T11:07:54","guid":{"rendered":"https:\/\/zakrasnejsivimperk.cz\/?p=260623"},"modified":"2022-08-09T17:45:25","modified_gmt":"2022-08-09T16:45:25","slug":"glosar-volynky-homolkove-8-srpna-2022","status":"publish","type":"post","link":"https:\/\/zakrasnejsivimperk.cz\/?p=260623","title":{"rendered":"GLOS\u00c1\u0158 Voly\u0148ky Homolkov\u00e9: 8. srpna 2022"},"content":{"rendered":"<figure id=\"attachment_251369\" aria-describedby=\"caption-attachment-251369\" style=\"width: 1100px\" class=\"wp-caption aligncenter\"><img loading=\"lazy\" decoding=\"async\" class=\"wp-image-251369 size-full\" src=\"https:\/\/zakrasnejsivimperk.cz\/wp-content\/uploads\/2022\/04\/08\/glos\u00e1\u0159-voly\u0148ky.jpg\" alt=\"\" width=\"1100\" height=\"734\" srcset=\"https:\/\/zakrasnejsivimperk.cz\/wp-content\/uploads\/2022\/04\/08\/glos\u00e1\u0159-voly\u0148ky.jpg 1100w, https:\/\/zakrasnejsivimperk.cz\/wp-content\/uploads\/2022\/04\/08\/glos\u00e1\u0159-voly\u0148ky-300x200.jpg 300w, https:\/\/zakrasnejsivimperk.cz\/wp-content\/uploads\/2022\/04\/08\/glos\u00e1\u0159-voly\u0148ky-768x512.jpg 768w, https:\/\/zakrasnejsivimperk.cz\/wp-content\/uploads\/2022\/04\/08\/glos\u00e1\u0159-voly\u0148ky-1024x683.jpg 1024w, https:\/\/zakrasnejsivimperk.cz\/wp-content\/uploads\/2022\/04\/08\/glos\u00e1\u0159-voly\u0148ky-535x357.jpg 535w, https:\/\/zakrasnejsivimperk.cz\/wp-content\/uploads\/2022\/04\/08\/glos\u00e1\u0159-voly\u0148ky-724x483.jpg 724w\" sizes=\"(max-width: 1100px) 100vw, 1100px\" \/><figcaption id=\"caption-attachment-251369\" class=\"wp-caption-text\">Kol\u00e1\u017e: (red) &#8211; Za kr\u00e1sn\u011bj\u0161\u00ed Vimperk<\/figcaption><\/figure>\n<hr \/>\n<p>&nbsp;<\/p>\n<h4>ad\u00a0<a href=\"https:\/\/zakrasnejsivimperk.cz\/?p=260153\" target=\"_blank\" rel=\"noopener\">NA\u0160E M\u011aSTO VIMPERK: Arboretum \u2013 n\u011bkolik pohled\u016f z hlavn\u00ed cesty<\/a><\/h4>\n<h6><em>Zalo\u017een\u00ed arboreta bylo kdysi skv\u011bl\u00fdm po\u010dinem osv\u00edcen\u00fdch osobnost\u00ed. Jeho sou\u010dasn\u00fd stav si v\u0161ak zaslou\u017e\u00ed revitalizaci.\u00a0 Krom\u011b o\u0161et\u0159en\u00ed st\u00e1vaj\u00edc\u00ed zelen\u011b\u00a0 nebo v\u00fdsadby nov\u00e9 by mohlo b\u00fdt dopln\u011bno o dal\u0161\u00ed p\u011b\u0161iny, lavi\u010dky nebo p\u0159\u00edst\u0159e\u0161ky.\u00a0M\u011bstsk\u00fd architekt by ur\u010dit\u011b pomohl jak na to, bez nutnosti sout\u011b\u017ee. Arboretum m\u00e1 mnohem v\u011bt\u0161\u00ed potenci\u00e1l ne\u017e se zd\u00e1. Je daleko lep\u0161\u00edm parkem ne\u017e ten u \u0159eky. Na jeho \u00fadr\u017eb\u011b se mohou pod\u00edlet i \u017e\u00e1ci a studenti zdej\u0161\u00edch \u0161kol v r\u00e1mci b\u011b\u017en\u00e9 v\u00fduky o p\u0159\u00edrod\u011b a jej\u00ed ochran\u011b. Co \u0159\u00edk\u00e1te v\u00e1\u017een\u00ed kandid\u00e1ti podzimn\u00edch komun\u00e1lek? Nezapomn\u011bli jste ve sv\u00fdch slibech a viz\u00edch na na\u0161e arboretum? V\u00edce se mu v\u011bnovat,\u00a0aby bylo je\u0161t\u011b kr\u00e1sn\u011bj\u0161\u00ed a slou\u017eilo dal\u0161\u00edm generac\u00edm.<\/em><\/h6>\n<p>&nbsp;<\/p>\n<h4>ad\u00a0<a href=\"https:\/\/zakrasnejsivimperk.cz\/?p=260096\" target=\"_blank\" rel=\"noopener\">NA\u0160E M\u011aSTO VIMPERK: Chodn\u00edk u (zav\u0159en\u00e9ho) hotelu Vltava st\u00e1le \u010dek\u00e1 na opravu<\/a><\/h4>\n<h6><em>Pro chodce nebezpe\u010dnou z\u00e1vadu na chodn\u00edku\u00a0 i stavb\u011b hotelu ji\u017e mus\u00ed \u0159e\u0161it \u00fa\u0159edn\u00edci podle silni\u010dn\u00edho a stavebn\u00edho z\u00e1kona. V jejich pravomoci je donutit m\u011bsto i vlastn\u00edka hotelu k proveden\u00ed \u0159\u00e1dn\u00fdch oprav jejich staveb. \u017de se dlouho nic ned\u011bje nen\u00ed dobrou vizitkou p\u0159edev\u0161\u00edm pro veden\u00ed zdej\u0161\u00edho \u00fa\u0159adu, ale ani pro veden\u00ed m\u011bsta. Pro\u010d? Boj\u00ed se snad n\u011bkdo n\u011bkoho? Situace m\u016f\u017ee b\u00fdt ka\u017ed\u00fdm dnem hor\u0161\u00ed. Po\u010dk\u00e1me a\u017e se stane t\u011b\u017ek\u00fd \u00faraz? Je evidentn\u00ed kdo bude na stran\u011b ob\u017ealovan\u00fdch. \u0160koda pro jinak p\u0159\u00edv\u011btiv\u00fd \u00fa\u0159ad.\u00a0<\/em><\/h6>\n<p>&nbsp;<\/p>\n<h4>ad\u00a0<a href=\"https:\/\/zakrasnejsivimperk.cz\/?p=259536\" target=\"_blank\" rel=\"noopener\">NA\u0160E M\u011aSTO VIMPERK: Glosa \u2013 3. srpna 2022<\/a><\/h4>\n<h6><em>Pro Vimperk nejsou Prachatice v oblasti zkr\u00e1\u0161lov\u00e1n\u00ed ve\u0159ejn\u00e9ho prostoru kv\u011btnat\u00fdmi loukami \u010di lou\u010dkami p\u0159\u00edkladem. Pro\u010d? Je to jednoduch\u00e9. Je to v konkr\u00e9tn\u00edch lidech, kte\u0159\u00ed s t\u00edm necht\u011bj\u00ed m\u00edt pr\u00e1ci a starosti. Pohodln\u011bj\u0161\u00ed je rozd\u00e1vat odm\u011bny soukromn\u00edk\u016fm za kv\u011btinami vyzdoben\u00e1 okna a okrasn\u00e9 zahrady.\u00a0<\/em><\/h6>\n<p>&nbsp;<\/p>\n<p><strong>Voly\u0148ka HOMOLKOV\u00c1<\/strong><\/p>\n<hr \/>\n<p>&nbsp;<\/p>\n<p>&nbsp;<\/p>\n","protected":false},"excerpt":{"rendered":"<p>&nbsp; ad\u00a0NA\u0160E <\/p>\n","protected":false},"author":2,"featured_media":260624,"comment_status":"open","ping_status":"open","sticky":false,"template":"","format":"gallery","meta":{"footnotes":""},"categories":[85,118],"tags":[],"jetpack_featured_media_url":"https:\/\/zakrasnejsivimperk.cz\/wp-content\/uploads\/2022\/08\/08\/glos\u00e1\u0159-080822.jpg","_links":{"self":[{"href":"https:\/\/zakrasnejsivimperk.cz\/index.php?rest_route=\/wp\/v2\/posts\/260623"}],"collection":[{"href":"https:\/\/zakrasnejsivimperk.cz\/index.php?rest_route=\/wp\/v2\/posts"}],"about":[{"href":"https:\/\/zakrasnejsivimperk.cz\/index.php?rest_route=\/wp\/v2\/types\/post"}],"author":[{"embeddable":true,"href":"https:\/\/zakrasnejsivimperk.cz\/index.php?rest_route=\/wp\/v2\/users\/2"}],"replies":[{"embeddable":true,"href":"https:\/\/zakrasnejsivimperk.cz\/index.php?rest_route=%2Fwp%2Fv2%2Fcomments&post=260623"}],"version-history":[{"count":2,"href":"https:\/\/zakrasnejsivimperk.cz\/index.php?rest_route=\/wp\/v2\/posts\/260623\/revisions"}],"predecessor-version":[{"id":260626,"href":"https:\/\/zakrasnejsivimperk.cz\/index.php?rest_route=\/wp\/v2\/posts\/260623\/revisions\/260626"}],"wp:featuredmedia":[{"embeddable":true,"href":"https:\/\/zakrasnejsivimperk.cz\/index.php?rest_route=\/wp\/v2\/media\/260624"}],"wp:attachment":[{"href":"https:\/\/zakrasnejsivimperk.cz\/index.php?rest_route=%2Fwp%2Fv2%2Fmedia&parent=260623"}],"wp:term":[{"taxonomy":"category","embeddable":true,"href":"https:\/\/zakrasnejsivimperk.cz\/index.php?rest_route=%2Fwp%2Fv2%2Fcategories&post=260623"},{"taxonomy":"post_tag","embeddable":true,"href":"https:\/\/zakrasnejsivimperk.cz\/index.php?rest_route=%2Fwp%2Fv2%2Ftags&post=260623"}],"curies":[{"name":"wp","href":"https:\/\/api.w.org\/{rel}","templated":true}]}}