{"id":259784,"date":"2022-07-28T14:13:03","date_gmt":"2022-07-28T13:13:03","guid":{"rendered":"https:\/\/zakrasnejsivimperk.cz\/?p=259784"},"modified":"2022-07-31T11:50:55","modified_gmt":"2022-07-31T10:50:55","slug":"nase-mesto-vimperk-v-kostelni-ulici-2","status":"publish","type":"post","link":"https:\/\/zakrasnejsivimperk.cz\/?p=259784","title":{"rendered":"NA\u0160E M\u011aSTO VIMPERK: V Kosteln\u00ed ulici"},"content":{"rendered":"<figure id=\"attachment_259785\" aria-describedby=\"caption-attachment-259785\" style=\"width: 916px\" class=\"wp-caption aligncenter\"><img loading=\"lazy\" decoding=\"async\" class=\"wp-image-259785 size-full\" src=\"https:\/\/zakrasnejsivimperk.cz\/wp-content\/uploads\/2022\/07\/27\/vpk-zvonice-a-kostel-1.jpg\" alt=\"\" width=\"916\" height=\"1100\" srcset=\"https:\/\/zakrasnejsivimperk.cz\/wp-content\/uploads\/2022\/07\/27\/vpk-zvonice-a-kostel-1.jpg 916w, https:\/\/zakrasnejsivimperk.cz\/wp-content\/uploads\/2022\/07\/27\/vpk-zvonice-a-kostel-1-250x300.jpg 250w, https:\/\/zakrasnejsivimperk.cz\/wp-content\/uploads\/2022\/07\/27\/vpk-zvonice-a-kostel-1-768x922.jpg 768w, https:\/\/zakrasnejsivimperk.cz\/wp-content\/uploads\/2022\/07\/27\/vpk-zvonice-a-kostel-1-853x1024.jpg 853w, https:\/\/zakrasnejsivimperk.cz\/wp-content\/uploads\/2022\/07\/27\/vpk-zvonice-a-kostel-1-297x357.jpg 297w, https:\/\/zakrasnejsivimperk.cz\/wp-content\/uploads\/2022\/07\/27\/vpk-zvonice-a-kostel-1-402x483.jpg 402w\" sizes=\"(max-width: 916px) 100vw, 916px\" \/><figcaption id=\"caption-attachment-259785\" class=\"wp-caption-text\">Foto: (red) &#8211; Za kr\u00e1sn\u011bj\u0161\u00ed Vimperk<\/figcaption><\/figure>\n<hr \/>\n<p>&nbsp;<\/p>\n<p>&nbsp;<\/p>\n<p>&nbsp;<\/p>\n","protected":false},"excerpt":{"rendered":"<p>&nbsp; &nbsp; <\/p>\n","protected":false},"author":2,"featured_media":259785,"comment_status":"open","ping_status":"open","sticky":false,"template":"","format":"gallery","meta":{"footnotes":""},"categories":[171],"tags":[],"jetpack_featured_media_url":"https:\/\/zakrasnejsivimperk.cz\/wp-content\/uploads\/2022\/07\/27\/vpk-zvonice-a-kostel-1.jpg","_links":{"self":[{"href":"https:\/\/zakrasnejsivimperk.cz\/index.php?rest_route=\/wp\/v2\/posts\/259784"}],"collection":[{"href":"https:\/\/zakrasnejsivimperk.cz\/index.php?rest_route=\/wp\/v2\/posts"}],"about":[{"href":"https:\/\/zakrasnejsivimperk.cz\/index.php?rest_route=\/wp\/v2\/types\/post"}],"author":[{"embeddable":true,"href":"https:\/\/zakrasnejsivimperk.cz\/index.php?rest_route=\/wp\/v2\/users\/2"}],"replies":[{"embeddable":true,"href":"https:\/\/zakrasnejsivimperk.cz\/index.php?rest_route=%2Fwp%2Fv2%2Fcomments&post=259784"}],"version-history":[{"count":1,"href":"https:\/\/zakrasnejsivimperk.cz\/index.php?rest_route=\/wp\/v2\/posts\/259784\/revisions"}],"predecessor-version":[{"id":259787,"href":"https:\/\/zakrasnejsivimperk.cz\/index.php?rest_route=\/wp\/v2\/posts\/259784\/revisions\/259787"}],"wp:featuredmedia":[{"embeddable":true,"href":"https:\/\/zakrasnejsivimperk.cz\/index.php?rest_route=\/wp\/v2\/media\/259785"}],"wp:attachment":[{"href":"https:\/\/zakrasnejsivimperk.cz\/index.php?rest_route=%2Fwp%2Fv2%2Fmedia&parent=259784"}],"wp:term":[{"taxonomy":"category","embeddable":true,"href":"https:\/\/zakrasnejsivimperk.cz\/index.php?rest_route=%2Fwp%2Fv2%2Fcategories&post=259784"},{"taxonomy":"post_tag","embeddable":true,"href":"https:\/\/zakrasnejsivimperk.cz\/index.php?rest_route=%2Fwp%2Fv2%2Ftags&post=259784"}],"curies":[{"name":"wp","href":"https:\/\/api.w.org\/{rel}","templated":true}]}}