{"id":259021,"date":"2022-08-21T12:42:15","date_gmt":"2022-08-21T11:42:15","guid":{"rendered":"https:\/\/zakrasnejsivimperk.cz\/?p=259021"},"modified":"2022-08-23T12:13:29","modified_gmt":"2022-08-23T11:13:29","slug":"nase-mesto-vimperk-co-take-uvidite-na-prvnim-zameckem-nadvori","status":"publish","type":"post","link":"https:\/\/zakrasnejsivimperk.cz\/?p=259021","title":{"rendered":"NA\u0160E M\u011aSTO VIMPERK: Co tak\u00e9 uvid\u00edte na prvn\u00edm z\u00e1meck\u00e9m n\u00e1dvo\u0159\u00ed"},"content":{"rendered":"<p><img loading=\"lazy\" decoding=\"async\" class=\"aligncenter wp-image-254177 size-full\" src=\"https:\/\/zakrasnejsivimperk.cz\/wp-content\/uploads\/2022\/05\/13\/vpk-z\u00e1mek-n\u00e1dvo\u0159\u00ed-2.jpg\" alt=\"\" width=\"1100\" height=\"646\" srcset=\"https:\/\/zakrasnejsivimperk.cz\/wp-content\/uploads\/2022\/05\/13\/vpk-z\u00e1mek-n\u00e1dvo\u0159\u00ed-2.jpg 1100w, https:\/\/zakrasnejsivimperk.cz\/wp-content\/uploads\/2022\/05\/13\/vpk-z\u00e1mek-n\u00e1dvo\u0159\u00ed-2-300x176.jpg 300w, https:\/\/zakrasnejsivimperk.cz\/wp-content\/uploads\/2022\/05\/13\/vpk-z\u00e1mek-n\u00e1dvo\u0159\u00ed-2-768x451.jpg 768w, https:\/\/zakrasnejsivimperk.cz\/wp-content\/uploads\/2022\/05\/13\/vpk-z\u00e1mek-n\u00e1dvo\u0159\u00ed-2-1024x601.jpg 1024w, https:\/\/zakrasnejsivimperk.cz\/wp-content\/uploads\/2022\/05\/13\/vpk-z\u00e1mek-n\u00e1dvo\u0159\u00ed-2-608x357.jpg 608w, https:\/\/zakrasnejsivimperk.cz\/wp-content\/uploads\/2022\/05\/13\/vpk-z\u00e1mek-n\u00e1dvo\u0159\u00ed-2-822x483.jpg 822w\" sizes=\"(max-width: 1100px) 100vw, 1100px\" \/><\/p>\n<p>&nbsp;<\/p>\n<p>&nbsp;<\/p>\n<p><img loading=\"lazy\" decoding=\"async\" class=\"aligncenter wp-image-259022 size-full\" src=\"https:\/\/zakrasnejsivimperk.cz\/wp-content\/uploads\/2022\/07\/15\/z\u00e1mek-prvn\u00ed-n\u00e1dvo\u0159\u00ed-1.jpg\" alt=\"\" width=\"1100\" height=\"749\" srcset=\"https:\/\/zakrasnejsivimperk.cz\/wp-content\/uploads\/2022\/07\/15\/z\u00e1mek-prvn\u00ed-n\u00e1dvo\u0159\u00ed-1.jpg 1100w, https:\/\/zakrasnejsivimperk.cz\/wp-content\/uploads\/2022\/07\/15\/z\u00e1mek-prvn\u00ed-n\u00e1dvo\u0159\u00ed-1-300x204.jpg 300w, https:\/\/zakrasnejsivimperk.cz\/wp-content\/uploads\/2022\/07\/15\/z\u00e1mek-prvn\u00ed-n\u00e1dvo\u0159\u00ed-1-768x523.jpg 768w, https:\/\/zakrasnejsivimperk.cz\/wp-content\/uploads\/2022\/07\/15\/z\u00e1mek-prvn\u00ed-n\u00e1dvo\u0159\u00ed-1-1024x697.jpg 1024w, https:\/\/zakrasnejsivimperk.cz\/wp-content\/uploads\/2022\/07\/15\/z\u00e1mek-prvn\u00ed-n\u00e1dvo\u0159\u00ed-1-524x357.jpg 524w, https:\/\/zakrasnejsivimperk.cz\/wp-content\/uploads\/2022\/07\/15\/z\u00e1mek-prvn\u00ed-n\u00e1dvo\u0159\u00ed-1-709x483.jpg 709w\" sizes=\"(max-width: 1100px) 100vw, 1100px\" \/><\/p>\n<p>&nbsp;<\/p>\n<p>&nbsp;<\/p>\n<p><img loading=\"lazy\" decoding=\"async\" class=\"aligncenter wp-image-259023 size-full\" src=\"https:\/\/zakrasnejsivimperk.cz\/wp-content\/uploads\/2022\/07\/15\/z\u00e1mek-prvn\u00ed-n\u00e1dvo\u0159\u00ed-2.jpg\" alt=\"\" width=\"1100\" height=\"762\" srcset=\"https:\/\/zakrasnejsivimperk.cz\/wp-content\/uploads\/2022\/07\/15\/z\u00e1mek-prvn\u00ed-n\u00e1dvo\u0159\u00ed-2.jpg 1100w, https:\/\/zakrasnejsivimperk.cz\/wp-content\/uploads\/2022\/07\/15\/z\u00e1mek-prvn\u00ed-n\u00e1dvo\u0159\u00ed-2-300x208.jpg 300w, https:\/\/zakrasnejsivimperk.cz\/wp-content\/uploads\/2022\/07\/15\/z\u00e1mek-prvn\u00ed-n\u00e1dvo\u0159\u00ed-2-768x532.jpg 768w, https:\/\/zakrasnejsivimperk.cz\/wp-content\/uploads\/2022\/07\/15\/z\u00e1mek-prvn\u00ed-n\u00e1dvo\u0159\u00ed-2-1024x709.jpg 1024w, https:\/\/zakrasnejsivimperk.cz\/wp-content\/uploads\/2022\/07\/15\/z\u00e1mek-prvn\u00ed-n\u00e1dvo\u0159\u00ed-2-515x357.jpg 515w, https:\/\/zakrasnejsivimperk.cz\/wp-content\/uploads\/2022\/07\/15\/z\u00e1mek-prvn\u00ed-n\u00e1dvo\u0159\u00ed-2-697x483.jpg 697w\" sizes=\"(max-width: 1100px) 100vw, 1100px\" \/><\/p>\n<p>&nbsp;<\/p>\n<p>&nbsp;<\/p>\n<p><img loading=\"lazy\" decoding=\"async\" class=\"aligncenter wp-image-259024 size-full\" src=\"https:\/\/zakrasnejsivimperk.cz\/wp-content\/uploads\/2022\/07\/15\/z\u00e1mek-prvn\u00ed-n\u00e1dvo\u0159\u00ed-3.jpg\" alt=\"\" width=\"1100\" height=\"701\" srcset=\"https:\/\/zakrasnejsivimperk.cz\/wp-content\/uploads\/2022\/07\/15\/z\u00e1mek-prvn\u00ed-n\u00e1dvo\u0159\u00ed-3.jpg 1100w, https:\/\/zakrasnejsivimperk.cz\/wp-content\/uploads\/2022\/07\/15\/z\u00e1mek-prvn\u00ed-n\u00e1dvo\u0159\u00ed-3-300x191.jpg 300w, https:\/\/zakrasnejsivimperk.cz\/wp-content\/uploads\/2022\/07\/15\/z\u00e1mek-prvn\u00ed-n\u00e1dvo\u0159\u00ed-3-768x489.jpg 768w, https:\/\/zakrasnejsivimperk.cz\/wp-content\/uploads\/2022\/07\/15\/z\u00e1mek-prvn\u00ed-n\u00e1dvo\u0159\u00ed-3-1024x653.jpg 1024w, https:\/\/zakrasnejsivimperk.cz\/wp-content\/uploads\/2022\/07\/15\/z\u00e1mek-prvn\u00ed-n\u00e1dvo\u0159\u00ed-3-100x65.jpg 100w, https:\/\/zakrasnejsivimperk.cz\/wp-content\/uploads\/2022\/07\/15\/z\u00e1mek-prvn\u00ed-n\u00e1dvo\u0159\u00ed-3-560x357.jpg 560w, https:\/\/zakrasnejsivimperk.cz\/wp-content\/uploads\/2022\/07\/15\/z\u00e1mek-prvn\u00ed-n\u00e1dvo\u0159\u00ed-3-758x483.jpg 758w\" sizes=\"(max-width: 1100px) 100vw, 1100px\" \/><\/p>\n<p>&nbsp;<\/p>\n<p>&nbsp;<\/p>\n<p><img loading=\"lazy\" decoding=\"async\" class=\"aligncenter wp-image-259026 size-full\" src=\"https:\/\/zakrasnejsivimperk.cz\/wp-content\/uploads\/2022\/07\/15\/z\u00e1mek-prvn\u00ed-n\u00e1dvo\u0159\u00ed-5.jpg\" alt=\"\" width=\"1100\" height=\"701\" srcset=\"https:\/\/zakrasnejsivimperk.cz\/wp-content\/uploads\/2022\/07\/15\/z\u00e1mek-prvn\u00ed-n\u00e1dvo\u0159\u00ed-5.jpg 1100w, https:\/\/zakrasnejsivimperk.cz\/wp-content\/uploads\/2022\/07\/15\/z\u00e1mek-prvn\u00ed-n\u00e1dvo\u0159\u00ed-5-300x191.jpg 300w, https:\/\/zakrasnejsivimperk.cz\/wp-content\/uploads\/2022\/07\/15\/z\u00e1mek-prvn\u00ed-n\u00e1dvo\u0159\u00ed-5-768x489.jpg 768w, https:\/\/zakrasnejsivimperk.cz\/wp-content\/uploads\/2022\/07\/15\/z\u00e1mek-prvn\u00ed-n\u00e1dvo\u0159\u00ed-5-1024x653.jpg 1024w, https:\/\/zakrasnejsivimperk.cz\/wp-content\/uploads\/2022\/07\/15\/z\u00e1mek-prvn\u00ed-n\u00e1dvo\u0159\u00ed-5-100x65.jpg 100w, https:\/\/zakrasnejsivimperk.cz\/wp-content\/uploads\/2022\/07\/15\/z\u00e1mek-prvn\u00ed-n\u00e1dvo\u0159\u00ed-5-560x357.jpg 560w, https:\/\/zakrasnejsivimperk.cz\/wp-content\/uploads\/2022\/07\/15\/z\u00e1mek-prvn\u00ed-n\u00e1dvo\u0159\u00ed-5-758x483.jpg 758w\" sizes=\"(max-width: 1100px) 100vw, 1100px\" \/><\/p>\n<p>&nbsp;<\/p>\n<p>&nbsp;<\/p>\n<p><img loading=\"lazy\" decoding=\"async\" class=\"aligncenter wp-image-259025 size-full\" src=\"https:\/\/zakrasnejsivimperk.cz\/wp-content\/uploads\/2022\/07\/15\/z\u00e1mek-prvn\u00ed-n\u00e1dvo\u0159\u00ed-4.jpg\" alt=\"\" width=\"1100\" height=\"750\" srcset=\"https:\/\/zakrasnejsivimperk.cz\/wp-content\/uploads\/2022\/07\/15\/z\u00e1mek-prvn\u00ed-n\u00e1dvo\u0159\u00ed-4.jpg 1100w, https:\/\/zakrasnejsivimperk.cz\/wp-content\/uploads\/2022\/07\/15\/z\u00e1mek-prvn\u00ed-n\u00e1dvo\u0159\u00ed-4-300x205.jpg 300w, https:\/\/zakrasnejsivimperk.cz\/wp-content\/uploads\/2022\/07\/15\/z\u00e1mek-prvn\u00ed-n\u00e1dvo\u0159\u00ed-4-768x524.jpg 768w, https:\/\/zakrasnejsivimperk.cz\/wp-content\/uploads\/2022\/07\/15\/z\u00e1mek-prvn\u00ed-n\u00e1dvo\u0159\u00ed-4-1024x698.jpg 1024w, https:\/\/zakrasnejsivimperk.cz\/wp-content\/uploads\/2022\/07\/15\/z\u00e1mek-prvn\u00ed-n\u00e1dvo\u0159\u00ed-4-524x357.jpg 524w, https:\/\/zakrasnejsivimperk.cz\/wp-content\/uploads\/2022\/07\/15\/z\u00e1mek-prvn\u00ed-n\u00e1dvo\u0159\u00ed-4-708x483.jpg 708w\" sizes=\"(max-width: 1100px) 100vw, 1100px\" \/><\/p>\n<p>&nbsp;<\/p>\n<p>&nbsp;<\/p>\n<p><img loading=\"lazy\" decoding=\"async\" class=\"aligncenter wp-image-259027 size-full\" src=\"https:\/\/zakrasnejsivimperk.cz\/wp-content\/uploads\/2022\/07\/15\/z\u00e1mek-prvn\u00ed-n\u00e1dvo\u0159\u00ed-6.jpg\" alt=\"\" width=\"1082\" height=\"1100\" srcset=\"https:\/\/zakrasnejsivimperk.cz\/wp-content\/uploads\/2022\/07\/15\/z\u00e1mek-prvn\u00ed-n\u00e1dvo\u0159\u00ed-6.jpg 1082w, https:\/\/zakrasnejsivimperk.cz\/wp-content\/uploads\/2022\/07\/15\/z\u00e1mek-prvn\u00ed-n\u00e1dvo\u0159\u00ed-6-295x300.jpg 295w, https:\/\/zakrasnejsivimperk.cz\/wp-content\/uploads\/2022\/07\/15\/z\u00e1mek-prvn\u00ed-n\u00e1dvo\u0159\u00ed-6-768x781.jpg 768w, https:\/\/zakrasnejsivimperk.cz\/wp-content\/uploads\/2022\/07\/15\/z\u00e1mek-prvn\u00ed-n\u00e1dvo\u0159\u00ed-6-1007x1024.jpg 1007w, https:\/\/zakrasnejsivimperk.cz\/wp-content\/uploads\/2022\/07\/15\/z\u00e1mek-prvn\u00ed-n\u00e1dvo\u0159\u00ed-6-351x357.jpg 351w, https:\/\/zakrasnejsivimperk.cz\/wp-content\/uploads\/2022\/07\/15\/z\u00e1mek-prvn\u00ed-n\u00e1dvo\u0159\u00ed-6-475x483.jpg 475w\" sizes=\"(max-width: 1082px) 100vw, 1082px\" \/><\/p>\n<p>&nbsp;<\/p>\n<h4>A v\u00fdhled na m\u011bsto:<\/h4>\n<p><img loading=\"lazy\" decoding=\"async\" class=\"aligncenter wp-image-258746 size-full\" src=\"https:\/\/zakrasnejsivimperk.cz\/wp-content\/uploads\/2022\/07\/12\/z\u00e1mek-a-pohledy-na-m\u011bsto-3.jpg\" alt=\"\" width=\"1100\" height=\"653\" srcset=\"https:\/\/zakrasnejsivimperk.cz\/wp-content\/uploads\/2022\/07\/12\/z\u00e1mek-a-pohledy-na-m\u011bsto-3.jpg 1100w, https:\/\/zakrasnejsivimperk.cz\/wp-content\/uploads\/2022\/07\/12\/z\u00e1mek-a-pohledy-na-m\u011bsto-3-300x178.jpg 300w, https:\/\/zakrasnejsivimperk.cz\/wp-content\/uploads\/2022\/07\/12\/z\u00e1mek-a-pohledy-na-m\u011bsto-3-768x456.jpg 768w, https:\/\/zakrasnejsivimperk.cz\/wp-content\/uploads\/2022\/07\/12\/z\u00e1mek-a-pohledy-na-m\u011bsto-3-1024x608.jpg 1024w, https:\/\/zakrasnejsivimperk.cz\/wp-content\/uploads\/2022\/07\/12\/z\u00e1mek-a-pohledy-na-m\u011bsto-3-601x357.jpg 601w, https:\/\/zakrasnejsivimperk.cz\/wp-content\/uploads\/2022\/07\/12\/z\u00e1mek-a-pohledy-na-m\u011bsto-3-814x483.jpg 814w\" sizes=\"(max-width: 1100px) 100vw, 1100px\" \/><\/p>\n<p>&nbsp;<\/p>\n<p>&nbsp;<\/p>\n<p><img loading=\"lazy\" decoding=\"async\" class=\"aligncenter wp-image-258745 size-full\" src=\"https:\/\/zakrasnejsivimperk.cz\/wp-content\/uploads\/2022\/07\/12\/z\u00e1mek-a-pohledy-na-m\u011bsto-2.jpg\" alt=\"\" width=\"1100\" height=\"672\" srcset=\"https:\/\/zakrasnejsivimperk.cz\/wp-content\/uploads\/2022\/07\/12\/z\u00e1mek-a-pohledy-na-m\u011bsto-2.jpg 1100w, https:\/\/zakrasnejsivimperk.cz\/wp-content\/uploads\/2022\/07\/12\/z\u00e1mek-a-pohledy-na-m\u011bsto-2-300x183.jpg 300w, https:\/\/zakrasnejsivimperk.cz\/wp-content\/uploads\/2022\/07\/12\/z\u00e1mek-a-pohledy-na-m\u011bsto-2-768x469.jpg 768w, https:\/\/zakrasnejsivimperk.cz\/wp-content\/uploads\/2022\/07\/12\/z\u00e1mek-a-pohledy-na-m\u011bsto-2-1024x626.jpg 1024w, https:\/\/zakrasnejsivimperk.cz\/wp-content\/uploads\/2022\/07\/12\/z\u00e1mek-a-pohledy-na-m\u011bsto-2-584x357.jpg 584w, https:\/\/zakrasnejsivimperk.cz\/wp-content\/uploads\/2022\/07\/12\/z\u00e1mek-a-pohledy-na-m\u011bsto-2-791x483.jpg 791w\" sizes=\"(max-width: 1100px) 100vw, 1100px\" \/><\/p>\n<p>&nbsp;<\/p>\n<p><strong>Foto: (red) &#8211; Za kr\u00e1sn\u011bj\u0161\u00ed Vimperk<\/strong><\/p>\n<hr \/>\n<p>&nbsp;<\/p>\n<p>&nbsp;<\/p>\n<p>&nbsp;<\/p>\n","protected":false},"excerpt":{"rendered":"<p>&nbsp; &nbsp; <\/p>\n","protected":false},"author":2,"featured_media":259028,"comment_status":"open","ping_status":"open","sticky":false,"template":"","format":"gallery","meta":{"footnotes":""},"categories":[119,108],"tags":[],"jetpack_featured_media_url":"https:\/\/zakrasnejsivimperk.cz\/wp-content\/uploads\/2022\/07\/15\/r\u00e1m-kameny.jpg","_links":{"self":[{"href":"https:\/\/zakrasnejsivimperk.cz\/index.php?rest_route=\/wp\/v2\/posts\/259021"}],"collection":[{"href":"https:\/\/zakrasnejsivimperk.cz\/index.php?rest_route=\/wp\/v2\/posts"}],"about":[{"href":"https:\/\/zakrasnejsivimperk.cz\/index.php?rest_route=\/wp\/v2\/types\/post"}],"author":[{"embeddable":true,"href":"https:\/\/zakrasnejsivimperk.cz\/index.php?rest_route=\/wp\/v2\/users\/2"}],"replies":[{"embeddable":true,"href":"https:\/\/zakrasnejsivimperk.cz\/index.php?rest_route=%2Fwp%2Fv2%2Fcomments&post=259021"}],"version-history":[{"count":1,"href":"https:\/\/zakrasnejsivimperk.cz\/index.php?rest_route=\/wp\/v2\/posts\/259021\/revisions"}],"predecessor-version":[{"id":259029,"href":"https:\/\/zakrasnejsivimperk.cz\/index.php?rest_route=\/wp\/v2\/posts\/259021\/revisions\/259029"}],"wp:featuredmedia":[{"embeddable":true,"href":"https:\/\/zakrasnejsivimperk.cz\/index.php?rest_route=\/wp\/v2\/media\/259028"}],"wp:attachment":[{"href":"https:\/\/zakrasnejsivimperk.cz\/index.php?rest_route=%2Fwp%2Fv2%2Fmedia&parent=259021"}],"wp:term":[{"taxonomy":"category","embeddable":true,"href":"https:\/\/zakrasnejsivimperk.cz\/index.php?rest_route=%2Fwp%2Fv2%2Fcategories&post=259021"},{"taxonomy":"post_tag","embeddable":true,"href":"https:\/\/zakrasnejsivimperk.cz\/index.php?rest_route=%2Fwp%2Fv2%2Ftags&post=259021"}],"curies":[{"name":"wp","href":"https:\/\/api.w.org\/{rel}","templated":true}]}}