{"id":259007,"date":"2022-07-15T17:50:28","date_gmt":"2022-07-15T16:50:28","guid":{"rendered":"https:\/\/zakrasnejsivimperk.cz\/?p=259007"},"modified":"2022-07-17T12:12:01","modified_gmt":"2022-07-17T11:12:01","slug":"nase-mesto-vimperk-na-stavbe-viceucelove-hriste-s-umelym-povrchem-ve-sportovnim-arealu-15-cervence-2022","status":"publish","type":"post","link":"https:\/\/zakrasnejsivimperk.cz\/?p=259007","title":{"rendered":"NA\u0160E M\u011aSTO VIMPERK: Na stavb\u011b \u2013 v\u00edce\u00fa\u010delov\u00e9 h\u0159i\u0161t\u011b s um\u011bl\u00fdm povrchem ve sportovn\u00edm are\u00e1lu (15. \u010dervence 2022)"},"content":{"rendered":"<p><img loading=\"lazy\" decoding=\"async\" class=\"aligncenter wp-image-249847 size-full\" src=\"https:\/\/zakrasnejsivimperk.cz\/wp-content\/uploads\/2022\/03\/19\/Logo-fb.jpg\" alt=\"\" width=\"800\" height=\"324\" srcset=\"https:\/\/zakrasnejsivimperk.cz\/wp-content\/uploads\/2022\/03\/19\/Logo-fb.jpg 800w, https:\/\/zakrasnejsivimperk.cz\/wp-content\/uploads\/2022\/03\/19\/Logo-fb-300x122.jpg 300w, https:\/\/zakrasnejsivimperk.cz\/wp-content\/uploads\/2022\/03\/19\/Logo-fb-768x311.jpg 768w\" sizes=\"(max-width: 800px) 100vw, 800px\" \/><\/p>\n<p>&nbsp;<\/p>\n<p>&nbsp;<\/p>\n<p>&nbsp;<\/p>\n<p><img loading=\"lazy\" decoding=\"async\" class=\"aligncenter wp-image-259008 size-full\" src=\"https:\/\/zakrasnejsivimperk.cz\/wp-content\/uploads\/2022\/07\/15\/vpk-h\u0159i\u0161t\u011b-v\u00edce\u00fa\u010del-150722-1.jpg\" alt=\"\" width=\"1100\" height=\"792\" srcset=\"https:\/\/zakrasnejsivimperk.cz\/wp-content\/uploads\/2022\/07\/15\/vpk-h\u0159i\u0161t\u011b-v\u00edce\u00fa\u010del-150722-1.jpg 1100w, https:\/\/zakrasnejsivimperk.cz\/wp-content\/uploads\/2022\/07\/15\/vpk-h\u0159i\u0161t\u011b-v\u00edce\u00fa\u010del-150722-1-300x216.jpg 300w, https:\/\/zakrasnejsivimperk.cz\/wp-content\/uploads\/2022\/07\/15\/vpk-h\u0159i\u0161t\u011b-v\u00edce\u00fa\u010del-150722-1-768x553.jpg 768w, https:\/\/zakrasnejsivimperk.cz\/wp-content\/uploads\/2022\/07\/15\/vpk-h\u0159i\u0161t\u011b-v\u00edce\u00fa\u010del-150722-1-1024x737.jpg 1024w, https:\/\/zakrasnejsivimperk.cz\/wp-content\/uploads\/2022\/07\/15\/vpk-h\u0159i\u0161t\u011b-v\u00edce\u00fa\u010del-150722-1-326x235.jpg 326w, https:\/\/zakrasnejsivimperk.cz\/wp-content\/uploads\/2022\/07\/15\/vpk-h\u0159i\u0161t\u011b-v\u00edce\u00fa\u010del-150722-1-496x357.jpg 496w, https:\/\/zakrasnejsivimperk.cz\/wp-content\/uploads\/2022\/07\/15\/vpk-h\u0159i\u0161t\u011b-v\u00edce\u00fa\u010del-150722-1-671x483.jpg 671w, https:\/\/zakrasnejsivimperk.cz\/wp-content\/uploads\/2022\/07\/15\/vpk-h\u0159i\u0161t\u011b-v\u00edce\u00fa\u010del-150722-1-198x143.jpg 198w\" sizes=\"(max-width: 1100px) 100vw, 1100px\" \/><\/p>\n<p>&nbsp;<\/p>\n<p>&nbsp;<\/p>\n<p><img loading=\"lazy\" decoding=\"async\" class=\"aligncenter wp-image-259014 size-full\" src=\"https:\/\/zakrasnejsivimperk.cz\/wp-content\/uploads\/2022\/07\/15\/vpk-h\u0159i\u0161t\u011b-v\u00edce\u00fa\u010del-150722-7.jpg\" alt=\"\" width=\"1100\" height=\"759\" srcset=\"https:\/\/zakrasnejsivimperk.cz\/wp-content\/uploads\/2022\/07\/15\/vpk-h\u0159i\u0161t\u011b-v\u00edce\u00fa\u010del-150722-7.jpg 1100w, https:\/\/zakrasnejsivimperk.cz\/wp-content\/uploads\/2022\/07\/15\/vpk-h\u0159i\u0161t\u011b-v\u00edce\u00fa\u010del-150722-7-300x207.jpg 300w, https:\/\/zakrasnejsivimperk.cz\/wp-content\/uploads\/2022\/07\/15\/vpk-h\u0159i\u0161t\u011b-v\u00edce\u00fa\u010del-150722-7-768x530.jpg 768w, https:\/\/zakrasnejsivimperk.cz\/wp-content\/uploads\/2022\/07\/15\/vpk-h\u0159i\u0161t\u011b-v\u00edce\u00fa\u010del-150722-7-1024x707.jpg 1024w, https:\/\/zakrasnejsivimperk.cz\/wp-content\/uploads\/2022\/07\/15\/vpk-h\u0159i\u0161t\u011b-v\u00edce\u00fa\u010del-150722-7-517x357.jpg 517w, https:\/\/zakrasnejsivimperk.cz\/wp-content\/uploads\/2022\/07\/15\/vpk-h\u0159i\u0161t\u011b-v\u00edce\u00fa\u010del-150722-7-700x483.jpg 700w\" sizes=\"(max-width: 1100px) 100vw, 1100px\" \/><\/p>\n<p>&nbsp;<\/p>\n<p>&nbsp;<\/p>\n<p><img loading=\"lazy\" decoding=\"async\" class=\"aligncenter wp-image-259015 size-full\" src=\"https:\/\/zakrasnejsivimperk.cz\/wp-content\/uploads\/2022\/07\/15\/vpk-h\u0159i\u0161t\u011b-v\u00edce\u00fa\u010del-150722-8.jpg\" alt=\"\" width=\"1100\" height=\"650\" srcset=\"https:\/\/zakrasnejsivimperk.cz\/wp-content\/uploads\/2022\/07\/15\/vpk-h\u0159i\u0161t\u011b-v\u00edce\u00fa\u010del-150722-8.jpg 1100w, https:\/\/zakrasnejsivimperk.cz\/wp-content\/uploads\/2022\/07\/15\/vpk-h\u0159i\u0161t\u011b-v\u00edce\u00fa\u010del-150722-8-300x177.jpg 300w, https:\/\/zakrasnejsivimperk.cz\/wp-content\/uploads\/2022\/07\/15\/vpk-h\u0159i\u0161t\u011b-v\u00edce\u00fa\u010del-150722-8-768x454.jpg 768w, https:\/\/zakrasnejsivimperk.cz\/wp-content\/uploads\/2022\/07\/15\/vpk-h\u0159i\u0161t\u011b-v\u00edce\u00fa\u010del-150722-8-1024x605.jpg 1024w, https:\/\/zakrasnejsivimperk.cz\/wp-content\/uploads\/2022\/07\/15\/vpk-h\u0159i\u0161t\u011b-v\u00edce\u00fa\u010del-150722-8-604x357.jpg 604w, https:\/\/zakrasnejsivimperk.cz\/wp-content\/uploads\/2022\/07\/15\/vpk-h\u0159i\u0161t\u011b-v\u00edce\u00fa\u010del-150722-8-817x483.jpg 817w\" sizes=\"(max-width: 1100px) 100vw, 1100px\" \/><\/p>\n<p>&nbsp;<\/p>\n<p>&nbsp;<\/p>\n<p><img loading=\"lazy\" decoding=\"async\" class=\"aligncenter wp-image-259016 size-full\" src=\"https:\/\/zakrasnejsivimperk.cz\/wp-content\/uploads\/2022\/07\/15\/vpk-h\u0159i\u0161t\u011b-v\u00edce\u00fa\u010del-150722-9.jpg\" alt=\"\" width=\"1100\" height=\"1032\" srcset=\"https:\/\/zakrasnejsivimperk.cz\/wp-content\/uploads\/2022\/07\/15\/vpk-h\u0159i\u0161t\u011b-v\u00edce\u00fa\u010del-150722-9.jpg 1100w, https:\/\/zakrasnejsivimperk.cz\/wp-content\/uploads\/2022\/07\/15\/vpk-h\u0159i\u0161t\u011b-v\u00edce\u00fa\u010del-150722-9-300x281.jpg 300w, https:\/\/zakrasnejsivimperk.cz\/wp-content\/uploads\/2022\/07\/15\/vpk-h\u0159i\u0161t\u011b-v\u00edce\u00fa\u010del-150722-9-768x721.jpg 768w, https:\/\/zakrasnejsivimperk.cz\/wp-content\/uploads\/2022\/07\/15\/vpk-h\u0159i\u0161t\u011b-v\u00edce\u00fa\u010del-150722-9-1024x961.jpg 1024w, https:\/\/zakrasnejsivimperk.cz\/wp-content\/uploads\/2022\/07\/15\/vpk-h\u0159i\u0161t\u011b-v\u00edce\u00fa\u010del-150722-9-381x357.jpg 381w, https:\/\/zakrasnejsivimperk.cz\/wp-content\/uploads\/2022\/07\/15\/vpk-h\u0159i\u0161t\u011b-v\u00edce\u00fa\u010del-150722-9-515x483.jpg 515w\" sizes=\"(max-width: 1100px) 100vw, 1100px\" \/><\/p>\n<p>&nbsp;<\/p>\n<p>&nbsp;<\/p>\n<p><img loading=\"lazy\" decoding=\"async\" class=\"aligncenter wp-image-259017 size-full\" src=\"https:\/\/zakrasnejsivimperk.cz\/wp-content\/uploads\/2022\/07\/15\/vpk-h\u0159i\u0161t\u011b-v\u00edce\u00fa\u010del-150722-10.jpg\" alt=\"\" width=\"996\" height=\"1100\" srcset=\"https:\/\/zakrasnejsivimperk.cz\/wp-content\/uploads\/2022\/07\/15\/vpk-h\u0159i\u0161t\u011b-v\u00edce\u00fa\u010del-150722-10.jpg 996w, https:\/\/zakrasnejsivimperk.cz\/wp-content\/uploads\/2022\/07\/15\/vpk-h\u0159i\u0161t\u011b-v\u00edce\u00fa\u010del-150722-10-272x300.jpg 272w, https:\/\/zakrasnejsivimperk.cz\/wp-content\/uploads\/2022\/07\/15\/vpk-h\u0159i\u0161t\u011b-v\u00edce\u00fa\u010del-150722-10-768x848.jpg 768w, https:\/\/zakrasnejsivimperk.cz\/wp-content\/uploads\/2022\/07\/15\/vpk-h\u0159i\u0161t\u011b-v\u00edce\u00fa\u010del-150722-10-927x1024.jpg 927w, https:\/\/zakrasnejsivimperk.cz\/wp-content\/uploads\/2022\/07\/15\/vpk-h\u0159i\u0161t\u011b-v\u00edce\u00fa\u010del-150722-10-323x357.jpg 323w, https:\/\/zakrasnejsivimperk.cz\/wp-content\/uploads\/2022\/07\/15\/vpk-h\u0159i\u0161t\u011b-v\u00edce\u00fa\u010del-150722-10-437x483.jpg 437w\" sizes=\"(max-width: 996px) 100vw, 996px\" \/><\/p>\n<p>&nbsp;<\/p>\n<p>&nbsp;<\/p>\n<p><img loading=\"lazy\" decoding=\"async\" class=\"aligncenter wp-image-259018 size-full\" src=\"https:\/\/zakrasnejsivimperk.cz\/wp-content\/uploads\/2022\/07\/15\/vpk-h\u0159i\u0161t\u011b-v\u00edce\u00fa\u010del-150722-11.jpg\" alt=\"\" width=\"1100\" height=\"1094\" srcset=\"https:\/\/zakrasnejsivimperk.cz\/wp-content\/uploads\/2022\/07\/15\/vpk-h\u0159i\u0161t\u011b-v\u00edce\u00fa\u010del-150722-11.jpg 1100w, https:\/\/zakrasnejsivimperk.cz\/wp-content\/uploads\/2022\/07\/15\/vpk-h\u0159i\u0161t\u011b-v\u00edce\u00fa\u010del-150722-11-150x150.jpg 150w, https:\/\/zakrasnejsivimperk.cz\/wp-content\/uploads\/2022\/07\/15\/vpk-h\u0159i\u0161t\u011b-v\u00edce\u00fa\u010del-150722-11-300x298.jpg 300w, https:\/\/zakrasnejsivimperk.cz\/wp-content\/uploads\/2022\/07\/15\/vpk-h\u0159i\u0161t\u011b-v\u00edce\u00fa\u010del-150722-11-768x764.jpg 768w, https:\/\/zakrasnejsivimperk.cz\/wp-content\/uploads\/2022\/07\/15\/vpk-h\u0159i\u0161t\u011b-v\u00edce\u00fa\u010del-150722-11-1024x1018.jpg 1024w, https:\/\/zakrasnejsivimperk.cz\/wp-content\/uploads\/2022\/07\/15\/vpk-h\u0159i\u0161t\u011b-v\u00edce\u00fa\u010del-150722-11-359x357.jpg 359w, https:\/\/zakrasnejsivimperk.cz\/wp-content\/uploads\/2022\/07\/15\/vpk-h\u0159i\u0161t\u011b-v\u00edce\u00fa\u010del-150722-11-486x483.jpg 486w, https:\/\/zakrasnejsivimperk.cz\/wp-content\/uploads\/2022\/07\/15\/vpk-h\u0159i\u0161t\u011b-v\u00edce\u00fa\u010del-150722-11-210x210.jpg 210w\" sizes=\"(max-width: 1100px) 100vw, 1100px\" \/><\/p>\n<p>&nbsp;<\/p>\n<p>&nbsp;<\/p>\n<p><img loading=\"lazy\" decoding=\"async\" class=\"aligncenter wp-image-259010 size-full\" src=\"https:\/\/zakrasnejsivimperk.cz\/wp-content\/uploads\/2022\/07\/15\/vpk-h\u0159i\u0161t\u011b-v\u00edce\u00fa\u010del-150722-3.jpg\" alt=\"\" width=\"1100\" height=\"679\" srcset=\"https:\/\/zakrasnejsivimperk.cz\/wp-content\/uploads\/2022\/07\/15\/vpk-h\u0159i\u0161t\u011b-v\u00edce\u00fa\u010del-150722-3.jpg 1100w, https:\/\/zakrasnejsivimperk.cz\/wp-content\/uploads\/2022\/07\/15\/vpk-h\u0159i\u0161t\u011b-v\u00edce\u00fa\u010del-150722-3-300x185.jpg 300w, https:\/\/zakrasnejsivimperk.cz\/wp-content\/uploads\/2022\/07\/15\/vpk-h\u0159i\u0161t\u011b-v\u00edce\u00fa\u010del-150722-3-768x474.jpg 768w, https:\/\/zakrasnejsivimperk.cz\/wp-content\/uploads\/2022\/07\/15\/vpk-h\u0159i\u0161t\u011b-v\u00edce\u00fa\u010del-150722-3-1024x632.jpg 1024w, https:\/\/zakrasnejsivimperk.cz\/wp-content\/uploads\/2022\/07\/15\/vpk-h\u0159i\u0161t\u011b-v\u00edce\u00fa\u010del-150722-3-578x357.jpg 578w, https:\/\/zakrasnejsivimperk.cz\/wp-content\/uploads\/2022\/07\/15\/vpk-h\u0159i\u0161t\u011b-v\u00edce\u00fa\u010del-150722-3-782x483.jpg 782w\" sizes=\"(max-width: 1100px) 100vw, 1100px\" \/><\/p>\n<p>&nbsp;<\/p>\n<p>&nbsp;<\/p>\n<p><img loading=\"lazy\" decoding=\"async\" class=\"aligncenter wp-image-259011 size-full\" src=\"https:\/\/zakrasnejsivimperk.cz\/wp-content\/uploads\/2022\/07\/15\/vpk-h\u0159i\u0161t\u011b-v\u00edce\u00fa\u010del-150722-4.jpg\" alt=\"\" width=\"1100\" height=\"705\" srcset=\"https:\/\/zakrasnejsivimperk.cz\/wp-content\/uploads\/2022\/07\/15\/vpk-h\u0159i\u0161t\u011b-v\u00edce\u00fa\u010del-150722-4.jpg 1100w, https:\/\/zakrasnejsivimperk.cz\/wp-content\/uploads\/2022\/07\/15\/vpk-h\u0159i\u0161t\u011b-v\u00edce\u00fa\u010del-150722-4-300x192.jpg 300w, https:\/\/zakrasnejsivimperk.cz\/wp-content\/uploads\/2022\/07\/15\/vpk-h\u0159i\u0161t\u011b-v\u00edce\u00fa\u010del-150722-4-768x492.jpg 768w, https:\/\/zakrasnejsivimperk.cz\/wp-content\/uploads\/2022\/07\/15\/vpk-h\u0159i\u0161t\u011b-v\u00edce\u00fa\u010del-150722-4-1024x656.jpg 1024w, https:\/\/zakrasnejsivimperk.cz\/wp-content\/uploads\/2022\/07\/15\/vpk-h\u0159i\u0161t\u011b-v\u00edce\u00fa\u010del-150722-4-100x65.jpg 100w, https:\/\/zakrasnejsivimperk.cz\/wp-content\/uploads\/2022\/07\/15\/vpk-h\u0159i\u0161t\u011b-v\u00edce\u00fa\u010del-150722-4-557x357.jpg 557w, https:\/\/zakrasnejsivimperk.cz\/wp-content\/uploads\/2022\/07\/15\/vpk-h\u0159i\u0161t\u011b-v\u00edce\u00fa\u010del-150722-4-754x483.jpg 754w\" sizes=\"(max-width: 1100px) 100vw, 1100px\" \/><\/p>\n<p>&nbsp;<\/p>\n<p>&nbsp;<\/p>\n<p><img loading=\"lazy\" decoding=\"async\" class=\"aligncenter wp-image-259012 size-full\" src=\"https:\/\/zakrasnejsivimperk.cz\/wp-content\/uploads\/2022\/07\/15\/vpk-h\u0159i\u0161t\u011b-v\u00edce\u00fa\u010del-150722-5.jpg\" alt=\"\" width=\"1100\" height=\"411\" srcset=\"https:\/\/zakrasnejsivimperk.cz\/wp-content\/uploads\/2022\/07\/15\/vpk-h\u0159i\u0161t\u011b-v\u00edce\u00fa\u010del-150722-5.jpg 1100w, https:\/\/zakrasnejsivimperk.cz\/wp-content\/uploads\/2022\/07\/15\/vpk-h\u0159i\u0161t\u011b-v\u00edce\u00fa\u010del-150722-5-300x112.jpg 300w, https:\/\/zakrasnejsivimperk.cz\/wp-content\/uploads\/2022\/07\/15\/vpk-h\u0159i\u0161t\u011b-v\u00edce\u00fa\u010del-150722-5-768x287.jpg 768w, https:\/\/zakrasnejsivimperk.cz\/wp-content\/uploads\/2022\/07\/15\/vpk-h\u0159i\u0161t\u011b-v\u00edce\u00fa\u010del-150722-5-1024x383.jpg 1024w, https:\/\/zakrasnejsivimperk.cz\/wp-content\/uploads\/2022\/07\/15\/vpk-h\u0159i\u0161t\u011b-v\u00edce\u00fa\u010del-150722-5-955x357.jpg 955w\" sizes=\"(max-width: 1100px) 100vw, 1100px\" \/><\/p>\n<p>&nbsp;<\/p>\n<p>&nbsp;<\/p>\n<p><img loading=\"lazy\" decoding=\"async\" class=\"aligncenter wp-image-259013 size-full\" src=\"https:\/\/zakrasnejsivimperk.cz\/wp-content\/uploads\/2022\/07\/15\/vpk-h\u0159i\u0161t\u011b-v\u00edce\u00fa\u010del-150722-6.jpg\" alt=\"\" width=\"1100\" height=\"401\" srcset=\"https:\/\/zakrasnejsivimperk.cz\/wp-content\/uploads\/2022\/07\/15\/vpk-h\u0159i\u0161t\u011b-v\u00edce\u00fa\u010del-150722-6.jpg 1100w, https:\/\/zakrasnejsivimperk.cz\/wp-content\/uploads\/2022\/07\/15\/vpk-h\u0159i\u0161t\u011b-v\u00edce\u00fa\u010del-150722-6-300x109.jpg 300w, https:\/\/zakrasnejsivimperk.cz\/wp-content\/uploads\/2022\/07\/15\/vpk-h\u0159i\u0161t\u011b-v\u00edce\u00fa\u010del-150722-6-768x280.jpg 768w, https:\/\/zakrasnejsivimperk.cz\/wp-content\/uploads\/2022\/07\/15\/vpk-h\u0159i\u0161t\u011b-v\u00edce\u00fa\u010del-150722-6-1024x373.jpg 1024w, https:\/\/zakrasnejsivimperk.cz\/wp-content\/uploads\/2022\/07\/15\/vpk-h\u0159i\u0161t\u011b-v\u00edce\u00fa\u010del-150722-6-979x357.jpg 979w\" sizes=\"(max-width: 1100px) 100vw, 1100px\" \/><\/p>\n<p>&nbsp;<\/p>\n<p><strong>Foto: (red) &#8211; Za kr\u00e1sn\u011bj\u0161\u00ed Vimperk<\/strong><\/p>\n<hr \/>\n<p>&nbsp;<\/p>\n<p>&nbsp;<\/p>\n<p>&nbsp;<\/p>\n","protected":false},"excerpt":{"rendered":"<p>&nbsp; &nbsp; <\/p>\n","protected":false},"author":2,"featured_media":259020,"comment_status":"open","ping_status":"open","sticky":false,"template":"","format":"gallery","meta":{"footnotes":""},"categories":[118,108],"tags":[],"jetpack_featured_media_url":"https:\/\/zakrasnejsivimperk.cz\/wp-content\/uploads\/2022\/07\/15\/r\u00e1m-na-stavb\u011b-15.jpg","_links":{"self":[{"href":"https:\/\/zakrasnejsivimperk.cz\/index.php?rest_route=\/wp\/v2\/posts\/259007"}],"collection":[{"href":"https:\/\/zakrasnejsivimperk.cz\/index.php?rest_route=\/wp\/v2\/posts"}],"about":[{"href":"https:\/\/zakrasnejsivimperk.cz\/index.php?rest_route=\/wp\/v2\/types\/post"}],"author":[{"embeddable":true,"href":"https:\/\/zakrasnejsivimperk.cz\/index.php?rest_route=\/wp\/v2\/users\/2"}],"replies":[{"embeddable":true,"href":"https:\/\/zakrasnejsivimperk.cz\/index.php?rest_route=%2Fwp%2Fv2%2Fcomments&post=259007"}],"version-history":[{"count":1,"href":"https:\/\/zakrasnejsivimperk.cz\/index.php?rest_route=\/wp\/v2\/posts\/259007\/revisions"}],"predecessor-version":[{"id":259019,"href":"https:\/\/zakrasnejsivimperk.cz\/index.php?rest_route=\/wp\/v2\/posts\/259007\/revisions\/259019"}],"wp:featuredmedia":[{"embeddable":true,"href":"https:\/\/zakrasnejsivimperk.cz\/index.php?rest_route=\/wp\/v2\/media\/259020"}],"wp:attachment":[{"href":"https:\/\/zakrasnejsivimperk.cz\/index.php?rest_route=%2Fwp%2Fv2%2Fmedia&parent=259007"}],"wp:term":[{"taxonomy":"category","embeddable":true,"href":"https:\/\/zakrasnejsivimperk.cz\/index.php?rest_route=%2Fwp%2Fv2%2Fcategories&post=259007"},{"taxonomy":"post_tag","embeddable":true,"href":"https:\/\/zakrasnejsivimperk.cz\/index.php?rest_route=%2Fwp%2Fv2%2Ftags&post=259007"}],"curies":[{"name":"wp","href":"https:\/\/api.w.org\/{rel}","templated":true}]}}