{"id":258888,"date":"2022-07-14T16:07:42","date_gmt":"2022-07-14T15:07:42","guid":{"rendered":"https:\/\/zakrasnejsivimperk.cz\/?p=258888"},"modified":"2022-07-16T21:47:08","modified_gmt":"2022-07-16T20:47:08","slug":"nase-mesto-vimperk-na-stavbe-viceucelove-hriste-s-umelym-povrchem-ve-sportovnim-arealu-14-cervence-2022","status":"publish","type":"post","link":"https:\/\/zakrasnejsivimperk.cz\/?p=258888","title":{"rendered":"NA\u0160E M\u011aSTO VIMPERK: Na stavb\u011b &#8211; v\u00edce\u00fa\u010delov\u00e9 h\u0159i\u0161t\u011b s um\u011bl\u00fdm povrchem ve sportovn\u00edm are\u00e1lu (14. \u010dervence 2022)"},"content":{"rendered":"<p><img loading=\"lazy\" decoding=\"async\" class=\"aligncenter wp-image-249847 size-full\" src=\"https:\/\/zakrasnejsivimperk.cz\/wp-content\/uploads\/2022\/03\/19\/Logo-fb.jpg\" alt=\"\" width=\"800\" height=\"324\" srcset=\"https:\/\/zakrasnejsivimperk.cz\/wp-content\/uploads\/2022\/03\/19\/Logo-fb.jpg 800w, https:\/\/zakrasnejsivimperk.cz\/wp-content\/uploads\/2022\/03\/19\/Logo-fb-300x122.jpg 300w, https:\/\/zakrasnejsivimperk.cz\/wp-content\/uploads\/2022\/03\/19\/Logo-fb-768x311.jpg 768w\" sizes=\"(max-width: 800px) 100vw, 800px\" \/><\/p>\n<p>&nbsp;<\/p>\n<p>&nbsp;<\/p>\n<p>&nbsp;<\/p>\n<p><img loading=\"lazy\" decoding=\"async\" class=\"aligncenter wp-image-258890 size-full\" src=\"https:\/\/zakrasnejsivimperk.cz\/wp-content\/uploads\/2022\/07\/14\/vpk-h\u0159i\u0161t\u011b-140722-2.jpg\" alt=\"\" width=\"1100\" height=\"618\" srcset=\"https:\/\/zakrasnejsivimperk.cz\/wp-content\/uploads\/2022\/07\/14\/vpk-h\u0159i\u0161t\u011b-140722-2.jpg 1100w, https:\/\/zakrasnejsivimperk.cz\/wp-content\/uploads\/2022\/07\/14\/vpk-h\u0159i\u0161t\u011b-140722-2-300x169.jpg 300w, https:\/\/zakrasnejsivimperk.cz\/wp-content\/uploads\/2022\/07\/14\/vpk-h\u0159i\u0161t\u011b-140722-2-768x431.jpg 768w, https:\/\/zakrasnejsivimperk.cz\/wp-content\/uploads\/2022\/07\/14\/vpk-h\u0159i\u0161t\u011b-140722-2-1024x575.jpg 1024w, https:\/\/zakrasnejsivimperk.cz\/wp-content\/uploads\/2022\/07\/14\/vpk-h\u0159i\u0161t\u011b-140722-2-635x357.jpg 635w, https:\/\/zakrasnejsivimperk.cz\/wp-content\/uploads\/2022\/07\/14\/vpk-h\u0159i\u0161t\u011b-140722-2-860x483.jpg 860w\" sizes=\"(max-width: 1100px) 100vw, 1100px\" \/><\/p>\n<p>&nbsp;<\/p>\n<p>&nbsp;<\/p>\n<p><img loading=\"lazy\" decoding=\"async\" class=\"aligncenter wp-image-258892 size-full\" src=\"https:\/\/zakrasnejsivimperk.cz\/wp-content\/uploads\/2022\/07\/14\/vpk-h\u0159i\u0161t\u011b-140722-4.jpg\" alt=\"\" width=\"1100\" height=\"815\" srcset=\"https:\/\/zakrasnejsivimperk.cz\/wp-content\/uploads\/2022\/07\/14\/vpk-h\u0159i\u0161t\u011b-140722-4.jpg 1100w, https:\/\/zakrasnejsivimperk.cz\/wp-content\/uploads\/2022\/07\/14\/vpk-h\u0159i\u0161t\u011b-140722-4-300x222.jpg 300w, https:\/\/zakrasnejsivimperk.cz\/wp-content\/uploads\/2022\/07\/14\/vpk-h\u0159i\u0161t\u011b-140722-4-768x569.jpg 768w, https:\/\/zakrasnejsivimperk.cz\/wp-content\/uploads\/2022\/07\/14\/vpk-h\u0159i\u0161t\u011b-140722-4-1024x759.jpg 1024w, https:\/\/zakrasnejsivimperk.cz\/wp-content\/uploads\/2022\/07\/14\/vpk-h\u0159i\u0161t\u011b-140722-4-482x357.jpg 482w, https:\/\/zakrasnejsivimperk.cz\/wp-content\/uploads\/2022\/07\/14\/vpk-h\u0159i\u0161t\u011b-140722-4-652x483.jpg 652w\" sizes=\"(max-width: 1100px) 100vw, 1100px\" \/><\/p>\n<p>&nbsp;<\/p>\n<p>&nbsp;<\/p>\n<p><img loading=\"lazy\" decoding=\"async\" class=\"aligncenter wp-image-258893 size-full\" src=\"https:\/\/zakrasnejsivimperk.cz\/wp-content\/uploads\/2022\/07\/14\/vpk-h\u0159i\u0161t\u011b-140722-5.jpg\" alt=\"\" width=\"1100\" height=\"950\" srcset=\"https:\/\/zakrasnejsivimperk.cz\/wp-content\/uploads\/2022\/07\/14\/vpk-h\u0159i\u0161t\u011b-140722-5.jpg 1100w, https:\/\/zakrasnejsivimperk.cz\/wp-content\/uploads\/2022\/07\/14\/vpk-h\u0159i\u0161t\u011b-140722-5-300x259.jpg 300w, https:\/\/zakrasnejsivimperk.cz\/wp-content\/uploads\/2022\/07\/14\/vpk-h\u0159i\u0161t\u011b-140722-5-768x663.jpg 768w, https:\/\/zakrasnejsivimperk.cz\/wp-content\/uploads\/2022\/07\/14\/vpk-h\u0159i\u0161t\u011b-140722-5-1024x884.jpg 1024w, https:\/\/zakrasnejsivimperk.cz\/wp-content\/uploads\/2022\/07\/14\/vpk-h\u0159i\u0161t\u011b-140722-5-413x357.jpg 413w, https:\/\/zakrasnejsivimperk.cz\/wp-content\/uploads\/2022\/07\/14\/vpk-h\u0159i\u0161t\u011b-140722-5-559x483.jpg 559w\" sizes=\"(max-width: 1100px) 100vw, 1100px\" \/><\/p>\n<p>&nbsp;<\/p>\n<p>&nbsp;<\/p>\n<p><img loading=\"lazy\" decoding=\"async\" class=\"aligncenter wp-image-258894 size-full\" src=\"https:\/\/zakrasnejsivimperk.cz\/wp-content\/uploads\/2022\/07\/14\/vpk-h\u0159i\u0161t\u011b-140722-6.jpg\" alt=\"\" width=\"946\" height=\"1100\" srcset=\"https:\/\/zakrasnejsivimperk.cz\/wp-content\/uploads\/2022\/07\/14\/vpk-h\u0159i\u0161t\u011b-140722-6.jpg 946w, https:\/\/zakrasnejsivimperk.cz\/wp-content\/uploads\/2022\/07\/14\/vpk-h\u0159i\u0161t\u011b-140722-6-258x300.jpg 258w, https:\/\/zakrasnejsivimperk.cz\/wp-content\/uploads\/2022\/07\/14\/vpk-h\u0159i\u0161t\u011b-140722-6-768x893.jpg 768w, https:\/\/zakrasnejsivimperk.cz\/wp-content\/uploads\/2022\/07\/14\/vpk-h\u0159i\u0161t\u011b-140722-6-881x1024.jpg 881w, https:\/\/zakrasnejsivimperk.cz\/wp-content\/uploads\/2022\/07\/14\/vpk-h\u0159i\u0161t\u011b-140722-6-307x357.jpg 307w, https:\/\/zakrasnejsivimperk.cz\/wp-content\/uploads\/2022\/07\/14\/vpk-h\u0159i\u0161t\u011b-140722-6-415x483.jpg 415w\" sizes=\"(max-width: 946px) 100vw, 946px\" \/><\/p>\n<p>&nbsp;<\/p>\n<p>&nbsp;<\/p>\n<p><img loading=\"lazy\" decoding=\"async\" class=\"aligncenter wp-image-258895 size-full\" src=\"https:\/\/zakrasnejsivimperk.cz\/wp-content\/uploads\/2022\/07\/14\/vpk-h\u0159i\u0161t\u011b-140722-7.jpg\" alt=\"\" width=\"1025\" height=\"1100\" srcset=\"https:\/\/zakrasnejsivimperk.cz\/wp-content\/uploads\/2022\/07\/14\/vpk-h\u0159i\u0161t\u011b-140722-7.jpg 1025w, https:\/\/zakrasnejsivimperk.cz\/wp-content\/uploads\/2022\/07\/14\/vpk-h\u0159i\u0161t\u011b-140722-7-280x300.jpg 280w, https:\/\/zakrasnejsivimperk.cz\/wp-content\/uploads\/2022\/07\/14\/vpk-h\u0159i\u0161t\u011b-140722-7-768x824.jpg 768w, https:\/\/zakrasnejsivimperk.cz\/wp-content\/uploads\/2022\/07\/14\/vpk-h\u0159i\u0161t\u011b-140722-7-954x1024.jpg 954w, https:\/\/zakrasnejsivimperk.cz\/wp-content\/uploads\/2022\/07\/14\/vpk-h\u0159i\u0161t\u011b-140722-7-333x357.jpg 333w, https:\/\/zakrasnejsivimperk.cz\/wp-content\/uploads\/2022\/07\/14\/vpk-h\u0159i\u0161t\u011b-140722-7-450x483.jpg 450w\" sizes=\"(max-width: 1025px) 100vw, 1025px\" \/><\/p>\n<p>&nbsp;<\/p>\n<p>&nbsp;<\/p>\n<p><img loading=\"lazy\" decoding=\"async\" class=\"aligncenter wp-image-258896 size-full\" src=\"https:\/\/zakrasnejsivimperk.cz\/wp-content\/uploads\/2022\/07\/14\/vpk-h\u0159i\u0161t\u011b-140722-8.jpg\" alt=\"\" width=\"1100\" height=\"730\" srcset=\"https:\/\/zakrasnejsivimperk.cz\/wp-content\/uploads\/2022\/07\/14\/vpk-h\u0159i\u0161t\u011b-140722-8.jpg 1100w, https:\/\/zakrasnejsivimperk.cz\/wp-content\/uploads\/2022\/07\/14\/vpk-h\u0159i\u0161t\u011b-140722-8-300x199.jpg 300w, https:\/\/zakrasnejsivimperk.cz\/wp-content\/uploads\/2022\/07\/14\/vpk-h\u0159i\u0161t\u011b-140722-8-768x510.jpg 768w, https:\/\/zakrasnejsivimperk.cz\/wp-content\/uploads\/2022\/07\/14\/vpk-h\u0159i\u0161t\u011b-140722-8-1024x680.jpg 1024w, https:\/\/zakrasnejsivimperk.cz\/wp-content\/uploads\/2022\/07\/14\/vpk-h\u0159i\u0161t\u011b-140722-8-100x65.jpg 100w, https:\/\/zakrasnejsivimperk.cz\/wp-content\/uploads\/2022\/07\/14\/vpk-h\u0159i\u0161t\u011b-140722-8-538x357.jpg 538w, https:\/\/zakrasnejsivimperk.cz\/wp-content\/uploads\/2022\/07\/14\/vpk-h\u0159i\u0161t\u011b-140722-8-728x483.jpg 728w\" sizes=\"(max-width: 1100px) 100vw, 1100px\" \/><\/p>\n<p>&nbsp;<\/p>\n<p>&nbsp;<\/p>\n<p><img loading=\"lazy\" decoding=\"async\" class=\"aligncenter wp-image-258897 size-full\" src=\"https:\/\/zakrasnejsivimperk.cz\/wp-content\/uploads\/2022\/07\/14\/vpk-h\u0159i\u0161t\u011b-140722-9.jpg\" alt=\"\" width=\"1100\" height=\"740\" srcset=\"https:\/\/zakrasnejsivimperk.cz\/wp-content\/uploads\/2022\/07\/14\/vpk-h\u0159i\u0161t\u011b-140722-9.jpg 1100w, https:\/\/zakrasnejsivimperk.cz\/wp-content\/uploads\/2022\/07\/14\/vpk-h\u0159i\u0161t\u011b-140722-9-300x202.jpg 300w, https:\/\/zakrasnejsivimperk.cz\/wp-content\/uploads\/2022\/07\/14\/vpk-h\u0159i\u0161t\u011b-140722-9-768x517.jpg 768w, https:\/\/zakrasnejsivimperk.cz\/wp-content\/uploads\/2022\/07\/14\/vpk-h\u0159i\u0161t\u011b-140722-9-1024x689.jpg 1024w, https:\/\/zakrasnejsivimperk.cz\/wp-content\/uploads\/2022\/07\/14\/vpk-h\u0159i\u0161t\u011b-140722-9-531x357.jpg 531w, https:\/\/zakrasnejsivimperk.cz\/wp-content\/uploads\/2022\/07\/14\/vpk-h\u0159i\u0161t\u011b-140722-9-718x483.jpg 718w\" sizes=\"(max-width: 1100px) 100vw, 1100px\" \/><\/p>\n<p>&nbsp;<\/p>\n<p>&nbsp;<\/p>\n<p><img loading=\"lazy\" decoding=\"async\" class=\"aligncenter wp-image-258898 size-full\" src=\"https:\/\/zakrasnejsivimperk.cz\/wp-content\/uploads\/2022\/07\/14\/vpk-h\u0159i\u0161t\u011b-140722-10.jpg\" alt=\"\" width=\"1062\" height=\"1100\" srcset=\"https:\/\/zakrasnejsivimperk.cz\/wp-content\/uploads\/2022\/07\/14\/vpk-h\u0159i\u0161t\u011b-140722-10.jpg 1062w, https:\/\/zakrasnejsivimperk.cz\/wp-content\/uploads\/2022\/07\/14\/vpk-h\u0159i\u0161t\u011b-140722-10-290x300.jpg 290w, https:\/\/zakrasnejsivimperk.cz\/wp-content\/uploads\/2022\/07\/14\/vpk-h\u0159i\u0161t\u011b-140722-10-768x795.jpg 768w, https:\/\/zakrasnejsivimperk.cz\/wp-content\/uploads\/2022\/07\/14\/vpk-h\u0159i\u0161t\u011b-140722-10-989x1024.jpg 989w, https:\/\/zakrasnejsivimperk.cz\/wp-content\/uploads\/2022\/07\/14\/vpk-h\u0159i\u0161t\u011b-140722-10-345x357.jpg 345w, https:\/\/zakrasnejsivimperk.cz\/wp-content\/uploads\/2022\/07\/14\/vpk-h\u0159i\u0161t\u011b-140722-10-466x483.jpg 466w\" sizes=\"(max-width: 1062px) 100vw, 1062px\" \/><\/p>\n<p>&nbsp;<\/p>\n<p>&nbsp;<\/p>\n<p><img loading=\"lazy\" decoding=\"async\" class=\"aligncenter wp-image-258899 size-full\" src=\"https:\/\/zakrasnejsivimperk.cz\/wp-content\/uploads\/2022\/07\/14\/vpk-h\u0159i\u0161t\u011b-140722-11.jpg\" alt=\"\" width=\"1100\" height=\"1050\" srcset=\"https:\/\/zakrasnejsivimperk.cz\/wp-content\/uploads\/2022\/07\/14\/vpk-h\u0159i\u0161t\u011b-140722-11.jpg 1100w, https:\/\/zakrasnejsivimperk.cz\/wp-content\/uploads\/2022\/07\/14\/vpk-h\u0159i\u0161t\u011b-140722-11-300x286.jpg 300w, https:\/\/zakrasnejsivimperk.cz\/wp-content\/uploads\/2022\/07\/14\/vpk-h\u0159i\u0161t\u011b-140722-11-768x733.jpg 768w, https:\/\/zakrasnejsivimperk.cz\/wp-content\/uploads\/2022\/07\/14\/vpk-h\u0159i\u0161t\u011b-140722-11-1024x977.jpg 1024w, https:\/\/zakrasnejsivimperk.cz\/wp-content\/uploads\/2022\/07\/14\/vpk-h\u0159i\u0161t\u011b-140722-11-374x357.jpg 374w, https:\/\/zakrasnejsivimperk.cz\/wp-content\/uploads\/2022\/07\/14\/vpk-h\u0159i\u0161t\u011b-140722-11-506x483.jpg 506w\" sizes=\"(max-width: 1100px) 100vw, 1100px\" \/><\/p>\n<p>&nbsp;<\/p>\n<p>&nbsp;<\/p>\n<p><img loading=\"lazy\" decoding=\"async\" class=\"aligncenter wp-image-258900 size-full\" src=\"https:\/\/zakrasnejsivimperk.cz\/wp-content\/uploads\/2022\/07\/14\/vpk-h\u0159i\u0161t\u011b-140722-12.jpg\" alt=\"\" width=\"1038\" height=\"1100\" srcset=\"https:\/\/zakrasnejsivimperk.cz\/wp-content\/uploads\/2022\/07\/14\/vpk-h\u0159i\u0161t\u011b-140722-12.jpg 1038w, https:\/\/zakrasnejsivimperk.cz\/wp-content\/uploads\/2022\/07\/14\/vpk-h\u0159i\u0161t\u011b-140722-12-283x300.jpg 283w, https:\/\/zakrasnejsivimperk.cz\/wp-content\/uploads\/2022\/07\/14\/vpk-h\u0159i\u0161t\u011b-140722-12-768x814.jpg 768w, https:\/\/zakrasnejsivimperk.cz\/wp-content\/uploads\/2022\/07\/14\/vpk-h\u0159i\u0161t\u011b-140722-12-966x1024.jpg 966w, https:\/\/zakrasnejsivimperk.cz\/wp-content\/uploads\/2022\/07\/14\/vpk-h\u0159i\u0161t\u011b-140722-12-337x357.jpg 337w, https:\/\/zakrasnejsivimperk.cz\/wp-content\/uploads\/2022\/07\/14\/vpk-h\u0159i\u0161t\u011b-140722-12-456x483.jpg 456w\" sizes=\"(max-width: 1038px) 100vw, 1038px\" \/><\/p>\n<p>&nbsp;<\/p>\n<p>&nbsp;<\/p>\n<p><img loading=\"lazy\" decoding=\"async\" class=\"aligncenter wp-image-258901 size-full\" src=\"https:\/\/zakrasnejsivimperk.cz\/wp-content\/uploads\/2022\/07\/14\/vpk-h\u0159i\u0161t\u011b-140722-13.jpg\" alt=\"\" width=\"981\" height=\"1100\" srcset=\"https:\/\/zakrasnejsivimperk.cz\/wp-content\/uploads\/2022\/07\/14\/vpk-h\u0159i\u0161t\u011b-140722-13.jpg 981w, https:\/\/zakrasnejsivimperk.cz\/wp-content\/uploads\/2022\/07\/14\/vpk-h\u0159i\u0161t\u011b-140722-13-268x300.jpg 268w, https:\/\/zakrasnejsivimperk.cz\/wp-content\/uploads\/2022\/07\/14\/vpk-h\u0159i\u0161t\u011b-140722-13-768x861.jpg 768w, https:\/\/zakrasnejsivimperk.cz\/wp-content\/uploads\/2022\/07\/14\/vpk-h\u0159i\u0161t\u011b-140722-13-913x1024.jpg 913w, https:\/\/zakrasnejsivimperk.cz\/wp-content\/uploads\/2022\/07\/14\/vpk-h\u0159i\u0161t\u011b-140722-13-318x357.jpg 318w, https:\/\/zakrasnejsivimperk.cz\/wp-content\/uploads\/2022\/07\/14\/vpk-h\u0159i\u0161t\u011b-140722-13-431x483.jpg 431w\" sizes=\"(max-width: 981px) 100vw, 981px\" \/><\/p>\n<p>&nbsp;<\/p>\n<p>&nbsp;<\/p>\n<p><img loading=\"lazy\" decoding=\"async\" class=\"aligncenter wp-image-258902 size-full\" src=\"https:\/\/zakrasnejsivimperk.cz\/wp-content\/uploads\/2022\/07\/14\/vpk-h\u0159i\u0161t\u011b-140722-14.jpg\" alt=\"\" width=\"949\" height=\"1100\" srcset=\"https:\/\/zakrasnejsivimperk.cz\/wp-content\/uploads\/2022\/07\/14\/vpk-h\u0159i\u0161t\u011b-140722-14.jpg 949w, https:\/\/zakrasnejsivimperk.cz\/wp-content\/uploads\/2022\/07\/14\/vpk-h\u0159i\u0161t\u011b-140722-14-259x300.jpg 259w, https:\/\/zakrasnejsivimperk.cz\/wp-content\/uploads\/2022\/07\/14\/vpk-h\u0159i\u0161t\u011b-140722-14-768x890.jpg 768w, https:\/\/zakrasnejsivimperk.cz\/wp-content\/uploads\/2022\/07\/14\/vpk-h\u0159i\u0161t\u011b-140722-14-883x1024.jpg 883w, https:\/\/zakrasnejsivimperk.cz\/wp-content\/uploads\/2022\/07\/14\/vpk-h\u0159i\u0161t\u011b-140722-14-308x357.jpg 308w, https:\/\/zakrasnejsivimperk.cz\/wp-content\/uploads\/2022\/07\/14\/vpk-h\u0159i\u0161t\u011b-140722-14-417x483.jpg 417w\" sizes=\"(max-width: 949px) 100vw, 949px\" \/><\/p>\n<p>&nbsp;<\/p>\n<p>&nbsp;<\/p>\n<p><img loading=\"lazy\" decoding=\"async\" class=\"aligncenter wp-image-258903 size-full\" src=\"https:\/\/zakrasnejsivimperk.cz\/wp-content\/uploads\/2022\/07\/14\/vpk-h\u0159i\u0161t\u011b-140722-15.jpg\" alt=\"\" width=\"948\" height=\"1100\" srcset=\"https:\/\/zakrasnejsivimperk.cz\/wp-content\/uploads\/2022\/07\/14\/vpk-h\u0159i\u0161t\u011b-140722-15.jpg 948w, https:\/\/zakrasnejsivimperk.cz\/wp-content\/uploads\/2022\/07\/14\/vpk-h\u0159i\u0161t\u011b-140722-15-259x300.jpg 259w, https:\/\/zakrasnejsivimperk.cz\/wp-content\/uploads\/2022\/07\/14\/vpk-h\u0159i\u0161t\u011b-140722-15-768x891.jpg 768w, https:\/\/zakrasnejsivimperk.cz\/wp-content\/uploads\/2022\/07\/14\/vpk-h\u0159i\u0161t\u011b-140722-15-883x1024.jpg 883w, https:\/\/zakrasnejsivimperk.cz\/wp-content\/uploads\/2022\/07\/14\/vpk-h\u0159i\u0161t\u011b-140722-15-308x357.jpg 308w, https:\/\/zakrasnejsivimperk.cz\/wp-content\/uploads\/2022\/07\/14\/vpk-h\u0159i\u0161t\u011b-140722-15-416x483.jpg 416w\" sizes=\"(max-width: 948px) 100vw, 948px\" \/><\/p>\n<p>&nbsp;<\/p>\n<p>&nbsp;<\/p>\n<p><img loading=\"lazy\" decoding=\"async\" class=\"aligncenter wp-image-258904 size-full\" src=\"https:\/\/zakrasnejsivimperk.cz\/wp-content\/uploads\/2022\/07\/14\/vpk-h\u0159i\u0161t\u011b-140722-16.jpg\" alt=\"\" width=\"1058\" height=\"1100\" srcset=\"https:\/\/zakrasnejsivimperk.cz\/wp-content\/uploads\/2022\/07\/14\/vpk-h\u0159i\u0161t\u011b-140722-16.jpg 1058w, https:\/\/zakrasnejsivimperk.cz\/wp-content\/uploads\/2022\/07\/14\/vpk-h\u0159i\u0161t\u011b-140722-16-289x300.jpg 289w, https:\/\/zakrasnejsivimperk.cz\/wp-content\/uploads\/2022\/07\/14\/vpk-h\u0159i\u0161t\u011b-140722-16-768x798.jpg 768w, https:\/\/zakrasnejsivimperk.cz\/wp-content\/uploads\/2022\/07\/14\/vpk-h\u0159i\u0161t\u011b-140722-16-985x1024.jpg 985w, https:\/\/zakrasnejsivimperk.cz\/wp-content\/uploads\/2022\/07\/14\/vpk-h\u0159i\u0161t\u011b-140722-16-343x357.jpg 343w, https:\/\/zakrasnejsivimperk.cz\/wp-content\/uploads\/2022\/07\/14\/vpk-h\u0159i\u0161t\u011b-140722-16-465x483.jpg 465w\" sizes=\"(max-width: 1058px) 100vw, 1058px\" \/><\/p>\n<p>&nbsp;<\/p>\n<p>&nbsp;<\/p>\n<p><img loading=\"lazy\" decoding=\"async\" class=\"aligncenter wp-image-258905 size-full\" src=\"https:\/\/zakrasnejsivimperk.cz\/wp-content\/uploads\/2022\/07\/14\/vpk-h\u0159i\u0161t\u011b-140722-17.jpg\" alt=\"\" width=\"935\" height=\"1100\" srcset=\"https:\/\/zakrasnejsivimperk.cz\/wp-content\/uploads\/2022\/07\/14\/vpk-h\u0159i\u0161t\u011b-140722-17.jpg 935w, https:\/\/zakrasnejsivimperk.cz\/wp-content\/uploads\/2022\/07\/14\/vpk-h\u0159i\u0161t\u011b-140722-17-255x300.jpg 255w, https:\/\/zakrasnejsivimperk.cz\/wp-content\/uploads\/2022\/07\/14\/vpk-h\u0159i\u0161t\u011b-140722-17-768x904.jpg 768w, https:\/\/zakrasnejsivimperk.cz\/wp-content\/uploads\/2022\/07\/14\/vpk-h\u0159i\u0161t\u011b-140722-17-870x1024.jpg 870w, https:\/\/zakrasnejsivimperk.cz\/wp-content\/uploads\/2022\/07\/14\/vpk-h\u0159i\u0161t\u011b-140722-17-303x357.jpg 303w, https:\/\/zakrasnejsivimperk.cz\/wp-content\/uploads\/2022\/07\/14\/vpk-h\u0159i\u0161t\u011b-140722-17-411x483.jpg 411w\" sizes=\"(max-width: 935px) 100vw, 935px\" \/><\/p>\n<p>&nbsp;<\/p>\n<p>&nbsp;<\/p>\n<p><img loading=\"lazy\" decoding=\"async\" class=\"aligncenter wp-image-258906 size-full\" src=\"https:\/\/zakrasnejsivimperk.cz\/wp-content\/uploads\/2022\/07\/14\/vpk-h\u0159i\u0161t\u011b-140722-18.jpg\" alt=\"\" width=\"1100\" height=\"920\" srcset=\"https:\/\/zakrasnejsivimperk.cz\/wp-content\/uploads\/2022\/07\/14\/vpk-h\u0159i\u0161t\u011b-140722-18.jpg 1100w, https:\/\/zakrasnejsivimperk.cz\/wp-content\/uploads\/2022\/07\/14\/vpk-h\u0159i\u0161t\u011b-140722-18-300x251.jpg 300w, https:\/\/zakrasnejsivimperk.cz\/wp-content\/uploads\/2022\/07\/14\/vpk-h\u0159i\u0161t\u011b-140722-18-768x642.jpg 768w, https:\/\/zakrasnejsivimperk.cz\/wp-content\/uploads\/2022\/07\/14\/vpk-h\u0159i\u0161t\u011b-140722-18-1024x856.jpg 1024w, https:\/\/zakrasnejsivimperk.cz\/wp-content\/uploads\/2022\/07\/14\/vpk-h\u0159i\u0161t\u011b-140722-18-427x357.jpg 427w, https:\/\/zakrasnejsivimperk.cz\/wp-content\/uploads\/2022\/07\/14\/vpk-h\u0159i\u0161t\u011b-140722-18-578x483.jpg 578w\" sizes=\"(max-width: 1100px) 100vw, 1100px\" \/><\/p>\n<p>&nbsp;<\/p>\n<p>&nbsp;<\/p>\n<p><img loading=\"lazy\" decoding=\"async\" class=\"aligncenter wp-image-258907 size-full\" src=\"https:\/\/zakrasnejsivimperk.cz\/wp-content\/uploads\/2022\/07\/14\/vpk-h\u0159i\u0161t\u011b-140722-19.jpg\" alt=\"\" width=\"1035\" height=\"1100\" srcset=\"https:\/\/zakrasnejsivimperk.cz\/wp-content\/uploads\/2022\/07\/14\/vpk-h\u0159i\u0161t\u011b-140722-19.jpg 1035w, https:\/\/zakrasnejsivimperk.cz\/wp-content\/uploads\/2022\/07\/14\/vpk-h\u0159i\u0161t\u011b-140722-19-282x300.jpg 282w, https:\/\/zakrasnejsivimperk.cz\/wp-content\/uploads\/2022\/07\/14\/vpk-h\u0159i\u0161t\u011b-140722-19-768x816.jpg 768w, https:\/\/zakrasnejsivimperk.cz\/wp-content\/uploads\/2022\/07\/14\/vpk-h\u0159i\u0161t\u011b-140722-19-963x1024.jpg 963w, https:\/\/zakrasnejsivimperk.cz\/wp-content\/uploads\/2022\/07\/14\/vpk-h\u0159i\u0161t\u011b-140722-19-336x357.jpg 336w, https:\/\/zakrasnejsivimperk.cz\/wp-content\/uploads\/2022\/07\/14\/vpk-h\u0159i\u0161t\u011b-140722-19-454x483.jpg 454w\" sizes=\"(max-width: 1035px) 100vw, 1035px\" \/><\/p>\n<p>&nbsp;<\/p>\n<p>&nbsp;<\/p>\n<p><img loading=\"lazy\" decoding=\"async\" class=\"aligncenter wp-image-258908 size-full\" src=\"https:\/\/zakrasnejsivimperk.cz\/wp-content\/uploads\/2022\/07\/14\/vpk-h\u0159i\u0161t\u011b-140722-20.jpg\" alt=\"\" width=\"1100\" height=\"490\" srcset=\"https:\/\/zakrasnejsivimperk.cz\/wp-content\/uploads\/2022\/07\/14\/vpk-h\u0159i\u0161t\u011b-140722-20.jpg 1100w, https:\/\/zakrasnejsivimperk.cz\/wp-content\/uploads\/2022\/07\/14\/vpk-h\u0159i\u0161t\u011b-140722-20-300x134.jpg 300w, https:\/\/zakrasnejsivimperk.cz\/wp-content\/uploads\/2022\/07\/14\/vpk-h\u0159i\u0161t\u011b-140722-20-768x342.jpg 768w, https:\/\/zakrasnejsivimperk.cz\/wp-content\/uploads\/2022\/07\/14\/vpk-h\u0159i\u0161t\u011b-140722-20-1024x456.jpg 1024w, https:\/\/zakrasnejsivimperk.cz\/wp-content\/uploads\/2022\/07\/14\/vpk-h\u0159i\u0161t\u011b-140722-20-801x357.jpg 801w, https:\/\/zakrasnejsivimperk.cz\/wp-content\/uploads\/2022\/07\/14\/vpk-h\u0159i\u0161t\u011b-140722-20-1084x483.jpg 1084w\" sizes=\"(max-width: 1100px) 100vw, 1100px\" \/><\/p>\n<p>&nbsp;<\/p>\n<p>&nbsp;<\/p>\n<p><img loading=\"lazy\" decoding=\"async\" class=\"aligncenter wp-image-258909 size-full\" src=\"https:\/\/zakrasnejsivimperk.cz\/wp-content\/uploads\/2022\/07\/14\/vpk-h\u0159i\u0161t\u011b-140722-21.jpg\" alt=\"\" width=\"1100\" height=\"660\" srcset=\"https:\/\/zakrasnejsivimperk.cz\/wp-content\/uploads\/2022\/07\/14\/vpk-h\u0159i\u0161t\u011b-140722-21.jpg 1100w, https:\/\/zakrasnejsivimperk.cz\/wp-content\/uploads\/2022\/07\/14\/vpk-h\u0159i\u0161t\u011b-140722-21-300x180.jpg 300w, https:\/\/zakrasnejsivimperk.cz\/wp-content\/uploads\/2022\/07\/14\/vpk-h\u0159i\u0161t\u011b-140722-21-768x461.jpg 768w, https:\/\/zakrasnejsivimperk.cz\/wp-content\/uploads\/2022\/07\/14\/vpk-h\u0159i\u0161t\u011b-140722-21-1024x614.jpg 1024w, https:\/\/zakrasnejsivimperk.cz\/wp-content\/uploads\/2022\/07\/14\/vpk-h\u0159i\u0161t\u011b-140722-21-595x357.jpg 595w, https:\/\/zakrasnejsivimperk.cz\/wp-content\/uploads\/2022\/07\/14\/vpk-h\u0159i\u0161t\u011b-140722-21-805x483.jpg 805w\" sizes=\"(max-width: 1100px) 100vw, 1100px\" \/><\/p>\n<p>&nbsp;<\/p>\n<p>&nbsp;<\/p>\n<p><img loading=\"lazy\" decoding=\"async\" class=\"aligncenter wp-image-258889 size-full\" src=\"https:\/\/zakrasnejsivimperk.cz\/wp-content\/uploads\/2022\/07\/14\/vpk-h\u0159i\u0161t\u011b-140722-1.jpg\" alt=\"\" width=\"1100\" height=\"686\" srcset=\"https:\/\/zakrasnejsivimperk.cz\/wp-content\/uploads\/2022\/07\/14\/vpk-h\u0159i\u0161t\u011b-140722-1.jpg 1100w, https:\/\/zakrasnejsivimperk.cz\/wp-content\/uploads\/2022\/07\/14\/vpk-h\u0159i\u0161t\u011b-140722-1-300x187.jpg 300w, https:\/\/zakrasnejsivimperk.cz\/wp-content\/uploads\/2022\/07\/14\/vpk-h\u0159i\u0161t\u011b-140722-1-768x479.jpg 768w, https:\/\/zakrasnejsivimperk.cz\/wp-content\/uploads\/2022\/07\/14\/vpk-h\u0159i\u0161t\u011b-140722-1-1024x639.jpg 1024w, https:\/\/zakrasnejsivimperk.cz\/wp-content\/uploads\/2022\/07\/14\/vpk-h\u0159i\u0161t\u011b-140722-1-572x357.jpg 572w, https:\/\/zakrasnejsivimperk.cz\/wp-content\/uploads\/2022\/07\/14\/vpk-h\u0159i\u0161t\u011b-140722-1-774x483.jpg 774w\" sizes=\"(max-width: 1100px) 100vw, 1100px\" \/><\/p>\n<p>&nbsp;<\/p>\n<p><strong>Foto: (red) &#8211; Za kr\u00e1sn\u011bj\u0161\u00ed Vimperk<\/strong><\/p>\n<hr \/>\n<p>&nbsp;<\/p>\n<p>&nbsp;<\/p>\n<p>&nbsp;<\/p>\n","protected":false},"excerpt":{"rendered":"<p>&nbsp; &nbsp; <\/p>\n","protected":false},"author":2,"featured_media":258910,"comment_status":"open","ping_status":"open","sticky":false,"template":"","format":"gallery","meta":{"footnotes":""},"categories":[118,108],"tags":[],"jetpack_featured_media_url":"https:\/\/zakrasnejsivimperk.cz\/wp-content\/uploads\/2022\/07\/14\/r\u00e1m-na-stavb\u011b.jpg","_links":{"self":[{"href":"https:\/\/zakrasnejsivimperk.cz\/index.php?rest_route=\/wp\/v2\/posts\/258888"}],"collection":[{"href":"https:\/\/zakrasnejsivimperk.cz\/index.php?rest_route=\/wp\/v2\/posts"}],"about":[{"href":"https:\/\/zakrasnejsivimperk.cz\/index.php?rest_route=\/wp\/v2\/types\/post"}],"author":[{"embeddable":true,"href":"https:\/\/zakrasnejsivimperk.cz\/index.php?rest_route=\/wp\/v2\/users\/2"}],"replies":[{"embeddable":true,"href":"https:\/\/zakrasnejsivimperk.cz\/index.php?rest_route=%2Fwp%2Fv2%2Fcomments&post=258888"}],"version-history":[{"count":1,"href":"https:\/\/zakrasnejsivimperk.cz\/index.php?rest_route=\/wp\/v2\/posts\/258888\/revisions"}],"predecessor-version":[{"id":258911,"href":"https:\/\/zakrasnejsivimperk.cz\/index.php?rest_route=\/wp\/v2\/posts\/258888\/revisions\/258911"}],"wp:featuredmedia":[{"embeddable":true,"href":"https:\/\/zakrasnejsivimperk.cz\/index.php?rest_route=\/wp\/v2\/media\/258910"}],"wp:attachment":[{"href":"https:\/\/zakrasnejsivimperk.cz\/index.php?rest_route=%2Fwp%2Fv2%2Fmedia&parent=258888"}],"wp:term":[{"taxonomy":"category","embeddable":true,"href":"https:\/\/zakrasnejsivimperk.cz\/index.php?rest_route=%2Fwp%2Fv2%2Fcategories&post=258888"},{"taxonomy":"post_tag","embeddable":true,"href":"https:\/\/zakrasnejsivimperk.cz\/index.php?rest_route=%2Fwp%2Fv2%2Ftags&post=258888"}],"curies":[{"name":"wp","href":"https:\/\/api.w.org\/{rel}","templated":true}]}}