{"id":258813,"date":"2022-07-13T17:52:22","date_gmt":"2022-07-13T16:52:22","guid":{"rendered":"https:\/\/zakrasnejsivimperk.cz\/?p=258813"},"modified":"2022-07-14T16:08:06","modified_gmt":"2022-07-14T15:08:06","slug":"nase-mesto-vimperk-i-tady-ziji-lide-sidliste-miru-13-cervence-2022-dopoledne","status":"publish","type":"post","link":"https:\/\/zakrasnejsivimperk.cz\/?p=258813","title":{"rendered":"NA\u0160E M\u011aSTO VIMPERK: I tady \u017eij\u00ed lid\u00e9 &#8211; s\u00eddli\u0161t\u011b M\u00edru 13. \u010dervence 2022 dopoledne"},"content":{"rendered":"<figure id=\"attachment_258814\" aria-describedby=\"caption-attachment-258814\" style=\"width: 1100px\" class=\"wp-caption aligncenter\"><img loading=\"lazy\" decoding=\"async\" class=\"wp-image-258814 size-full\" src=\"https:\/\/zakrasnejsivimperk.cz\/wp-content\/uploads\/2022\/07\/13\/vpk-m\u00edru-130722.jpg\" alt=\"\" width=\"1100\" height=\"720\" srcset=\"https:\/\/zakrasnejsivimperk.cz\/wp-content\/uploads\/2022\/07\/13\/vpk-m\u00edru-130722.jpg 1100w, https:\/\/zakrasnejsivimperk.cz\/wp-content\/uploads\/2022\/07\/13\/vpk-m\u00edru-130722-300x196.jpg 300w, https:\/\/zakrasnejsivimperk.cz\/wp-content\/uploads\/2022\/07\/13\/vpk-m\u00edru-130722-768x503.jpg 768w, https:\/\/zakrasnejsivimperk.cz\/wp-content\/uploads\/2022\/07\/13\/vpk-m\u00edru-130722-1024x670.jpg 1024w, https:\/\/zakrasnejsivimperk.cz\/wp-content\/uploads\/2022\/07\/13\/vpk-m\u00edru-130722-100x65.jpg 100w, https:\/\/zakrasnejsivimperk.cz\/wp-content\/uploads\/2022\/07\/13\/vpk-m\u00edru-130722-545x357.jpg 545w, https:\/\/zakrasnejsivimperk.cz\/wp-content\/uploads\/2022\/07\/13\/vpk-m\u00edru-130722-738x483.jpg 738w\" sizes=\"(max-width: 1100px) 100vw, 1100px\" \/><figcaption id=\"caption-attachment-258814\" class=\"wp-caption-text\">Foto: (red) &#8211; Za kr\u00e1sn\u011bj\u0161\u00ed Vimperk<\/figcaption><\/figure>\n<hr \/>\n<p>&nbsp;<\/p>\n<p>&nbsp;<\/p>\n<p>&nbsp;<\/p>\n","protected":false},"excerpt":{"rendered":"<p>&nbsp; &nbsp; <\/p>\n","protected":false},"author":2,"featured_media":258815,"comment_status":"open","ping_status":"open","sticky":false,"template":"","format":"gallery","meta":{"footnotes":""},"categories":[118,108],"tags":[],"jetpack_featured_media_url":"https:\/\/zakrasnejsivimperk.cz\/wp-content\/uploads\/2022\/07\/13\/r\u00e1m-m\u00edru.jpg","_links":{"self":[{"href":"https:\/\/zakrasnejsivimperk.cz\/index.php?rest_route=\/wp\/v2\/posts\/258813"}],"collection":[{"href":"https:\/\/zakrasnejsivimperk.cz\/index.php?rest_route=\/wp\/v2\/posts"}],"about":[{"href":"https:\/\/zakrasnejsivimperk.cz\/index.php?rest_route=\/wp\/v2\/types\/post"}],"author":[{"embeddable":true,"href":"https:\/\/zakrasnejsivimperk.cz\/index.php?rest_route=\/wp\/v2\/users\/2"}],"replies":[{"embeddable":true,"href":"https:\/\/zakrasnejsivimperk.cz\/index.php?rest_route=%2Fwp%2Fv2%2Fcomments&post=258813"}],"version-history":[{"count":1,"href":"https:\/\/zakrasnejsivimperk.cz\/index.php?rest_route=\/wp\/v2\/posts\/258813\/revisions"}],"predecessor-version":[{"id":258816,"href":"https:\/\/zakrasnejsivimperk.cz\/index.php?rest_route=\/wp\/v2\/posts\/258813\/revisions\/258816"}],"wp:featuredmedia":[{"embeddable":true,"href":"https:\/\/zakrasnejsivimperk.cz\/index.php?rest_route=\/wp\/v2\/media\/258815"}],"wp:attachment":[{"href":"https:\/\/zakrasnejsivimperk.cz\/index.php?rest_route=%2Fwp%2Fv2%2Fmedia&parent=258813"}],"wp:term":[{"taxonomy":"category","embeddable":true,"href":"https:\/\/zakrasnejsivimperk.cz\/index.php?rest_route=%2Fwp%2Fv2%2Fcategories&post=258813"},{"taxonomy":"post_tag","embeddable":true,"href":"https:\/\/zakrasnejsivimperk.cz\/index.php?rest_route=%2Fwp%2Fv2%2Ftags&post=258813"}],"curies":[{"name":"wp","href":"https:\/\/api.w.org\/{rel}","templated":true}]}}