{"id":258703,"date":"2022-07-13T20:59:21","date_gmt":"2022-07-13T19:59:21","guid":{"rendered":"https:\/\/zakrasnejsivimperk.cz\/?p=258703"},"modified":"2022-07-16T21:19:05","modified_gmt":"2022-07-16T20:19:05","slug":"nase-mesto-vimperk-nemocne-kastany-v-zamecke-aleji-a-hrbitovni-ulici-klinenka-jirovcova","status":"publish","type":"post","link":"https:\/\/zakrasnejsivimperk.cz\/?p=258703","title":{"rendered":"NA\u0160E M\u011aSTO VIMPERK: Nemocn\u00e9 ka\u0161tany v z\u00e1meck\u00e9 aleji a H\u0159bitovn\u00ed ulici (kl\u00edn\u011bnka j\u00edrovcov\u00e1?)"},"content":{"rendered":"<p><img loading=\"lazy\" decoding=\"async\" class=\"aligncenter wp-image-249847 size-full\" src=\"https:\/\/zakrasnejsivimperk.cz\/wp-content\/uploads\/2022\/03\/19\/Logo-fb.jpg\" alt=\"\" width=\"800\" height=\"324\" srcset=\"https:\/\/zakrasnejsivimperk.cz\/wp-content\/uploads\/2022\/03\/19\/Logo-fb.jpg 800w, https:\/\/zakrasnejsivimperk.cz\/wp-content\/uploads\/2022\/03\/19\/Logo-fb-300x122.jpg 300w, https:\/\/zakrasnejsivimperk.cz\/wp-content\/uploads\/2022\/03\/19\/Logo-fb-768x311.jpg 768w\" sizes=\"(max-width: 800px) 100vw, 800px\" \/><\/p>\n<p>&nbsp;<\/p>\n<p>&nbsp;<\/p>\n<p>&nbsp;<\/p>\n<p><img loading=\"lazy\" decoding=\"async\" class=\"aligncenter wp-image-258704 size-full\" src=\"https:\/\/zakrasnejsivimperk.cz\/wp-content\/uploads\/2022\/07\/11\/nemocn\u00e9-ka\u0161tany.jpg\" alt=\"\" width=\"959\" height=\"1100\" srcset=\"https:\/\/zakrasnejsivimperk.cz\/wp-content\/uploads\/2022\/07\/11\/nemocn\u00e9-ka\u0161tany.jpg 959w, https:\/\/zakrasnejsivimperk.cz\/wp-content\/uploads\/2022\/07\/11\/nemocn\u00e9-ka\u0161tany-262x300.jpg 262w, https:\/\/zakrasnejsivimperk.cz\/wp-content\/uploads\/2022\/07\/11\/nemocn\u00e9-ka\u0161tany-768x881.jpg 768w, https:\/\/zakrasnejsivimperk.cz\/wp-content\/uploads\/2022\/07\/11\/nemocn\u00e9-ka\u0161tany-893x1024.jpg 893w, https:\/\/zakrasnejsivimperk.cz\/wp-content\/uploads\/2022\/07\/11\/nemocn\u00e9-ka\u0161tany-311x357.jpg 311w, https:\/\/zakrasnejsivimperk.cz\/wp-content\/uploads\/2022\/07\/11\/nemocn\u00e9-ka\u0161tany-421x483.jpg 421w\" sizes=\"(max-width: 959px) 100vw, 959px\" \/><\/p>\n<p>&nbsp;<\/p>\n<p>&nbsp;<\/p>\n<p><img loading=\"lazy\" decoding=\"async\" class=\"aligncenter wp-image-258705 size-full\" src=\"https:\/\/zakrasnejsivimperk.cz\/wp-content\/uploads\/2022\/07\/11\/vpk-nemocn\u00e9-ka\u0161tany-1.jpg\" alt=\"\" width=\"922\" height=\"1100\" srcset=\"https:\/\/zakrasnejsivimperk.cz\/wp-content\/uploads\/2022\/07\/11\/vpk-nemocn\u00e9-ka\u0161tany-1.jpg 922w, https:\/\/zakrasnejsivimperk.cz\/wp-content\/uploads\/2022\/07\/11\/vpk-nemocn\u00e9-ka\u0161tany-1-251x300.jpg 251w, https:\/\/zakrasnejsivimperk.cz\/wp-content\/uploads\/2022\/07\/11\/vpk-nemocn\u00e9-ka\u0161tany-1-768x916.jpg 768w, https:\/\/zakrasnejsivimperk.cz\/wp-content\/uploads\/2022\/07\/11\/vpk-nemocn\u00e9-ka\u0161tany-1-858x1024.jpg 858w, https:\/\/zakrasnejsivimperk.cz\/wp-content\/uploads\/2022\/07\/11\/vpk-nemocn\u00e9-ka\u0161tany-1-299x357.jpg 299w, https:\/\/zakrasnejsivimperk.cz\/wp-content\/uploads\/2022\/07\/11\/vpk-nemocn\u00e9-ka\u0161tany-1-405x483.jpg 405w\" sizes=\"(max-width: 922px) 100vw, 922px\" \/><\/p>\n<p>&nbsp;<\/p>\n<p>&nbsp;<\/p>\n<p><img loading=\"lazy\" decoding=\"async\" class=\"aligncenter wp-image-258706 size-full\" src=\"https:\/\/zakrasnejsivimperk.cz\/wp-content\/uploads\/2022\/07\/11\/vpk-nemocn\u00e9-ka\u0161tany-2.jpg\" alt=\"\" width=\"923\" height=\"1100\" srcset=\"https:\/\/zakrasnejsivimperk.cz\/wp-content\/uploads\/2022\/07\/11\/vpk-nemocn\u00e9-ka\u0161tany-2.jpg 923w, https:\/\/zakrasnejsivimperk.cz\/wp-content\/uploads\/2022\/07\/11\/vpk-nemocn\u00e9-ka\u0161tany-2-252x300.jpg 252w, https:\/\/zakrasnejsivimperk.cz\/wp-content\/uploads\/2022\/07\/11\/vpk-nemocn\u00e9-ka\u0161tany-2-768x915.jpg 768w, https:\/\/zakrasnejsivimperk.cz\/wp-content\/uploads\/2022\/07\/11\/vpk-nemocn\u00e9-ka\u0161tany-2-859x1024.jpg 859w, https:\/\/zakrasnejsivimperk.cz\/wp-content\/uploads\/2022\/07\/11\/vpk-nemocn\u00e9-ka\u0161tany-2-300x357.jpg 300w, https:\/\/zakrasnejsivimperk.cz\/wp-content\/uploads\/2022\/07\/11\/vpk-nemocn\u00e9-ka\u0161tany-2-405x483.jpg 405w\" sizes=\"(max-width: 923px) 100vw, 923px\" \/><\/p>\n<p>&nbsp;<\/p>\n<p>&nbsp;<\/p>\n<p><img loading=\"lazy\" decoding=\"async\" class=\"aligncenter wp-image-258707 size-full\" src=\"https:\/\/zakrasnejsivimperk.cz\/wp-content\/uploads\/2022\/07\/11\/vpk-nemocn\u00e9-ka\u0161tany-3.jpg\" alt=\"\" width=\"936\" height=\"1100\" srcset=\"https:\/\/zakrasnejsivimperk.cz\/wp-content\/uploads\/2022\/07\/11\/vpk-nemocn\u00e9-ka\u0161tany-3.jpg 936w, https:\/\/zakrasnejsivimperk.cz\/wp-content\/uploads\/2022\/07\/11\/vpk-nemocn\u00e9-ka\u0161tany-3-255x300.jpg 255w, https:\/\/zakrasnejsivimperk.cz\/wp-content\/uploads\/2022\/07\/11\/vpk-nemocn\u00e9-ka\u0161tany-3-768x903.jpg 768w, https:\/\/zakrasnejsivimperk.cz\/wp-content\/uploads\/2022\/07\/11\/vpk-nemocn\u00e9-ka\u0161tany-3-871x1024.jpg 871w, https:\/\/zakrasnejsivimperk.cz\/wp-content\/uploads\/2022\/07\/11\/vpk-nemocn\u00e9-ka\u0161tany-3-304x357.jpg 304w, https:\/\/zakrasnejsivimperk.cz\/wp-content\/uploads\/2022\/07\/11\/vpk-nemocn\u00e9-ka\u0161tany-3-411x483.jpg 411w\" sizes=\"(max-width: 936px) 100vw, 936px\" \/><\/p>\n<p>&nbsp;<\/p>\n<p>&nbsp;<\/p>\n<p><img loading=\"lazy\" decoding=\"async\" class=\"aligncenter wp-image-258708 size-full\" src=\"https:\/\/zakrasnejsivimperk.cz\/wp-content\/uploads\/2022\/07\/11\/vpk-nemocn\u00e9-ka\u0161tany-4.jpg\" alt=\"\" width=\"908\" height=\"1100\" srcset=\"https:\/\/zakrasnejsivimperk.cz\/wp-content\/uploads\/2022\/07\/11\/vpk-nemocn\u00e9-ka\u0161tany-4.jpg 908w, https:\/\/zakrasnejsivimperk.cz\/wp-content\/uploads\/2022\/07\/11\/vpk-nemocn\u00e9-ka\u0161tany-4-248x300.jpg 248w, https:\/\/zakrasnejsivimperk.cz\/wp-content\/uploads\/2022\/07\/11\/vpk-nemocn\u00e9-ka\u0161tany-4-768x930.jpg 768w, https:\/\/zakrasnejsivimperk.cz\/wp-content\/uploads\/2022\/07\/11\/vpk-nemocn\u00e9-ka\u0161tany-4-845x1024.jpg 845w, https:\/\/zakrasnejsivimperk.cz\/wp-content\/uploads\/2022\/07\/11\/vpk-nemocn\u00e9-ka\u0161tany-4-295x357.jpg 295w, https:\/\/zakrasnejsivimperk.cz\/wp-content\/uploads\/2022\/07\/11\/vpk-nemocn\u00e9-ka\u0161tany-4-399x483.jpg 399w\" sizes=\"(max-width: 908px) 100vw, 908px\" \/><\/p>\n<p>&nbsp;<\/p>\n<p>&nbsp;<\/p>\n<p><img loading=\"lazy\" decoding=\"async\" class=\"aligncenter wp-image-258709 size-full\" src=\"https:\/\/zakrasnejsivimperk.cz\/wp-content\/uploads\/2022\/07\/11\/vpk-nemocn\u00e9-ka\u0161tany-5.jpg\" alt=\"\" width=\"944\" height=\"1100\" srcset=\"https:\/\/zakrasnejsivimperk.cz\/wp-content\/uploads\/2022\/07\/11\/vpk-nemocn\u00e9-ka\u0161tany-5.jpg 944w, https:\/\/zakrasnejsivimperk.cz\/wp-content\/uploads\/2022\/07\/11\/vpk-nemocn\u00e9-ka\u0161tany-5-257x300.jpg 257w, https:\/\/zakrasnejsivimperk.cz\/wp-content\/uploads\/2022\/07\/11\/vpk-nemocn\u00e9-ka\u0161tany-5-768x895.jpg 768w, https:\/\/zakrasnejsivimperk.cz\/wp-content\/uploads\/2022\/07\/11\/vpk-nemocn\u00e9-ka\u0161tany-5-879x1024.jpg 879w, https:\/\/zakrasnejsivimperk.cz\/wp-content\/uploads\/2022\/07\/11\/vpk-nemocn\u00e9-ka\u0161tany-5-306x357.jpg 306w, https:\/\/zakrasnejsivimperk.cz\/wp-content\/uploads\/2022\/07\/11\/vpk-nemocn\u00e9-ka\u0161tany-5-415x483.jpg 415w\" sizes=\"(max-width: 944px) 100vw, 944px\" \/><\/p>\n<p>&nbsp;<\/p>\n<p>&nbsp;<\/p>\n<p><img loading=\"lazy\" decoding=\"async\" class=\"aligncenter wp-image-258710 size-full\" src=\"https:\/\/zakrasnejsivimperk.cz\/wp-content\/uploads\/2022\/07\/11\/vpk-nemocn\u00e9-ka\u0161tany-6.jpg\" alt=\"\" width=\"883\" height=\"1100\" srcset=\"https:\/\/zakrasnejsivimperk.cz\/wp-content\/uploads\/2022\/07\/11\/vpk-nemocn\u00e9-ka\u0161tany-6.jpg 883w, https:\/\/zakrasnejsivimperk.cz\/wp-content\/uploads\/2022\/07\/11\/vpk-nemocn\u00e9-ka\u0161tany-6-241x300.jpg 241w, https:\/\/zakrasnejsivimperk.cz\/wp-content\/uploads\/2022\/07\/11\/vpk-nemocn\u00e9-ka\u0161tany-6-768x957.jpg 768w, https:\/\/zakrasnejsivimperk.cz\/wp-content\/uploads\/2022\/07\/11\/vpk-nemocn\u00e9-ka\u0161tany-6-822x1024.jpg 822w, https:\/\/zakrasnejsivimperk.cz\/wp-content\/uploads\/2022\/07\/11\/vpk-nemocn\u00e9-ka\u0161tany-6-326x406.jpg 326w, https:\/\/zakrasnejsivimperk.cz\/wp-content\/uploads\/2022\/07\/11\/vpk-nemocn\u00e9-ka\u0161tany-6-287x357.jpg 287w, https:\/\/zakrasnejsivimperk.cz\/wp-content\/uploads\/2022\/07\/11\/vpk-nemocn\u00e9-ka\u0161tany-6-388x483.jpg 388w\" sizes=\"(max-width: 883px) 100vw, 883px\" \/><\/p>\n<p>&nbsp;<\/p>\n<p>&nbsp;<\/p>\n<p><img loading=\"lazy\" decoding=\"async\" class=\"aligncenter wp-image-258711 size-full\" src=\"https:\/\/zakrasnejsivimperk.cz\/wp-content\/uploads\/2022\/07\/11\/vpk-nemocn\u00e9-ka\u0161tany-7.jpg\" alt=\"\" width=\"916\" height=\"1100\" srcset=\"https:\/\/zakrasnejsivimperk.cz\/wp-content\/uploads\/2022\/07\/11\/vpk-nemocn\u00e9-ka\u0161tany-7.jpg 916w, https:\/\/zakrasnejsivimperk.cz\/wp-content\/uploads\/2022\/07\/11\/vpk-nemocn\u00e9-ka\u0161tany-7-250x300.jpg 250w, https:\/\/zakrasnejsivimperk.cz\/wp-content\/uploads\/2022\/07\/11\/vpk-nemocn\u00e9-ka\u0161tany-7-768x922.jpg 768w, https:\/\/zakrasnejsivimperk.cz\/wp-content\/uploads\/2022\/07\/11\/vpk-nemocn\u00e9-ka\u0161tany-7-853x1024.jpg 853w, https:\/\/zakrasnejsivimperk.cz\/wp-content\/uploads\/2022\/07\/11\/vpk-nemocn\u00e9-ka\u0161tany-7-297x357.jpg 297w, https:\/\/zakrasnejsivimperk.cz\/wp-content\/uploads\/2022\/07\/11\/vpk-nemocn\u00e9-ka\u0161tany-7-402x483.jpg 402w\" sizes=\"(max-width: 916px) 100vw, 916px\" \/><\/p>\n<p>&nbsp;<\/p>\n<p><strong>Foto: (red) &#8211; Za kr\u00e1sn\u011bj\u0161\u00ed Vimperk<\/strong><\/p>\n<hr \/>\n<p>&nbsp;<\/p>\n<p>&nbsp;<\/p>\n<p>&nbsp;<\/p>\n","protected":false},"excerpt":{"rendered":"<p>&nbsp; &nbsp; <\/p>\n","protected":false},"author":2,"featured_media":258713,"comment_status":"open","ping_status":"open","sticky":false,"template":"","format":"gallery","meta":{"footnotes":""},"categories":[85,118],"tags":[],"jetpack_featured_media_url":"https:\/\/zakrasnejsivimperk.cz\/wp-content\/uploads\/2022\/07\/11\/r\u00e1m-nemoc.jpg","_links":{"self":[{"href":"https:\/\/zakrasnejsivimperk.cz\/index.php?rest_route=\/wp\/v2\/posts\/258703"}],"collection":[{"href":"https:\/\/zakrasnejsivimperk.cz\/index.php?rest_route=\/wp\/v2\/posts"}],"about":[{"href":"https:\/\/zakrasnejsivimperk.cz\/index.php?rest_route=\/wp\/v2\/types\/post"}],"author":[{"embeddable":true,"href":"https:\/\/zakrasnejsivimperk.cz\/index.php?rest_route=\/wp\/v2\/users\/2"}],"replies":[{"embeddable":true,"href":"https:\/\/zakrasnejsivimperk.cz\/index.php?rest_route=%2Fwp%2Fv2%2Fcomments&post=258703"}],"version-history":[{"count":1,"href":"https:\/\/zakrasnejsivimperk.cz\/index.php?rest_route=\/wp\/v2\/posts\/258703\/revisions"}],"predecessor-version":[{"id":258712,"href":"https:\/\/zakrasnejsivimperk.cz\/index.php?rest_route=\/wp\/v2\/posts\/258703\/revisions\/258712"}],"wp:featuredmedia":[{"embeddable":true,"href":"https:\/\/zakrasnejsivimperk.cz\/index.php?rest_route=\/wp\/v2\/media\/258713"}],"wp:attachment":[{"href":"https:\/\/zakrasnejsivimperk.cz\/index.php?rest_route=%2Fwp%2Fv2%2Fmedia&parent=258703"}],"wp:term":[{"taxonomy":"category","embeddable":true,"href":"https:\/\/zakrasnejsivimperk.cz\/index.php?rest_route=%2Fwp%2Fv2%2Fcategories&post=258703"},{"taxonomy":"post_tag","embeddable":true,"href":"https:\/\/zakrasnejsivimperk.cz\/index.php?rest_route=%2Fwp%2Fv2%2Ftags&post=258703"}],"curies":[{"name":"wp","href":"https:\/\/api.w.org\/{rel}","templated":true}]}}