{"id":258366,"date":"2022-07-06T12:19:09","date_gmt":"2022-07-06T11:19:09","guid":{"rendered":"https:\/\/zakrasnejsivimperk.cz\/?p=258366"},"modified":"2022-07-08T12:42:08","modified_gmt":"2022-07-08T11:42:08","slug":"nase-mesto-vimperk-statni-zamek-3","status":"publish","type":"post","link":"https:\/\/zakrasnejsivimperk.cz\/?p=258366","title":{"rendered":"NA\u0160E M\u011aSTO VIMPERK: St\u00e1tn\u00ed z\u00e1mek"},"content":{"rendered":"<figure id=\"attachment_258367\" aria-describedby=\"caption-attachment-258367\" style=\"width: 889px\" class=\"wp-caption aligncenter\"><img loading=\"lazy\" decoding=\"async\" class=\"wp-image-258367 size-full\" src=\"https:\/\/zakrasnejsivimperk.cz\/wp-content\/uploads\/2022\/07\/06\/vpk-z\u00e1mek-\u010db.jpg\" alt=\"\" width=\"889\" height=\"1100\" srcset=\"https:\/\/zakrasnejsivimperk.cz\/wp-content\/uploads\/2022\/07\/06\/vpk-z\u00e1mek-\u010db.jpg 889w, https:\/\/zakrasnejsivimperk.cz\/wp-content\/uploads\/2022\/07\/06\/vpk-z\u00e1mek-\u010db-242x300.jpg 242w, https:\/\/zakrasnejsivimperk.cz\/wp-content\/uploads\/2022\/07\/06\/vpk-z\u00e1mek-\u010db-768x950.jpg 768w, https:\/\/zakrasnejsivimperk.cz\/wp-content\/uploads\/2022\/07\/06\/vpk-z\u00e1mek-\u010db-828x1024.jpg 828w, https:\/\/zakrasnejsivimperk.cz\/wp-content\/uploads\/2022\/07\/06\/vpk-z\u00e1mek-\u010db-289x357.jpg 289w, https:\/\/zakrasnejsivimperk.cz\/wp-content\/uploads\/2022\/07\/06\/vpk-z\u00e1mek-\u010db-390x483.jpg 390w\" sizes=\"(max-width: 889px) 100vw, 889px\" \/><figcaption id=\"caption-attachment-258367\" class=\"wp-caption-text\">Foto: (red) &#8211; Za kr\u00e1sn\u011bj\u0161\u00ed Vimperk<\/figcaption><\/figure>\n<hr \/>\n<p>&nbsp;<\/p>\n<p>&nbsp;<\/p>\n<p>&nbsp;<\/p>\n","protected":false},"excerpt":{"rendered":"<p>&nbsp; &nbsp; <\/p>\n","protected":false},"author":2,"featured_media":258367,"comment_status":"open","ping_status":"open","sticky":false,"template":"","format":"gallery","meta":{"footnotes":""},"categories":[171],"tags":[],"jetpack_featured_media_url":"https:\/\/zakrasnejsivimperk.cz\/wp-content\/uploads\/2022\/07\/06\/vpk-z\u00e1mek-\u010db.jpg","_links":{"self":[{"href":"https:\/\/zakrasnejsivimperk.cz\/index.php?rest_route=\/wp\/v2\/posts\/258366"}],"collection":[{"href":"https:\/\/zakrasnejsivimperk.cz\/index.php?rest_route=\/wp\/v2\/posts"}],"about":[{"href":"https:\/\/zakrasnejsivimperk.cz\/index.php?rest_route=\/wp\/v2\/types\/post"}],"author":[{"embeddable":true,"href":"https:\/\/zakrasnejsivimperk.cz\/index.php?rest_route=\/wp\/v2\/users\/2"}],"replies":[{"embeddable":true,"href":"https:\/\/zakrasnejsivimperk.cz\/index.php?rest_route=%2Fwp%2Fv2%2Fcomments&post=258366"}],"version-history":[{"count":1,"href":"https:\/\/zakrasnejsivimperk.cz\/index.php?rest_route=\/wp\/v2\/posts\/258366\/revisions"}],"predecessor-version":[{"id":258368,"href":"https:\/\/zakrasnejsivimperk.cz\/index.php?rest_route=\/wp\/v2\/posts\/258366\/revisions\/258368"}],"wp:featuredmedia":[{"embeddable":true,"href":"https:\/\/zakrasnejsivimperk.cz\/index.php?rest_route=\/wp\/v2\/media\/258367"}],"wp:attachment":[{"href":"https:\/\/zakrasnejsivimperk.cz\/index.php?rest_route=%2Fwp%2Fv2%2Fmedia&parent=258366"}],"wp:term":[{"taxonomy":"category","embeddable":true,"href":"https:\/\/zakrasnejsivimperk.cz\/index.php?rest_route=%2Fwp%2Fv2%2Fcategories&post=258366"},{"taxonomy":"post_tag","embeddable":true,"href":"https:\/\/zakrasnejsivimperk.cz\/index.php?rest_route=%2Fwp%2Fv2%2Ftags&post=258366"}],"curies":[{"name":"wp","href":"https:\/\/api.w.org\/{rel}","templated":true}]}}