{"id":257994,"date":"2022-07-01T13:00:31","date_gmt":"2022-07-01T12:00:31","guid":{"rendered":"https:\/\/zakrasnejsivimperk.cz\/?p=257994"},"modified":"2022-07-07T12:54:38","modified_gmt":"2022-07-07T11:54:38","slug":"nase-mesto-vimperk-na-stavbe-terenni-upravy-u-zimniho-stadionu-pro-nova-parkovaci-mista-1-cervence-2022","status":"publish","type":"post","link":"https:\/\/zakrasnejsivimperk.cz\/?p=257994","title":{"rendered":"NA\u0160E M\u011aSTO VIMPERK: Na stavb\u011b &#8211; ter\u00e9nn\u00ed \u00fapravy u zimn\u00edho stadionu pro nov\u00e1 parkovac\u00ed m\u00edsta (1. \u010dervence 2022)"},"content":{"rendered":"<p><img loading=\"lazy\" decoding=\"async\" class=\"aligncenter wp-image-249847 size-full\" src=\"https:\/\/zakrasnejsivimperk.cz\/wp-content\/uploads\/2022\/03\/19\/Logo-fb.jpg\" alt=\"\" width=\"800\" height=\"324\" srcset=\"https:\/\/zakrasnejsivimperk.cz\/wp-content\/uploads\/2022\/03\/19\/Logo-fb.jpg 800w, https:\/\/zakrasnejsivimperk.cz\/wp-content\/uploads\/2022\/03\/19\/Logo-fb-300x122.jpg 300w, https:\/\/zakrasnejsivimperk.cz\/wp-content\/uploads\/2022\/03\/19\/Logo-fb-768x311.jpg 768w\" sizes=\"(max-width: 800px) 100vw, 800px\" \/><\/p>\n<p>&nbsp;<\/p>\n<p>&nbsp;<\/p>\n<p>&nbsp;<\/p>\n<p><img loading=\"lazy\" decoding=\"async\" class=\"aligncenter wp-image-257995 size-full\" src=\"https:\/\/zakrasnejsivimperk.cz\/wp-content\/uploads\/2022\/07\/01\/vpk-010722-3.jpg\" alt=\"\" width=\"1100\" height=\"754\" srcset=\"https:\/\/zakrasnejsivimperk.cz\/wp-content\/uploads\/2022\/07\/01\/vpk-010722-3.jpg 1100w, https:\/\/zakrasnejsivimperk.cz\/wp-content\/uploads\/2022\/07\/01\/vpk-010722-3-300x206.jpg 300w, https:\/\/zakrasnejsivimperk.cz\/wp-content\/uploads\/2022\/07\/01\/vpk-010722-3-768x526.jpg 768w, https:\/\/zakrasnejsivimperk.cz\/wp-content\/uploads\/2022\/07\/01\/vpk-010722-3-1024x702.jpg 1024w, https:\/\/zakrasnejsivimperk.cz\/wp-content\/uploads\/2022\/07\/01\/vpk-010722-3-521x357.jpg 521w, https:\/\/zakrasnejsivimperk.cz\/wp-content\/uploads\/2022\/07\/01\/vpk-010722-3-705x483.jpg 705w\" sizes=\"(max-width: 1100px) 100vw, 1100px\" \/><\/p>\n<p>&nbsp;<\/p>\n<p>&nbsp;<\/p>\n<p><img loading=\"lazy\" decoding=\"async\" class=\"aligncenter wp-image-257996 size-full\" src=\"https:\/\/zakrasnejsivimperk.cz\/wp-content\/uploads\/2022\/07\/01\/vpk-010722-4.jpg\" alt=\"\" width=\"1100\" height=\"697\" srcset=\"https:\/\/zakrasnejsivimperk.cz\/wp-content\/uploads\/2022\/07\/01\/vpk-010722-4.jpg 1100w, https:\/\/zakrasnejsivimperk.cz\/wp-content\/uploads\/2022\/07\/01\/vpk-010722-4-300x190.jpg 300w, https:\/\/zakrasnejsivimperk.cz\/wp-content\/uploads\/2022\/07\/01\/vpk-010722-4-768x487.jpg 768w, https:\/\/zakrasnejsivimperk.cz\/wp-content\/uploads\/2022\/07\/01\/vpk-010722-4-1024x649.jpg 1024w, https:\/\/zakrasnejsivimperk.cz\/wp-content\/uploads\/2022\/07\/01\/vpk-010722-4-563x357.jpg 563w, https:\/\/zakrasnejsivimperk.cz\/wp-content\/uploads\/2022\/07\/01\/vpk-010722-4-762x483.jpg 762w\" sizes=\"(max-width: 1100px) 100vw, 1100px\" \/><\/p>\n<p>&nbsp;<\/p>\n<p>&nbsp;<\/p>\n<p><img loading=\"lazy\" decoding=\"async\" class=\"aligncenter wp-image-257998 size-full\" src=\"https:\/\/zakrasnejsivimperk.cz\/wp-content\/uploads\/2022\/07\/01\/vpk-010722-6.jpg\" alt=\"\" width=\"1100\" height=\"644\" srcset=\"https:\/\/zakrasnejsivimperk.cz\/wp-content\/uploads\/2022\/07\/01\/vpk-010722-6.jpg 1100w, https:\/\/zakrasnejsivimperk.cz\/wp-content\/uploads\/2022\/07\/01\/vpk-010722-6-300x176.jpg 300w, https:\/\/zakrasnejsivimperk.cz\/wp-content\/uploads\/2022\/07\/01\/vpk-010722-6-768x450.jpg 768w, https:\/\/zakrasnejsivimperk.cz\/wp-content\/uploads\/2022\/07\/01\/vpk-010722-6-1024x600.jpg 1024w, https:\/\/zakrasnejsivimperk.cz\/wp-content\/uploads\/2022\/07\/01\/vpk-010722-6-610x357.jpg 610w, https:\/\/zakrasnejsivimperk.cz\/wp-content\/uploads\/2022\/07\/01\/vpk-010722-6-825x483.jpg 825w\" sizes=\"(max-width: 1100px) 100vw, 1100px\" \/><\/p>\n<p>&nbsp;<\/p>\n<p>&nbsp;<\/p>\n<p><img loading=\"lazy\" decoding=\"async\" class=\"aligncenter wp-image-257999 size-full\" src=\"https:\/\/zakrasnejsivimperk.cz\/wp-content\/uploads\/2022\/07\/01\/vpk-010722-7.jpg\" alt=\"\" width=\"1100\" height=\"696\" srcset=\"https:\/\/zakrasnejsivimperk.cz\/wp-content\/uploads\/2022\/07\/01\/vpk-010722-7.jpg 1100w, https:\/\/zakrasnejsivimperk.cz\/wp-content\/uploads\/2022\/07\/01\/vpk-010722-7-300x190.jpg 300w, https:\/\/zakrasnejsivimperk.cz\/wp-content\/uploads\/2022\/07\/01\/vpk-010722-7-768x486.jpg 768w, https:\/\/zakrasnejsivimperk.cz\/wp-content\/uploads\/2022\/07\/01\/vpk-010722-7-1024x648.jpg 1024w, https:\/\/zakrasnejsivimperk.cz\/wp-content\/uploads\/2022\/07\/01\/vpk-010722-7-564x357.jpg 564w, https:\/\/zakrasnejsivimperk.cz\/wp-content\/uploads\/2022\/07\/01\/vpk-010722-7-763x483.jpg 763w\" sizes=\"(max-width: 1100px) 100vw, 1100px\" \/><\/p>\n<p>&nbsp;<\/p>\n<p>&nbsp;<\/p>\n<p><img loading=\"lazy\" decoding=\"async\" class=\"aligncenter wp-image-258000 size-full\" src=\"https:\/\/zakrasnejsivimperk.cz\/wp-content\/uploads\/2022\/07\/01\/vpk-010722-8.jpg\" alt=\"\" width=\"1100\" height=\"713\" srcset=\"https:\/\/zakrasnejsivimperk.cz\/wp-content\/uploads\/2022\/07\/01\/vpk-010722-8.jpg 1100w, https:\/\/zakrasnejsivimperk.cz\/wp-content\/uploads\/2022\/07\/01\/vpk-010722-8-300x194.jpg 300w, https:\/\/zakrasnejsivimperk.cz\/wp-content\/uploads\/2022\/07\/01\/vpk-010722-8-768x498.jpg 768w, https:\/\/zakrasnejsivimperk.cz\/wp-content\/uploads\/2022\/07\/01\/vpk-010722-8-1024x664.jpg 1024w, https:\/\/zakrasnejsivimperk.cz\/wp-content\/uploads\/2022\/07\/01\/vpk-010722-8-100x65.jpg 100w, https:\/\/zakrasnejsivimperk.cz\/wp-content\/uploads\/2022\/07\/01\/vpk-010722-8-551x357.jpg 551w, https:\/\/zakrasnejsivimperk.cz\/wp-content\/uploads\/2022\/07\/01\/vpk-010722-8-745x483.jpg 745w\" sizes=\"(max-width: 1100px) 100vw, 1100px\" \/><\/p>\n<p>&nbsp;<\/p>\n<p>&nbsp;<\/p>\n<p><img loading=\"lazy\" decoding=\"async\" class=\"aligncenter wp-image-258002 size-full\" src=\"https:\/\/zakrasnejsivimperk.cz\/wp-content\/uploads\/2022\/07\/01\/vpk-010722-10.jpg\" alt=\"\" width=\"1100\" height=\"532\" srcset=\"https:\/\/zakrasnejsivimperk.cz\/wp-content\/uploads\/2022\/07\/01\/vpk-010722-10.jpg 1100w, https:\/\/zakrasnejsivimperk.cz\/wp-content\/uploads\/2022\/07\/01\/vpk-010722-10-300x145.jpg 300w, https:\/\/zakrasnejsivimperk.cz\/wp-content\/uploads\/2022\/07\/01\/vpk-010722-10-768x371.jpg 768w, https:\/\/zakrasnejsivimperk.cz\/wp-content\/uploads\/2022\/07\/01\/vpk-010722-10-1024x495.jpg 1024w, https:\/\/zakrasnejsivimperk.cz\/wp-content\/uploads\/2022\/07\/01\/vpk-010722-10-326x159.jpg 326w, https:\/\/zakrasnejsivimperk.cz\/wp-content\/uploads\/2022\/07\/01\/vpk-010722-10-738x357.jpg 738w, https:\/\/zakrasnejsivimperk.cz\/wp-content\/uploads\/2022\/07\/01\/vpk-010722-10-999x483.jpg 999w\" sizes=\"(max-width: 1100px) 100vw, 1100px\" \/><\/p>\n<p>&nbsp;<\/p>\n<p>&nbsp;<\/p>\n<p><img loading=\"lazy\" decoding=\"async\" class=\"aligncenter wp-image-258003 size-full\" src=\"https:\/\/zakrasnejsivimperk.cz\/wp-content\/uploads\/2022\/07\/01\/vpk-010722-11.jpg\" alt=\"\" width=\"1028\" height=\"1100\" srcset=\"https:\/\/zakrasnejsivimperk.cz\/wp-content\/uploads\/2022\/07\/01\/vpk-010722-11.jpg 1028w, https:\/\/zakrasnejsivimperk.cz\/wp-content\/uploads\/2022\/07\/01\/vpk-010722-11-280x300.jpg 280w, https:\/\/zakrasnejsivimperk.cz\/wp-content\/uploads\/2022\/07\/01\/vpk-010722-11-768x822.jpg 768w, https:\/\/zakrasnejsivimperk.cz\/wp-content\/uploads\/2022\/07\/01\/vpk-010722-11-957x1024.jpg 957w, https:\/\/zakrasnejsivimperk.cz\/wp-content\/uploads\/2022\/07\/01\/vpk-010722-11-334x357.jpg 334w, https:\/\/zakrasnejsivimperk.cz\/wp-content\/uploads\/2022\/07\/01\/vpk-010722-11-451x483.jpg 451w\" sizes=\"(max-width: 1028px) 100vw, 1028px\" \/><\/p>\n<p>&nbsp;<\/p>\n<p><strong>Foto: (red) &#8211; Za kr\u00e1sn\u011bj\u0161\u00ed Vimperk<\/strong><\/p>\n<hr \/>\n<p>&nbsp;<\/p>\n<p>&nbsp;<\/p>\n<p>&nbsp;<\/p>\n","protected":false},"excerpt":{"rendered":"<p>&nbsp; &nbsp; <\/p>\n","protected":false},"author":2,"featured_media":258005,"comment_status":"open","ping_status":"open","sticky":false,"template":"","format":"gallery","meta":{"footnotes":""},"categories":[118,108],"tags":[],"jetpack_featured_media_url":"https:\/\/zakrasnejsivimperk.cz\/wp-content\/uploads\/2022\/07\/01\/r\u00e1m-na-stavb\u011b.jpg","_links":{"self":[{"href":"https:\/\/zakrasnejsivimperk.cz\/index.php?rest_route=\/wp\/v2\/posts\/257994"}],"collection":[{"href":"https:\/\/zakrasnejsivimperk.cz\/index.php?rest_route=\/wp\/v2\/posts"}],"about":[{"href":"https:\/\/zakrasnejsivimperk.cz\/index.php?rest_route=\/wp\/v2\/types\/post"}],"author":[{"embeddable":true,"href":"https:\/\/zakrasnejsivimperk.cz\/index.php?rest_route=\/wp\/v2\/users\/2"}],"replies":[{"embeddable":true,"href":"https:\/\/zakrasnejsivimperk.cz\/index.php?rest_route=%2Fwp%2Fv2%2Fcomments&post=257994"}],"version-history":[{"count":2,"href":"https:\/\/zakrasnejsivimperk.cz\/index.php?rest_route=\/wp\/v2\/posts\/257994\/revisions"}],"predecessor-version":[{"id":258423,"href":"https:\/\/zakrasnejsivimperk.cz\/index.php?rest_route=\/wp\/v2\/posts\/257994\/revisions\/258423"}],"wp:featuredmedia":[{"embeddable":true,"href":"https:\/\/zakrasnejsivimperk.cz\/index.php?rest_route=\/wp\/v2\/media\/258005"}],"wp:attachment":[{"href":"https:\/\/zakrasnejsivimperk.cz\/index.php?rest_route=%2Fwp%2Fv2%2Fmedia&parent=257994"}],"wp:term":[{"taxonomy":"category","embeddable":true,"href":"https:\/\/zakrasnejsivimperk.cz\/index.php?rest_route=%2Fwp%2Fv2%2Fcategories&post=257994"},{"taxonomy":"post_tag","embeddable":true,"href":"https:\/\/zakrasnejsivimperk.cz\/index.php?rest_route=%2Fwp%2Fv2%2Ftags&post=257994"}],"curies":[{"name":"wp","href":"https:\/\/api.w.org\/{rel}","templated":true}]}}