{"id":257030,"date":"2022-06-19T13:00:15","date_gmt":"2022-06-19T12:00:15","guid":{"rendered":"https:\/\/zakrasnejsivimperk.cz\/?p=257030"},"modified":"2022-06-20T12:16:55","modified_gmt":"2022-06-20T11:16:55","slug":"nase-mesto-vimperk-pily-v-akci-pracovnici-odborne-firmy-orezavali-spodni-vetve-a-prorezavali-koruny-mladych-lip-v-aleji-mestskeho-parku-17-cervna-2022","status":"publish","type":"post","link":"https:\/\/zakrasnejsivimperk.cz\/?p=257030","title":{"rendered":"NA\u0160E M\u011aSTO VIMPERK: Pily v akci &#8211; pracovn\u00edci odborn\u00e9 firmy o\u0159ez\u00e1vali spodn\u00ed v\u011btve a pro\u0159ez\u00e1vali koruny mlad\u00fdch lip v aleji m\u011bstsk\u00e9ho parku (17. \u010dervna 2022)"},"content":{"rendered":"<p><img loading=\"lazy\" decoding=\"async\" class=\"aligncenter wp-image-249847 size-full\" src=\"https:\/\/zakrasnejsivimperk.cz\/wp-content\/uploads\/2022\/03\/19\/Logo-fb.jpg\" alt=\"\" width=\"800\" height=\"324\" srcset=\"https:\/\/zakrasnejsivimperk.cz\/wp-content\/uploads\/2022\/03\/19\/Logo-fb.jpg 800w, https:\/\/zakrasnejsivimperk.cz\/wp-content\/uploads\/2022\/03\/19\/Logo-fb-300x122.jpg 300w, https:\/\/zakrasnejsivimperk.cz\/wp-content\/uploads\/2022\/03\/19\/Logo-fb-768x311.jpg 768w\" sizes=\"(max-width: 800px) 100vw, 800px\" \/><\/p>\n<p>&nbsp;<\/p>\n<p>&nbsp;<\/p>\n<p><img loading=\"lazy\" decoding=\"async\" class=\"aligncenter wp-image-257032 size-full\" src=\"https:\/\/zakrasnejsivimperk.cz\/wp-content\/uploads\/2022\/06\/19\/o\u0159ez-\u016fip-v-aleji-170622-1.jpg\" alt=\"\" width=\"1100\" height=\"720\" srcset=\"https:\/\/zakrasnejsivimperk.cz\/wp-content\/uploads\/2022\/06\/19\/o\u0159ez-\u016fip-v-aleji-170622-1.jpg 1100w, https:\/\/zakrasnejsivimperk.cz\/wp-content\/uploads\/2022\/06\/19\/o\u0159ez-\u016fip-v-aleji-170622-1-300x196.jpg 300w, https:\/\/zakrasnejsivimperk.cz\/wp-content\/uploads\/2022\/06\/19\/o\u0159ez-\u016fip-v-aleji-170622-1-768x503.jpg 768w, https:\/\/zakrasnejsivimperk.cz\/wp-content\/uploads\/2022\/06\/19\/o\u0159ez-\u016fip-v-aleji-170622-1-1024x670.jpg 1024w, https:\/\/zakrasnejsivimperk.cz\/wp-content\/uploads\/2022\/06\/19\/o\u0159ez-\u016fip-v-aleji-170622-1-100x65.jpg 100w, https:\/\/zakrasnejsivimperk.cz\/wp-content\/uploads\/2022\/06\/19\/o\u0159ez-\u016fip-v-aleji-170622-1-545x357.jpg 545w, https:\/\/zakrasnejsivimperk.cz\/wp-content\/uploads\/2022\/06\/19\/o\u0159ez-\u016fip-v-aleji-170622-1-738x483.jpg 738w\" sizes=\"(max-width: 1100px) 100vw, 1100px\" \/><\/p>\n<p>&nbsp;<\/p>\n<p>&nbsp;<\/p>\n<p><img loading=\"lazy\" decoding=\"async\" class=\"aligncenter wp-image-257033 size-full\" src=\"https:\/\/zakrasnejsivimperk.cz\/wp-content\/uploads\/2022\/06\/19\/o\u0159ez-\u016fip-v-aleji-170622-2.jpg\" alt=\"\" width=\"1020\" height=\"1100\" srcset=\"https:\/\/zakrasnejsivimperk.cz\/wp-content\/uploads\/2022\/06\/19\/o\u0159ez-\u016fip-v-aleji-170622-2.jpg 1020w, https:\/\/zakrasnejsivimperk.cz\/wp-content\/uploads\/2022\/06\/19\/o\u0159ez-\u016fip-v-aleji-170622-2-278x300.jpg 278w, https:\/\/zakrasnejsivimperk.cz\/wp-content\/uploads\/2022\/06\/19\/o\u0159ez-\u016fip-v-aleji-170622-2-768x828.jpg 768w, https:\/\/zakrasnejsivimperk.cz\/wp-content\/uploads\/2022\/06\/19\/o\u0159ez-\u016fip-v-aleji-170622-2-950x1024.jpg 950w, https:\/\/zakrasnejsivimperk.cz\/wp-content\/uploads\/2022\/06\/19\/o\u0159ez-\u016fip-v-aleji-170622-2-331x357.jpg 331w, https:\/\/zakrasnejsivimperk.cz\/wp-content\/uploads\/2022\/06\/19\/o\u0159ez-\u016fip-v-aleji-170622-2-448x483.jpg 448w\" sizes=\"(max-width: 1020px) 100vw, 1020px\" \/><\/p>\n<p>&nbsp;<\/p>\n<p>&nbsp;<\/p>\n<p><img loading=\"lazy\" decoding=\"async\" class=\"aligncenter wp-image-257034 size-full\" src=\"https:\/\/zakrasnejsivimperk.cz\/wp-content\/uploads\/2022\/06\/19\/o\u0159ez-\u016fip-v-aleji-170622-3.jpg\" alt=\"\" width=\"1100\" height=\"660\" srcset=\"https:\/\/zakrasnejsivimperk.cz\/wp-content\/uploads\/2022\/06\/19\/o\u0159ez-\u016fip-v-aleji-170622-3.jpg 1100w, https:\/\/zakrasnejsivimperk.cz\/wp-content\/uploads\/2022\/06\/19\/o\u0159ez-\u016fip-v-aleji-170622-3-300x180.jpg 300w, https:\/\/zakrasnejsivimperk.cz\/wp-content\/uploads\/2022\/06\/19\/o\u0159ez-\u016fip-v-aleji-170622-3-768x461.jpg 768w, https:\/\/zakrasnejsivimperk.cz\/wp-content\/uploads\/2022\/06\/19\/o\u0159ez-\u016fip-v-aleji-170622-3-1024x614.jpg 1024w, https:\/\/zakrasnejsivimperk.cz\/wp-content\/uploads\/2022\/06\/19\/o\u0159ez-\u016fip-v-aleji-170622-3-595x357.jpg 595w, https:\/\/zakrasnejsivimperk.cz\/wp-content\/uploads\/2022\/06\/19\/o\u0159ez-\u016fip-v-aleji-170622-3-805x483.jpg 805w\" sizes=\"(max-width: 1100px) 100vw, 1100px\" \/><\/p>\n<p>&nbsp;<\/p>\n<p>&nbsp;<\/p>\n<p><img loading=\"lazy\" decoding=\"async\" class=\"aligncenter wp-image-257035 size-full\" src=\"https:\/\/zakrasnejsivimperk.cz\/wp-content\/uploads\/2022\/06\/19\/o\u0159ez-\u016fip-v-aleji-170622-4.jpg\" alt=\"\" width=\"1100\" height=\"730\" srcset=\"https:\/\/zakrasnejsivimperk.cz\/wp-content\/uploads\/2022\/06\/19\/o\u0159ez-\u016fip-v-aleji-170622-4.jpg 1100w, https:\/\/zakrasnejsivimperk.cz\/wp-content\/uploads\/2022\/06\/19\/o\u0159ez-\u016fip-v-aleji-170622-4-300x199.jpg 300w, https:\/\/zakrasnejsivimperk.cz\/wp-content\/uploads\/2022\/06\/19\/o\u0159ez-\u016fip-v-aleji-170622-4-768x510.jpg 768w, https:\/\/zakrasnejsivimperk.cz\/wp-content\/uploads\/2022\/06\/19\/o\u0159ez-\u016fip-v-aleji-170622-4-1024x680.jpg 1024w, https:\/\/zakrasnejsivimperk.cz\/wp-content\/uploads\/2022\/06\/19\/o\u0159ez-\u016fip-v-aleji-170622-4-100x65.jpg 100w, https:\/\/zakrasnejsivimperk.cz\/wp-content\/uploads\/2022\/06\/19\/o\u0159ez-\u016fip-v-aleji-170622-4-538x357.jpg 538w, https:\/\/zakrasnejsivimperk.cz\/wp-content\/uploads\/2022\/06\/19\/o\u0159ez-\u016fip-v-aleji-170622-4-728x483.jpg 728w\" sizes=\"(max-width: 1100px) 100vw, 1100px\" \/><\/p>\n<p>&nbsp;<\/p>\n<p>&nbsp;<\/p>\n<p><img loading=\"lazy\" decoding=\"async\" class=\"aligncenter wp-image-257036 size-full\" src=\"https:\/\/zakrasnejsivimperk.cz\/wp-content\/uploads\/2022\/06\/19\/o\u0159ez-\u016fip-v-aleji-170622-5.jpg\" alt=\"\" width=\"1100\" height=\"1100\" srcset=\"https:\/\/zakrasnejsivimperk.cz\/wp-content\/uploads\/2022\/06\/19\/o\u0159ez-\u016fip-v-aleji-170622-5.jpg 1100w, https:\/\/zakrasnejsivimperk.cz\/wp-content\/uploads\/2022\/06\/19\/o\u0159ez-\u016fip-v-aleji-170622-5-150x150.jpg 150w, https:\/\/zakrasnejsivimperk.cz\/wp-content\/uploads\/2022\/06\/19\/o\u0159ez-\u016fip-v-aleji-170622-5-300x300.jpg 300w, https:\/\/zakrasnejsivimperk.cz\/wp-content\/uploads\/2022\/06\/19\/o\u0159ez-\u016fip-v-aleji-170622-5-768x768.jpg 768w, https:\/\/zakrasnejsivimperk.cz\/wp-content\/uploads\/2022\/06\/19\/o\u0159ez-\u016fip-v-aleji-170622-5-1024x1024.jpg 1024w, https:\/\/zakrasnejsivimperk.cz\/wp-content\/uploads\/2022\/06\/19\/o\u0159ez-\u016fip-v-aleji-170622-5-357x357.jpg 357w, https:\/\/zakrasnejsivimperk.cz\/wp-content\/uploads\/2022\/06\/19\/o\u0159ez-\u016fip-v-aleji-170622-5-483x483.jpg 483w, https:\/\/zakrasnejsivimperk.cz\/wp-content\/uploads\/2022\/06\/19\/o\u0159ez-\u016fip-v-aleji-170622-5-210x210.jpg 210w\" sizes=\"(max-width: 1100px) 100vw, 1100px\" \/><\/p>\n<p>&nbsp;<\/p>\n<p>&nbsp;<\/p>\n<p><img loading=\"lazy\" decoding=\"async\" class=\"aligncenter wp-image-257037 size-full\" src=\"https:\/\/zakrasnejsivimperk.cz\/wp-content\/uploads\/2022\/06\/19\/o\u0159ez-\u016fip-v-aleji-170622-6.jpg\" alt=\"\" width=\"1097\" height=\"1100\" srcset=\"https:\/\/zakrasnejsivimperk.cz\/wp-content\/uploads\/2022\/06\/19\/o\u0159ez-\u016fip-v-aleji-170622-6.jpg 1097w, https:\/\/zakrasnejsivimperk.cz\/wp-content\/uploads\/2022\/06\/19\/o\u0159ez-\u016fip-v-aleji-170622-6-150x150.jpg 150w, https:\/\/zakrasnejsivimperk.cz\/wp-content\/uploads\/2022\/06\/19\/o\u0159ez-\u016fip-v-aleji-170622-6-300x300.jpg 300w, https:\/\/zakrasnejsivimperk.cz\/wp-content\/uploads\/2022\/06\/19\/o\u0159ez-\u016fip-v-aleji-170622-6-768x770.jpg 768w, https:\/\/zakrasnejsivimperk.cz\/wp-content\/uploads\/2022\/06\/19\/o\u0159ez-\u016fip-v-aleji-170622-6-1021x1024.jpg 1021w, https:\/\/zakrasnejsivimperk.cz\/wp-content\/uploads\/2022\/06\/19\/o\u0159ez-\u016fip-v-aleji-170622-6-356x357.jpg 356w, https:\/\/zakrasnejsivimperk.cz\/wp-content\/uploads\/2022\/06\/19\/o\u0159ez-\u016fip-v-aleji-170622-6-482x483.jpg 482w, https:\/\/zakrasnejsivimperk.cz\/wp-content\/uploads\/2022\/06\/19\/o\u0159ez-\u016fip-v-aleji-170622-6-210x210.jpg 210w\" sizes=\"(max-width: 1097px) 100vw, 1097px\" \/><\/p>\n<p>&nbsp;<\/p>\n<p>&nbsp;<\/p>\n<p><img loading=\"lazy\" decoding=\"async\" class=\"aligncenter wp-image-257038 size-full\" src=\"https:\/\/zakrasnejsivimperk.cz\/wp-content\/uploads\/2022\/06\/19\/o\u0159ez-\u016fip-v-aleji-170622-7.jpg\" alt=\"\" width=\"1023\" height=\"883\" srcset=\"https:\/\/zakrasnejsivimperk.cz\/wp-content\/uploads\/2022\/06\/19\/o\u0159ez-\u016fip-v-aleji-170622-7.jpg 1023w, https:\/\/zakrasnejsivimperk.cz\/wp-content\/uploads\/2022\/06\/19\/o\u0159ez-\u016fip-v-aleji-170622-7-300x259.jpg 300w, https:\/\/zakrasnejsivimperk.cz\/wp-content\/uploads\/2022\/06\/19\/o\u0159ez-\u016fip-v-aleji-170622-7-768x663.jpg 768w, https:\/\/zakrasnejsivimperk.cz\/wp-content\/uploads\/2022\/06\/19\/o\u0159ez-\u016fip-v-aleji-170622-7-414x357.jpg 414w, https:\/\/zakrasnejsivimperk.cz\/wp-content\/uploads\/2022\/06\/19\/o\u0159ez-\u016fip-v-aleji-170622-7-560x483.jpg 560w\" sizes=\"(max-width: 1023px) 100vw, 1023px\" \/><\/p>\n<p>&nbsp;<\/p>\n<p><strong>Foto: (red) &#8211; Za kr\u00e1sn\u011bj\u0161\u00ed Vimperk<\/strong><\/p>\n<hr \/>\n<p>&nbsp;<\/p>\n<p>&nbsp;<\/p>\n","protected":false},"excerpt":{"rendered":"<p>&nbsp; &nbsp; <\/p>\n","protected":false},"author":2,"featured_media":257040,"comment_status":"open","ping_status":"open","sticky":false,"template":"","format":"gallery","meta":{"footnotes":""},"categories":[118,108],"tags":[],"jetpack_featured_media_url":"https:\/\/zakrasnejsivimperk.cz\/wp-content\/uploads\/2022\/06\/19\/r\u00e1me\u010dek-pily.jpg","_links":{"self":[{"href":"https:\/\/zakrasnejsivimperk.cz\/index.php?rest_route=\/wp\/v2\/posts\/257030"}],"collection":[{"href":"https:\/\/zakrasnejsivimperk.cz\/index.php?rest_route=\/wp\/v2\/posts"}],"about":[{"href":"https:\/\/zakrasnejsivimperk.cz\/index.php?rest_route=\/wp\/v2\/types\/post"}],"author":[{"embeddable":true,"href":"https:\/\/zakrasnejsivimperk.cz\/index.php?rest_route=\/wp\/v2\/users\/2"}],"replies":[{"embeddable":true,"href":"https:\/\/zakrasnejsivimperk.cz\/index.php?rest_route=%2Fwp%2Fv2%2Fcomments&post=257030"}],"version-history":[{"count":4,"href":"https:\/\/zakrasnejsivimperk.cz\/index.php?rest_route=\/wp\/v2\/posts\/257030\/revisions"}],"predecessor-version":[{"id":257045,"href":"https:\/\/zakrasnejsivimperk.cz\/index.php?rest_route=\/wp\/v2\/posts\/257030\/revisions\/257045"}],"wp:featuredmedia":[{"embeddable":true,"href":"https:\/\/zakrasnejsivimperk.cz\/index.php?rest_route=\/wp\/v2\/media\/257040"}],"wp:attachment":[{"href":"https:\/\/zakrasnejsivimperk.cz\/index.php?rest_route=%2Fwp%2Fv2%2Fmedia&parent=257030"}],"wp:term":[{"taxonomy":"category","embeddable":true,"href":"https:\/\/zakrasnejsivimperk.cz\/index.php?rest_route=%2Fwp%2Fv2%2Fcategories&post=257030"},{"taxonomy":"post_tag","embeddable":true,"href":"https:\/\/zakrasnejsivimperk.cz\/index.php?rest_route=%2Fwp%2Fv2%2Ftags&post=257030"}],"curies":[{"name":"wp","href":"https:\/\/api.w.org\/{rel}","templated":true}]}}