{"id":256853,"date":"2022-06-16T16:58:29","date_gmt":"2022-06-16T15:58:29","guid":{"rendered":"https:\/\/zakrasnejsivimperk.cz\/?p=256853"},"modified":"2022-06-17T22:32:00","modified_gmt":"2022-06-17T21:32:00","slug":"nase-mesto-vimperk-to-je-uroda-sidliste-miru-16-cervna-2022","status":"publish","type":"post","link":"https:\/\/zakrasnejsivimperk.cz\/?p=256853","title":{"rendered":"NA\u0160E M\u011aSTO VIMPERK: To je \u00faroda &#8211; s\u00eddli\u0161t\u011b M\u00edru, 16. \u010dervna 2022"},"content":{"rendered":"<p><img loading=\"lazy\" decoding=\"async\" class=\"aligncenter wp-image-249847 size-full\" src=\"https:\/\/zakrasnejsivimperk.cz\/wp-content\/uploads\/2022\/03\/19\/Logo-fb.jpg\" alt=\"\" width=\"800\" height=\"324\" srcset=\"https:\/\/zakrasnejsivimperk.cz\/wp-content\/uploads\/2022\/03\/19\/Logo-fb.jpg 800w, https:\/\/zakrasnejsivimperk.cz\/wp-content\/uploads\/2022\/03\/19\/Logo-fb-300x122.jpg 300w, https:\/\/zakrasnejsivimperk.cz\/wp-content\/uploads\/2022\/03\/19\/Logo-fb-768x311.jpg 768w\" sizes=\"(max-width: 800px) 100vw, 800px\" \/><\/p>\n<p>&nbsp;<\/p>\n<p>&nbsp;<\/p>\n<p>&nbsp;<\/p>\n<p><img loading=\"lazy\" decoding=\"async\" class=\"aligncenter wp-image-256857 size-full\" src=\"https:\/\/zakrasnejsivimperk.cz\/wp-content\/uploads\/2022\/06\/16\/vpk-s\u00eddli\u0161t\u011b-p\u0159erostkl\u00e1-tr\u00e1va-160622-4.jpg\" alt=\"\" width=\"1100\" height=\"741\" srcset=\"https:\/\/zakrasnejsivimperk.cz\/wp-content\/uploads\/2022\/06\/16\/vpk-s\u00eddli\u0161t\u011b-p\u0159erostkl\u00e1-tr\u00e1va-160622-4.jpg 1100w, https:\/\/zakrasnejsivimperk.cz\/wp-content\/uploads\/2022\/06\/16\/vpk-s\u00eddli\u0161t\u011b-p\u0159erostkl\u00e1-tr\u00e1va-160622-4-300x202.jpg 300w, https:\/\/zakrasnejsivimperk.cz\/wp-content\/uploads\/2022\/06\/16\/vpk-s\u00eddli\u0161t\u011b-p\u0159erostkl\u00e1-tr\u00e1va-160622-4-768x517.jpg 768w, https:\/\/zakrasnejsivimperk.cz\/wp-content\/uploads\/2022\/06\/16\/vpk-s\u00eddli\u0161t\u011b-p\u0159erostkl\u00e1-tr\u00e1va-160622-4-1024x690.jpg 1024w, https:\/\/zakrasnejsivimperk.cz\/wp-content\/uploads\/2022\/06\/16\/vpk-s\u00eddli\u0161t\u011b-p\u0159erostkl\u00e1-tr\u00e1va-160622-4-530x357.jpg 530w, https:\/\/zakrasnejsivimperk.cz\/wp-content\/uploads\/2022\/06\/16\/vpk-s\u00eddli\u0161t\u011b-p\u0159erostkl\u00e1-tr\u00e1va-160622-4-717x483.jpg 717w\" sizes=\"(max-width: 1100px) 100vw, 1100px\" \/><\/p>\n<p>&nbsp;<\/p>\n<p>&nbsp;<\/p>\n<p><img loading=\"lazy\" decoding=\"async\" class=\"aligncenter wp-image-256856 size-full\" src=\"https:\/\/zakrasnejsivimperk.cz\/wp-content\/uploads\/2022\/06\/16\/vpk-s\u00eddli\u0161t\u011b-p\u0159erostkl\u00e1-tr\u00e1va-160622-3.jpg\" alt=\"\" width=\"933\" height=\"1100\" srcset=\"https:\/\/zakrasnejsivimperk.cz\/wp-content\/uploads\/2022\/06\/16\/vpk-s\u00eddli\u0161t\u011b-p\u0159erostkl\u00e1-tr\u00e1va-160622-3.jpg 933w, https:\/\/zakrasnejsivimperk.cz\/wp-content\/uploads\/2022\/06\/16\/vpk-s\u00eddli\u0161t\u011b-p\u0159erostkl\u00e1-tr\u00e1va-160622-3-254x300.jpg 254w, https:\/\/zakrasnejsivimperk.cz\/wp-content\/uploads\/2022\/06\/16\/vpk-s\u00eddli\u0161t\u011b-p\u0159erostkl\u00e1-tr\u00e1va-160622-3-768x905.jpg 768w, https:\/\/zakrasnejsivimperk.cz\/wp-content\/uploads\/2022\/06\/16\/vpk-s\u00eddli\u0161t\u011b-p\u0159erostkl\u00e1-tr\u00e1va-160622-3-869x1024.jpg 869w, https:\/\/zakrasnejsivimperk.cz\/wp-content\/uploads\/2022\/06\/16\/vpk-s\u00eddli\u0161t\u011b-p\u0159erostkl\u00e1-tr\u00e1va-160622-3-303x357.jpg 303w, https:\/\/zakrasnejsivimperk.cz\/wp-content\/uploads\/2022\/06\/16\/vpk-s\u00eddli\u0161t\u011b-p\u0159erostkl\u00e1-tr\u00e1va-160622-3-410x483.jpg 410w\" sizes=\"(max-width: 933px) 100vw, 933px\" \/><\/p>\n<p>&nbsp;<\/p>\n<p>&nbsp;<\/p>\n<p><img loading=\"lazy\" decoding=\"async\" class=\"aligncenter wp-image-256855 size-full\" src=\"https:\/\/zakrasnejsivimperk.cz\/wp-content\/uploads\/2022\/06\/16\/vpk-s\u00eddli\u0161t\u011b-p\u0159erostkl\u00e1-tr\u00e1va-160622-2.jpg\" alt=\"\" width=\"919\" height=\"1100\" srcset=\"https:\/\/zakrasnejsivimperk.cz\/wp-content\/uploads\/2022\/06\/16\/vpk-s\u00eddli\u0161t\u011b-p\u0159erostkl\u00e1-tr\u00e1va-160622-2.jpg 919w, https:\/\/zakrasnejsivimperk.cz\/wp-content\/uploads\/2022\/06\/16\/vpk-s\u00eddli\u0161t\u011b-p\u0159erostkl\u00e1-tr\u00e1va-160622-2-251x300.jpg 251w, https:\/\/zakrasnejsivimperk.cz\/wp-content\/uploads\/2022\/06\/16\/vpk-s\u00eddli\u0161t\u011b-p\u0159erostkl\u00e1-tr\u00e1va-160622-2-768x919.jpg 768w, https:\/\/zakrasnejsivimperk.cz\/wp-content\/uploads\/2022\/06\/16\/vpk-s\u00eddli\u0161t\u011b-p\u0159erostkl\u00e1-tr\u00e1va-160622-2-856x1024.jpg 856w, https:\/\/zakrasnejsivimperk.cz\/wp-content\/uploads\/2022\/06\/16\/vpk-s\u00eddli\u0161t\u011b-p\u0159erostkl\u00e1-tr\u00e1va-160622-2-298x357.jpg 298w, https:\/\/zakrasnejsivimperk.cz\/wp-content\/uploads\/2022\/06\/16\/vpk-s\u00eddli\u0161t\u011b-p\u0159erostkl\u00e1-tr\u00e1va-160622-2-404x483.jpg 404w\" sizes=\"(max-width: 919px) 100vw, 919px\" \/><\/p>\n<p>&nbsp;<\/p>\n<p>&nbsp;<\/p>\n<p><img loading=\"lazy\" decoding=\"async\" class=\"aligncenter wp-image-256854 size-full\" src=\"https:\/\/zakrasnejsivimperk.cz\/wp-content\/uploads\/2022\/06\/16\/vpk-s\u00eddli\u0161t\u011b-p\u0159erostkl\u00e1-tr\u00e1va-160622-1.jpg\" alt=\"\" width=\"917\" height=\"1100\" srcset=\"https:\/\/zakrasnejsivimperk.cz\/wp-content\/uploads\/2022\/06\/16\/vpk-s\u00eddli\u0161t\u011b-p\u0159erostkl\u00e1-tr\u00e1va-160622-1.jpg 917w, https:\/\/zakrasnejsivimperk.cz\/wp-content\/uploads\/2022\/06\/16\/vpk-s\u00eddli\u0161t\u011b-p\u0159erostkl\u00e1-tr\u00e1va-160622-1-250x300.jpg 250w, https:\/\/zakrasnejsivimperk.cz\/wp-content\/uploads\/2022\/06\/16\/vpk-s\u00eddli\u0161t\u011b-p\u0159erostkl\u00e1-tr\u00e1va-160622-1-768x921.jpg 768w, https:\/\/zakrasnejsivimperk.cz\/wp-content\/uploads\/2022\/06\/16\/vpk-s\u00eddli\u0161t\u011b-p\u0159erostkl\u00e1-tr\u00e1va-160622-1-854x1024.jpg 854w, https:\/\/zakrasnejsivimperk.cz\/wp-content\/uploads\/2022\/06\/16\/vpk-s\u00eddli\u0161t\u011b-p\u0159erostkl\u00e1-tr\u00e1va-160622-1-298x357.jpg 298w, https:\/\/zakrasnejsivimperk.cz\/wp-content\/uploads\/2022\/06\/16\/vpk-s\u00eddli\u0161t\u011b-p\u0159erostkl\u00e1-tr\u00e1va-160622-1-403x483.jpg 403w\" sizes=\"(max-width: 917px) 100vw, 917px\" \/><\/p>\n<p>&nbsp;<\/p>\n<p><strong>Foto: (red) &#8211; Za kr\u00e1sn\u011bj\u0161\u00ed Vimperk<\/strong><\/p>\n<hr \/>\n<p>&nbsp;<\/p>\n<p>&nbsp;<\/p>\n<p>&nbsp;<\/p>\n","protected":false},"excerpt":{"rendered":"<p>&nbsp; &nbsp; <\/p>\n","protected":false},"author":2,"featured_media":256859,"comment_status":"open","ping_status":"open","sticky":false,"template":"","format":"gallery","meta":{"footnotes":""},"categories":[118,86],"tags":[],"jetpack_featured_media_url":"https:\/\/zakrasnejsivimperk.cz\/wp-content\/uploads\/2022\/06\/16\/r\u00e1me\u010dek-tr\u00e1va.jpg","_links":{"self":[{"href":"https:\/\/zakrasnejsivimperk.cz\/index.php?rest_route=\/wp\/v2\/posts\/256853"}],"collection":[{"href":"https:\/\/zakrasnejsivimperk.cz\/index.php?rest_route=\/wp\/v2\/posts"}],"about":[{"href":"https:\/\/zakrasnejsivimperk.cz\/index.php?rest_route=\/wp\/v2\/types\/post"}],"author":[{"embeddable":true,"href":"https:\/\/zakrasnejsivimperk.cz\/index.php?rest_route=\/wp\/v2\/users\/2"}],"replies":[{"embeddable":true,"href":"https:\/\/zakrasnejsivimperk.cz\/index.php?rest_route=%2Fwp%2Fv2%2Fcomments&post=256853"}],"version-history":[{"count":1,"href":"https:\/\/zakrasnejsivimperk.cz\/index.php?rest_route=\/wp\/v2\/posts\/256853\/revisions"}],"predecessor-version":[{"id":256858,"href":"https:\/\/zakrasnejsivimperk.cz\/index.php?rest_route=\/wp\/v2\/posts\/256853\/revisions\/256858"}],"wp:featuredmedia":[{"embeddable":true,"href":"https:\/\/zakrasnejsivimperk.cz\/index.php?rest_route=\/wp\/v2\/media\/256859"}],"wp:attachment":[{"href":"https:\/\/zakrasnejsivimperk.cz\/index.php?rest_route=%2Fwp%2Fv2%2Fmedia&parent=256853"}],"wp:term":[{"taxonomy":"category","embeddable":true,"href":"https:\/\/zakrasnejsivimperk.cz\/index.php?rest_route=%2Fwp%2Fv2%2Fcategories&post=256853"},{"taxonomy":"post_tag","embeddable":true,"href":"https:\/\/zakrasnejsivimperk.cz\/index.php?rest_route=%2Fwp%2Fv2%2Ftags&post=256853"}],"curies":[{"name":"wp","href":"https:\/\/api.w.org\/{rel}","templated":true}]}}