{"id":256572,"date":"2022-06-14T12:14:20","date_gmt":"2022-06-14T11:14:20","guid":{"rendered":"https:\/\/zakrasnejsivimperk.cz\/?p=256572"},"modified":"2022-06-16T16:58:57","modified_gmt":"2022-06-16T15:58:57","slug":"nase-mesto-vimperk-proc-ptame-se-radnice","status":"publish","type":"post","link":"https:\/\/zakrasnejsivimperk.cz\/?p=256572","title":{"rendered":"NA\u0160E M\u011aSTO VIMPERK: Pro\u010d? Pt\u00e1me se radnice &#8211; 14. \u010dervna 2022"},"content":{"rendered":"<p><img loading=\"lazy\" decoding=\"async\" class=\"aligncenter wp-image-249847 size-full\" src=\"https:\/\/zakrasnejsivimperk.cz\/wp-content\/uploads\/2022\/03\/19\/Logo-fb.jpg\" alt=\"\" width=\"800\" height=\"324\" srcset=\"https:\/\/zakrasnejsivimperk.cz\/wp-content\/uploads\/2022\/03\/19\/Logo-fb.jpg 800w, https:\/\/zakrasnejsivimperk.cz\/wp-content\/uploads\/2022\/03\/19\/Logo-fb-300x122.jpg 300w, https:\/\/zakrasnejsivimperk.cz\/wp-content\/uploads\/2022\/03\/19\/Logo-fb-768x311.jpg 768w\" sizes=\"(max-width: 800px) 100vw, 800px\" \/><\/p>\n<p>&nbsp;<\/p>\n<p>&nbsp;<\/p>\n<h4><b>Pro\u010d se radnice po oprav\u011b h\u0159bitovn\u00ed zdi nepostarala o obnoven\u00ed n\u011bkter\u00fdch pomn\u00edk\u016f, kter\u00e9 byly kv\u016fli oprav\u011b rozebr\u00e1ny (viz foto)?<\/b><\/h4>\n<h6>Odpov\u00edd\u00e1 Martin Kalous, vedouc\u00ed odboru hospod\u00e1\u0159sk\u00e9ho a bytov\u00e9ho M\u011bstsk\u00e9ho \u00fa\u0159adu Vimperk:<\/h6>\n<p><em>&#8220;Pod\u00e9l h\u0159bitovn\u00ed zdi se nach\u00e1z\u00ed p\u0159ev\u00e1\u017en\u011b star\u00e9 vyzd\u011bn\u00e9 hrobky po p\u016fvodn\u00edch n\u011bmeck\u00fdch obyvatel\u00edch m\u011bsta Vimperk. Tyto hrobky jsou v\u00a0posledn\u00edch letech opu\u0161t\u011bn\u00e9, tj. nikdo za n\u011b neplat\u00ed poplatky a neudr\u017euje je. Mlad\u00e1 generace v\u00a0N\u011bmecku ji\u017e nem\u00e1 z\u00e1jem o hroby sv\u00fdch p\u0159edk\u016f pe\u010dovat.<\/em><\/p>\n<p><em>Samotn\u00e9 pomn\u00edky, kter\u00e9 se nach\u00e1zej\u00ed na povrchu t\u011bchto hrobek, byly ve velice \u0161patn\u00e9m technick\u00e9m stavu a p\u0159i rekonstrukci h\u0159bitovn\u00ed zdi prov\u00e1d\u011bn\u00e9 v\u00a0roce 2020 a 2021 ohro\u017eovaly nejen samotn\u00e9 pracovn\u00edky, kte\u0159\u00ed stavbu zd\u00ed prov\u00e1d\u011bli, ale i ve\u0159ejnost a n\u00e1v\u0161t\u011bvn\u00edky h\u0159bitova. Bylo tedy rozhodnuto pomn\u00edky polo\u017eit, aby na n\u011bkoho nespadly. M\u011bsto Vimperk v\u00a0r\u00e1mci opravy zd\u00ed provedlo i nejnutn\u011bj\u0161\u00ed opravu t\u011bchto hrobek, zejm\u00e9na jejich zabezpe\u010den\u00ed. N\u011bkter\u00e9 hrobky byly v\u00a0takov\u00e9m stavu, \u017ee do nich bylo mo\u017eno voln\u011b nahl\u00ed\u017eet a zasahovat. Proto\u017ee v\u00a0hrobk\u00e1ch jsou st\u00e1le ulo\u017eeny rakve s lidsk\u00fdmi ostatky bylo dohodnuto, \u017ee v\u00a0r\u00e1mci piety z\u016fstanou tyto n\u00e1hrobky nad\u00e1le na m\u00edst\u011b, tj. \u017ee je neodvezeme ze h\u0159bitova pry\u010d.<\/em><\/p>\n<p><em>V\u00a0dne\u0161n\u00ed dob\u011b ji\u017e nen\u00ed ze strany poz\u016fstal\u00fdch z\u00e1jem o ulo\u017een\u00ed zem\u0159el\u00fdch do hrobek, proto jsem rozhodl tato m\u00edsta pod\u00e9l zdi ponechat v\u00a0sou\u010dasn\u00e9m stavu a nechat zde v\u00a0pokoji odpo\u010d\u00edvat zem\u0159el\u00e9 a s\u00a0jejich ostatky nemanipulovat. Tato m\u00edsta, a\u010dkoliv jsou \u0159adu let voln\u00e1, d\u00e1le tedy nepronaj\u00edm\u00e1me.<\/em><\/p>\n<p><em>Dne\u0161n\u00ed n\u00e1klady na opravu jedn\u00e9 hrobky, v\u010detn\u011b kamenick\u00fdch prac\u00ed na bezpe\u010dn\u00e9 postaven\u00ed n\u00e1hrobku, stoj\u00ed obrovsk\u00e9 pen\u00edze. Nepo\u010d\u00edt\u00e1m pak dal\u0161\u00ed budouc\u00ed \u00fadr\u017ebu. M\u011bsto Vimperk nen\u00ed schopno na tyto pr\u00e1ce finan\u010dn\u00ed prost\u0159edky poskytnout a asi to nen\u00ed ani mo\u017en\u00e9. Z\u00e1jemc\u016f o opravu pomn\u00edk\u016f za m\u011bstsk\u00e9 pen\u00edze by se na\u0161lo nejsp\u00ed\u0161 hodn\u011b. Pro tyto prost\u0159edky vid\u00edm na h\u0159bitov\u011b smyslupln\u011bj\u0161\u00ed vyu\u017eit\u00ed (nap\u0159. oprava zch\u00e1tral\u00e9 pietn\u00ed s\u00edn\u011b v\u00a0horn\u00ed \u010d\u00e1sti h\u0159bitova). Stav t\u00e9to budovy m\u011b velice tr\u00e1p\u00ed, do konce roku bude hotov\u00e1 projektov\u00e1 dokumentace a na realizaci v\u00a0p\u0159\u00ed\u0161t\u00edm obdob\u00ed bude dobr\u00e1 ka\u017ed\u00e1 koruna.\u00a0<\/em><\/p>\n<p><em>Spr\u00e1vce h\u0159bitova bude upozorn\u011bn na to, aby posekal a zlikvidoval plevel, kter\u00fd zde roste.&#8221;<\/em><\/p>\n<p>&nbsp;<\/p>\n<p><strong>(zj) &#8211; Za kr\u00e1sn\u011bj\u0161\u00ed Vimperk<\/strong><\/p>\n<p>&nbsp;<\/p>\n<figure id=\"attachment_256573\" aria-describedby=\"caption-attachment-256573\" style=\"width: 919px\" class=\"wp-caption aligncenter\"><img loading=\"lazy\" decoding=\"async\" class=\"wp-image-256573 size-full\" src=\"https:\/\/zakrasnejsivimperk.cz\/wp-content\/uploads\/2022\/06\/13\/h\u0159bitov.jpg\" alt=\"\" width=\"919\" height=\"1100\" srcset=\"https:\/\/zakrasnejsivimperk.cz\/wp-content\/uploads\/2022\/06\/13\/h\u0159bitov.jpg 919w, https:\/\/zakrasnejsivimperk.cz\/wp-content\/uploads\/2022\/06\/13\/h\u0159bitov-251x300.jpg 251w, https:\/\/zakrasnejsivimperk.cz\/wp-content\/uploads\/2022\/06\/13\/h\u0159bitov-768x919.jpg 768w, https:\/\/zakrasnejsivimperk.cz\/wp-content\/uploads\/2022\/06\/13\/h\u0159bitov-856x1024.jpg 856w, https:\/\/zakrasnejsivimperk.cz\/wp-content\/uploads\/2022\/06\/13\/h\u0159bitov-298x357.jpg 298w, https:\/\/zakrasnejsivimperk.cz\/wp-content\/uploads\/2022\/06\/13\/h\u0159bitov-404x483.jpg 404w\" sizes=\"(max-width: 919px) 100vw, 919px\" \/><figcaption id=\"caption-attachment-256573\" class=\"wp-caption-text\">Foto: (red) &#8211; Za kr\u00e1sn\u011bj\u0161\u00ed Vimperk<\/figcaption><\/figure>\n<hr \/>\n<p>&nbsp;<\/p>\n<p>&nbsp;<\/p>\n","protected":false},"excerpt":{"rendered":"<p>&nbsp; &nbsp; <\/p>\n","protected":false},"author":2,"featured_media":256575,"comment_status":"open","ping_status":"open","sticky":false,"template":"","format":"gallery","meta":{"footnotes":""},"categories":[118,108],"tags":[],"jetpack_featured_media_url":"https:\/\/zakrasnejsivimperk.cz\/wp-content\/uploads\/2022\/06\/13\/r\u00e1me\u010dek-pro\u010d.jpg","_links":{"self":[{"href":"https:\/\/zakrasnejsivimperk.cz\/index.php?rest_route=\/wp\/v2\/posts\/256572"}],"collection":[{"href":"https:\/\/zakrasnejsivimperk.cz\/index.php?rest_route=\/wp\/v2\/posts"}],"about":[{"href":"https:\/\/zakrasnejsivimperk.cz\/index.php?rest_route=\/wp\/v2\/types\/post"}],"author":[{"embeddable":true,"href":"https:\/\/zakrasnejsivimperk.cz\/index.php?rest_route=\/wp\/v2\/users\/2"}],"replies":[{"embeddable":true,"href":"https:\/\/zakrasnejsivimperk.cz\/index.php?rest_route=%2Fwp%2Fv2%2Fcomments&post=256572"}],"version-history":[{"count":4,"href":"https:\/\/zakrasnejsivimperk.cz\/index.php?rest_route=\/wp\/v2\/posts\/256572\/revisions"}],"predecessor-version":[{"id":256651,"href":"https:\/\/zakrasnejsivimperk.cz\/index.php?rest_route=\/wp\/v2\/posts\/256572\/revisions\/256651"}],"wp:featuredmedia":[{"embeddable":true,"href":"https:\/\/zakrasnejsivimperk.cz\/index.php?rest_route=\/wp\/v2\/media\/256575"}],"wp:attachment":[{"href":"https:\/\/zakrasnejsivimperk.cz\/index.php?rest_route=%2Fwp%2Fv2%2Fmedia&parent=256572"}],"wp:term":[{"taxonomy":"category","embeddable":true,"href":"https:\/\/zakrasnejsivimperk.cz\/index.php?rest_route=%2Fwp%2Fv2%2Fcategories&post=256572"},{"taxonomy":"post_tag","embeddable":true,"href":"https:\/\/zakrasnejsivimperk.cz\/index.php?rest_route=%2Fwp%2Fv2%2Ftags&post=256572"}],"curies":[{"name":"wp","href":"https:\/\/api.w.org\/{rel}","templated":true}]}}