{"id":256290,"date":"2022-06-10T12:20:53","date_gmt":"2022-06-10T11:20:53","guid":{"rendered":"https:\/\/zakrasnejsivimperk.cz\/?p=256290"},"modified":"2022-06-11T20:45:13","modified_gmt":"2022-06-11T19:45:13","slug":"nase-mesto-vimperk-na-stavbe-zahajeni-uprav-v-okoli-zimniho-stadionu-10-cervna-2022","status":"publish","type":"post","link":"https:\/\/zakrasnejsivimperk.cz\/?p=256290","title":{"rendered":"NA\u0160E M\u011aSTO VIMPERK: Na stavb\u011b &#8211; zah\u00e1jen\u00ed \u00faprav v okol\u00ed zimn\u00edho stadionu (10. \u010dervna 2022)"},"content":{"rendered":"<p><img loading=\"lazy\" decoding=\"async\" class=\"aligncenter wp-image-249847 size-full\" src=\"https:\/\/zakrasnejsivimperk.cz\/wp-content\/uploads\/2022\/03\/19\/Logo-fb.jpg\" alt=\"\" width=\"800\" height=\"324\" srcset=\"https:\/\/zakrasnejsivimperk.cz\/wp-content\/uploads\/2022\/03\/19\/Logo-fb.jpg 800w, https:\/\/zakrasnejsivimperk.cz\/wp-content\/uploads\/2022\/03\/19\/Logo-fb-300x122.jpg 300w, https:\/\/zakrasnejsivimperk.cz\/wp-content\/uploads\/2022\/03\/19\/Logo-fb-768x311.jpg 768w\" sizes=\"(max-width: 800px) 100vw, 800px\" \/><\/p>\n<p>&nbsp;<\/p>\n<p>&nbsp;<\/p>\n<p>&nbsp;<\/p>\n<p><img loading=\"lazy\" decoding=\"async\" class=\"aligncenter wp-image-256291 size-full\" src=\"https:\/\/zakrasnejsivimperk.cz\/wp-content\/uploads\/2022\/06\/10\/vzp-\u00fapravy-zs-100622-1.jpg\" alt=\"\" width=\"1100\" height=\"536\" srcset=\"https:\/\/zakrasnejsivimperk.cz\/wp-content\/uploads\/2022\/06\/10\/vzp-\u00fapravy-zs-100622-1.jpg 1100w, https:\/\/zakrasnejsivimperk.cz\/wp-content\/uploads\/2022\/06\/10\/vzp-\u00fapravy-zs-100622-1-300x146.jpg 300w, https:\/\/zakrasnejsivimperk.cz\/wp-content\/uploads\/2022\/06\/10\/vzp-\u00fapravy-zs-100622-1-768x374.jpg 768w, https:\/\/zakrasnejsivimperk.cz\/wp-content\/uploads\/2022\/06\/10\/vzp-\u00fapravy-zs-100622-1-1024x499.jpg 1024w, https:\/\/zakrasnejsivimperk.cz\/wp-content\/uploads\/2022\/06\/10\/vzp-\u00fapravy-zs-100622-1-326x159.jpg 326w, https:\/\/zakrasnejsivimperk.cz\/wp-content\/uploads\/2022\/06\/10\/vzp-\u00fapravy-zs-100622-1-733x357.jpg 733w, https:\/\/zakrasnejsivimperk.cz\/wp-content\/uploads\/2022\/06\/10\/vzp-\u00fapravy-zs-100622-1-991x483.jpg 991w\" sizes=\"(max-width: 1100px) 100vw, 1100px\" \/><\/p>\n<p>&nbsp;<\/p>\n<p>&nbsp;<\/p>\n<p><img loading=\"lazy\" decoding=\"async\" class=\"aligncenter wp-image-256292 size-full\" src=\"https:\/\/zakrasnejsivimperk.cz\/wp-content\/uploads\/2022\/06\/10\/vzp-\u00fapravy-zs-100622-2.jpg\" alt=\"\" width=\"1100\" height=\"606\" srcset=\"https:\/\/zakrasnejsivimperk.cz\/wp-content\/uploads\/2022\/06\/10\/vzp-\u00fapravy-zs-100622-2.jpg 1100w, https:\/\/zakrasnejsivimperk.cz\/wp-content\/uploads\/2022\/06\/10\/vzp-\u00fapravy-zs-100622-2-300x165.jpg 300w, https:\/\/zakrasnejsivimperk.cz\/wp-content\/uploads\/2022\/06\/10\/vzp-\u00fapravy-zs-100622-2-768x423.jpg 768w, https:\/\/zakrasnejsivimperk.cz\/wp-content\/uploads\/2022\/06\/10\/vzp-\u00fapravy-zs-100622-2-1024x564.jpg 1024w, https:\/\/zakrasnejsivimperk.cz\/wp-content\/uploads\/2022\/06\/10\/vzp-\u00fapravy-zs-100622-2-648x357.jpg 648w, https:\/\/zakrasnejsivimperk.cz\/wp-content\/uploads\/2022\/06\/10\/vzp-\u00fapravy-zs-100622-2-877x483.jpg 877w\" sizes=\"(max-width: 1100px) 100vw, 1100px\" \/><\/p>\n<p>&nbsp;<\/p>\n<p>&nbsp;<\/p>\n<p><img loading=\"lazy\" decoding=\"async\" class=\"aligncenter wp-image-256293 size-full\" src=\"https:\/\/zakrasnejsivimperk.cz\/wp-content\/uploads\/2022\/06\/10\/vzp-\u00fapravy-zs-100622-3.jpg\" alt=\"\" width=\"1100\" height=\"641\" srcset=\"https:\/\/zakrasnejsivimperk.cz\/wp-content\/uploads\/2022\/06\/10\/vzp-\u00fapravy-zs-100622-3.jpg 1100w, https:\/\/zakrasnejsivimperk.cz\/wp-content\/uploads\/2022\/06\/10\/vzp-\u00fapravy-zs-100622-3-300x175.jpg 300w, https:\/\/zakrasnejsivimperk.cz\/wp-content\/uploads\/2022\/06\/10\/vzp-\u00fapravy-zs-100622-3-768x448.jpg 768w, https:\/\/zakrasnejsivimperk.cz\/wp-content\/uploads\/2022\/06\/10\/vzp-\u00fapravy-zs-100622-3-1024x597.jpg 1024w, https:\/\/zakrasnejsivimperk.cz\/wp-content\/uploads\/2022\/06\/10\/vzp-\u00fapravy-zs-100622-3-613x357.jpg 613w, https:\/\/zakrasnejsivimperk.cz\/wp-content\/uploads\/2022\/06\/10\/vzp-\u00fapravy-zs-100622-3-829x483.jpg 829w\" sizes=\"(max-width: 1100px) 100vw, 1100px\" \/><\/p>\n<p>&nbsp;<\/p>\n<p>&nbsp;<\/p>\n<p><img loading=\"lazy\" decoding=\"async\" class=\"aligncenter wp-image-256294 size-full\" src=\"https:\/\/zakrasnejsivimperk.cz\/wp-content\/uploads\/2022\/06\/10\/vzp-\u00fapravy-zs-100622-4.jpg\" alt=\"\" width=\"1100\" height=\"732\" srcset=\"https:\/\/zakrasnejsivimperk.cz\/wp-content\/uploads\/2022\/06\/10\/vzp-\u00fapravy-zs-100622-4.jpg 1100w, https:\/\/zakrasnejsivimperk.cz\/wp-content\/uploads\/2022\/06\/10\/vzp-\u00fapravy-zs-100622-4-300x200.jpg 300w, https:\/\/zakrasnejsivimperk.cz\/wp-content\/uploads\/2022\/06\/10\/vzp-\u00fapravy-zs-100622-4-768x511.jpg 768w, https:\/\/zakrasnejsivimperk.cz\/wp-content\/uploads\/2022\/06\/10\/vzp-\u00fapravy-zs-100622-4-1024x681.jpg 1024w, https:\/\/zakrasnejsivimperk.cz\/wp-content\/uploads\/2022\/06\/10\/vzp-\u00fapravy-zs-100622-4-536x357.jpg 536w, https:\/\/zakrasnejsivimperk.cz\/wp-content\/uploads\/2022\/06\/10\/vzp-\u00fapravy-zs-100622-4-726x483.jpg 726w\" sizes=\"(max-width: 1100px) 100vw, 1100px\" \/><\/p>\n<p>&nbsp;<\/p>\n<p>&nbsp;<\/p>\n<p><img loading=\"lazy\" decoding=\"async\" class=\"aligncenter wp-image-256295 size-full\" src=\"https:\/\/zakrasnejsivimperk.cz\/wp-content\/uploads\/2022\/06\/10\/vzp-\u00fapravy-zs-100622-5.jpg\" alt=\"\" width=\"1100\" height=\"618\" srcset=\"https:\/\/zakrasnejsivimperk.cz\/wp-content\/uploads\/2022\/06\/10\/vzp-\u00fapravy-zs-100622-5.jpg 1100w, https:\/\/zakrasnejsivimperk.cz\/wp-content\/uploads\/2022\/06\/10\/vzp-\u00fapravy-zs-100622-5-300x169.jpg 300w, https:\/\/zakrasnejsivimperk.cz\/wp-content\/uploads\/2022\/06\/10\/vzp-\u00fapravy-zs-100622-5-768x431.jpg 768w, https:\/\/zakrasnejsivimperk.cz\/wp-content\/uploads\/2022\/06\/10\/vzp-\u00fapravy-zs-100622-5-1024x575.jpg 1024w, https:\/\/zakrasnejsivimperk.cz\/wp-content\/uploads\/2022\/06\/10\/vzp-\u00fapravy-zs-100622-5-635x357.jpg 635w, https:\/\/zakrasnejsivimperk.cz\/wp-content\/uploads\/2022\/06\/10\/vzp-\u00fapravy-zs-100622-5-860x483.jpg 860w\" sizes=\"(max-width: 1100px) 100vw, 1100px\" \/><\/p>\n<p>&nbsp;<\/p>\n<p>&nbsp;<\/p>\n<p><img loading=\"lazy\" decoding=\"async\" class=\"aligncenter wp-image-256296 size-full\" src=\"https:\/\/zakrasnejsivimperk.cz\/wp-content\/uploads\/2022\/06\/10\/vzp-\u00fapravy-zs-100622-6.jpg\" alt=\"\" width=\"1100\" height=\"600\" srcset=\"https:\/\/zakrasnejsivimperk.cz\/wp-content\/uploads\/2022\/06\/10\/vzp-\u00fapravy-zs-100622-6.jpg 1100w, https:\/\/zakrasnejsivimperk.cz\/wp-content\/uploads\/2022\/06\/10\/vzp-\u00fapravy-zs-100622-6-300x164.jpg 300w, https:\/\/zakrasnejsivimperk.cz\/wp-content\/uploads\/2022\/06\/10\/vzp-\u00fapravy-zs-100622-6-768x419.jpg 768w, https:\/\/zakrasnejsivimperk.cz\/wp-content\/uploads\/2022\/06\/10\/vzp-\u00fapravy-zs-100622-6-1024x559.jpg 1024w, https:\/\/zakrasnejsivimperk.cz\/wp-content\/uploads\/2022\/06\/10\/vzp-\u00fapravy-zs-100622-6-655x357.jpg 655w, https:\/\/zakrasnejsivimperk.cz\/wp-content\/uploads\/2022\/06\/10\/vzp-\u00fapravy-zs-100622-6-886x483.jpg 886w\" sizes=\"(max-width: 1100px) 100vw, 1100px\" \/><\/p>\n<p>&nbsp;<\/p>\n<p>&nbsp;<\/p>\n<p><img loading=\"lazy\" decoding=\"async\" class=\"aligncenter wp-image-256297 size-full\" src=\"https:\/\/zakrasnejsivimperk.cz\/wp-content\/uploads\/2022\/06\/10\/vzp-\u00fapravy-zs-100622-7.jpg\" alt=\"\" width=\"1100\" height=\"626\" srcset=\"https:\/\/zakrasnejsivimperk.cz\/wp-content\/uploads\/2022\/06\/10\/vzp-\u00fapravy-zs-100622-7.jpg 1100w, https:\/\/zakrasnejsivimperk.cz\/wp-content\/uploads\/2022\/06\/10\/vzp-\u00fapravy-zs-100622-7-300x171.jpg 300w, https:\/\/zakrasnejsivimperk.cz\/wp-content\/uploads\/2022\/06\/10\/vzp-\u00fapravy-zs-100622-7-768x437.jpg 768w, https:\/\/zakrasnejsivimperk.cz\/wp-content\/uploads\/2022\/06\/10\/vzp-\u00fapravy-zs-100622-7-1024x583.jpg 1024w, https:\/\/zakrasnejsivimperk.cz\/wp-content\/uploads\/2022\/06\/10\/vzp-\u00fapravy-zs-100622-7-627x357.jpg 627w, https:\/\/zakrasnejsivimperk.cz\/wp-content\/uploads\/2022\/06\/10\/vzp-\u00fapravy-zs-100622-7-849x483.jpg 849w\" sizes=\"(max-width: 1100px) 100vw, 1100px\" \/><\/p>\n<p>&nbsp;<\/p>\n<p><strong>Foto: (red) &#8211; Za kr\u00e1sn\u011bj\u0161\u00ed Vimperk<\/strong><\/p>\n<hr \/>\n<p>&nbsp;<\/p>\n<p>&nbsp;<\/p>\n<p>&nbsp;<\/p>\n","protected":false},"excerpt":{"rendered":"<p>&nbsp; &nbsp; <\/p>\n","protected":false},"author":2,"featured_media":256300,"comment_status":"open","ping_status":"open","sticky":false,"template":"","format":"gallery","meta":{"footnotes":""},"categories":[118,108],"tags":[],"jetpack_featured_media_url":"https:\/\/zakrasnejsivimperk.cz\/wp-content\/uploads\/2022\/06\/10\/r\u00e1me\u010dek-na-stavb\u011b-1.jpg","_links":{"self":[{"href":"https:\/\/zakrasnejsivimperk.cz\/index.php?rest_route=\/wp\/v2\/posts\/256290"}],"collection":[{"href":"https:\/\/zakrasnejsivimperk.cz\/index.php?rest_route=\/wp\/v2\/posts"}],"about":[{"href":"https:\/\/zakrasnejsivimperk.cz\/index.php?rest_route=\/wp\/v2\/types\/post"}],"author":[{"embeddable":true,"href":"https:\/\/zakrasnejsivimperk.cz\/index.php?rest_route=\/wp\/v2\/users\/2"}],"replies":[{"embeddable":true,"href":"https:\/\/zakrasnejsivimperk.cz\/index.php?rest_route=%2Fwp%2Fv2%2Fcomments&post=256290"}],"version-history":[{"count":1,"href":"https:\/\/zakrasnejsivimperk.cz\/index.php?rest_route=\/wp\/v2\/posts\/256290\/revisions"}],"predecessor-version":[{"id":256298,"href":"https:\/\/zakrasnejsivimperk.cz\/index.php?rest_route=\/wp\/v2\/posts\/256290\/revisions\/256298"}],"wp:featuredmedia":[{"embeddable":true,"href":"https:\/\/zakrasnejsivimperk.cz\/index.php?rest_route=\/wp\/v2\/media\/256300"}],"wp:attachment":[{"href":"https:\/\/zakrasnejsivimperk.cz\/index.php?rest_route=%2Fwp%2Fv2%2Fmedia&parent=256290"}],"wp:term":[{"taxonomy":"category","embeddable":true,"href":"https:\/\/zakrasnejsivimperk.cz\/index.php?rest_route=%2Fwp%2Fv2%2Fcategories&post=256290"},{"taxonomy":"post_tag","embeddable":true,"href":"https:\/\/zakrasnejsivimperk.cz\/index.php?rest_route=%2Fwp%2Fv2%2Ftags&post=256290"}],"curies":[{"name":"wp","href":"https:\/\/api.w.org\/{rel}","templated":true}]}}