{"id":255725,"date":"2022-06-21T12:38:40","date_gmt":"2022-06-21T11:38:40","guid":{"rendered":"https:\/\/zakrasnejsivimperk.cz\/?p=255725"},"modified":"2022-06-22T13:11:04","modified_gmt":"2022-06-22T12:11:04","slug":"nase-mesto-vimperk-zahradni-ulice-nabizi-ruzne-pohledy-na-zamek-a-mesto","status":"publish","type":"post","link":"https:\/\/zakrasnejsivimperk.cz\/?p=255725","title":{"rendered":"NA\u0160E M\u011aSTO VIMPERK: Zahradn\u00ed ulice nab\u00edz\u00ed r\u016fzn\u00e9 pohledy na z\u00e1mek a m\u011bsto"},"content":{"rendered":"<p><img loading=\"lazy\" decoding=\"async\" class=\"aligncenter wp-image-249847 size-full\" src=\"https:\/\/zakrasnejsivimperk.cz\/wp-content\/uploads\/2022\/03\/19\/Logo-fb.jpg\" alt=\"\" width=\"800\" height=\"324\" srcset=\"https:\/\/zakrasnejsivimperk.cz\/wp-content\/uploads\/2022\/03\/19\/Logo-fb.jpg 800w, https:\/\/zakrasnejsivimperk.cz\/wp-content\/uploads\/2022\/03\/19\/Logo-fb-300x122.jpg 300w, https:\/\/zakrasnejsivimperk.cz\/wp-content\/uploads\/2022\/03\/19\/Logo-fb-768x311.jpg 768w\" sizes=\"(max-width: 800px) 100vw, 800px\" \/><\/p>\n<p>&nbsp;<\/p>\n<p>&nbsp;<\/p>\n<p>&nbsp;<\/p>\n<p><img loading=\"lazy\" decoding=\"async\" class=\"aligncenter wp-image-255731 size-full\" src=\"https:\/\/zakrasnejsivimperk.cz\/wp-content\/uploads\/2022\/06\/02\/vpk-z\u00e1mek-zahradn\u00ed-6.jpg\" alt=\"\" width=\"898\" height=\"1100\" srcset=\"https:\/\/zakrasnejsivimperk.cz\/wp-content\/uploads\/2022\/06\/02\/vpk-z\u00e1mek-zahradn\u00ed-6.jpg 898w, https:\/\/zakrasnejsivimperk.cz\/wp-content\/uploads\/2022\/06\/02\/vpk-z\u00e1mek-zahradn\u00ed-6-245x300.jpg 245w, https:\/\/zakrasnejsivimperk.cz\/wp-content\/uploads\/2022\/06\/02\/vpk-z\u00e1mek-zahradn\u00ed-6-768x941.jpg 768w, https:\/\/zakrasnejsivimperk.cz\/wp-content\/uploads\/2022\/06\/02\/vpk-z\u00e1mek-zahradn\u00ed-6-836x1024.jpg 836w, https:\/\/zakrasnejsivimperk.cz\/wp-content\/uploads\/2022\/06\/02\/vpk-z\u00e1mek-zahradn\u00ed-6-291x357.jpg 291w, https:\/\/zakrasnejsivimperk.cz\/wp-content\/uploads\/2022\/06\/02\/vpk-z\u00e1mek-zahradn\u00ed-6-394x483.jpg 394w\" sizes=\"(max-width: 898px) 100vw, 898px\" \/><\/p>\n<p>&nbsp;<\/p>\n<p>&nbsp;<\/p>\n<p><img loading=\"lazy\" decoding=\"async\" class=\"aligncenter wp-image-255726 size-full\" src=\"https:\/\/zakrasnejsivimperk.cz\/wp-content\/uploads\/2022\/06\/02\/vpk-z\u00e1mek-zahradn\u00ed-1.jpg\" alt=\"\" width=\"1100\" height=\"670\" srcset=\"https:\/\/zakrasnejsivimperk.cz\/wp-content\/uploads\/2022\/06\/02\/vpk-z\u00e1mek-zahradn\u00ed-1.jpg 1100w, https:\/\/zakrasnejsivimperk.cz\/wp-content\/uploads\/2022\/06\/02\/vpk-z\u00e1mek-zahradn\u00ed-1-300x183.jpg 300w, https:\/\/zakrasnejsivimperk.cz\/wp-content\/uploads\/2022\/06\/02\/vpk-z\u00e1mek-zahradn\u00ed-1-768x468.jpg 768w, https:\/\/zakrasnejsivimperk.cz\/wp-content\/uploads\/2022\/06\/02\/vpk-z\u00e1mek-zahradn\u00ed-1-1024x624.jpg 1024w, https:\/\/zakrasnejsivimperk.cz\/wp-content\/uploads\/2022\/06\/02\/vpk-z\u00e1mek-zahradn\u00ed-1-586x357.jpg 586w, https:\/\/zakrasnejsivimperk.cz\/wp-content\/uploads\/2022\/06\/02\/vpk-z\u00e1mek-zahradn\u00ed-1-793x483.jpg 793w\" sizes=\"(max-width: 1100px) 100vw, 1100px\" \/><\/p>\n<p>&nbsp;<\/p>\n<p>&nbsp;<\/p>\n<p><img loading=\"lazy\" decoding=\"async\" class=\"aligncenter wp-image-255727 size-full\" src=\"https:\/\/zakrasnejsivimperk.cz\/wp-content\/uploads\/2022\/06\/02\/vpk-z\u00e1mek-zahradn\u00ed-2.jpg\" alt=\"\" width=\"1100\" height=\"641\" srcset=\"https:\/\/zakrasnejsivimperk.cz\/wp-content\/uploads\/2022\/06\/02\/vpk-z\u00e1mek-zahradn\u00ed-2.jpg 1100w, https:\/\/zakrasnejsivimperk.cz\/wp-content\/uploads\/2022\/06\/02\/vpk-z\u00e1mek-zahradn\u00ed-2-300x175.jpg 300w, https:\/\/zakrasnejsivimperk.cz\/wp-content\/uploads\/2022\/06\/02\/vpk-z\u00e1mek-zahradn\u00ed-2-768x448.jpg 768w, https:\/\/zakrasnejsivimperk.cz\/wp-content\/uploads\/2022\/06\/02\/vpk-z\u00e1mek-zahradn\u00ed-2-1024x597.jpg 1024w, https:\/\/zakrasnejsivimperk.cz\/wp-content\/uploads\/2022\/06\/02\/vpk-z\u00e1mek-zahradn\u00ed-2-613x357.jpg 613w, https:\/\/zakrasnejsivimperk.cz\/wp-content\/uploads\/2022\/06\/02\/vpk-z\u00e1mek-zahradn\u00ed-2-829x483.jpg 829w\" sizes=\"(max-width: 1100px) 100vw, 1100px\" \/><\/p>\n<p>&nbsp;<\/p>\n<p>&nbsp;<\/p>\n<p><img loading=\"lazy\" decoding=\"async\" class=\"aligncenter wp-image-255728 size-full\" src=\"https:\/\/zakrasnejsivimperk.cz\/wp-content\/uploads\/2022\/06\/02\/vpk-z\u00e1mek-zahradn\u00ed-3.jpg\" alt=\"\" width=\"1100\" height=\"663\" srcset=\"https:\/\/zakrasnejsivimperk.cz\/wp-content\/uploads\/2022\/06\/02\/vpk-z\u00e1mek-zahradn\u00ed-3.jpg 1100w, https:\/\/zakrasnejsivimperk.cz\/wp-content\/uploads\/2022\/06\/02\/vpk-z\u00e1mek-zahradn\u00ed-3-300x181.jpg 300w, https:\/\/zakrasnejsivimperk.cz\/wp-content\/uploads\/2022\/06\/02\/vpk-z\u00e1mek-zahradn\u00ed-3-768x463.jpg 768w, https:\/\/zakrasnejsivimperk.cz\/wp-content\/uploads\/2022\/06\/02\/vpk-z\u00e1mek-zahradn\u00ed-3-1024x617.jpg 1024w, https:\/\/zakrasnejsivimperk.cz\/wp-content\/uploads\/2022\/06\/02\/vpk-z\u00e1mek-zahradn\u00ed-3-592x357.jpg 592w, https:\/\/zakrasnejsivimperk.cz\/wp-content\/uploads\/2022\/06\/02\/vpk-z\u00e1mek-zahradn\u00ed-3-801x483.jpg 801w\" sizes=\"(max-width: 1100px) 100vw, 1100px\" \/><\/p>\n<p>&nbsp;<\/p>\n<p>&nbsp;<\/p>\n<p><img loading=\"lazy\" decoding=\"async\" class=\"aligncenter wp-image-255729 size-full\" src=\"https:\/\/zakrasnejsivimperk.cz\/wp-content\/uploads\/2022\/06\/02\/vpk-z\u00e1mek-zahradn\u00ed-4.jpg\" alt=\"\" width=\"1100\" height=\"585\" srcset=\"https:\/\/zakrasnejsivimperk.cz\/wp-content\/uploads\/2022\/06\/02\/vpk-z\u00e1mek-zahradn\u00ed-4.jpg 1100w, https:\/\/zakrasnejsivimperk.cz\/wp-content\/uploads\/2022\/06\/02\/vpk-z\u00e1mek-zahradn\u00ed-4-300x160.jpg 300w, https:\/\/zakrasnejsivimperk.cz\/wp-content\/uploads\/2022\/06\/02\/vpk-z\u00e1mek-zahradn\u00ed-4-768x408.jpg 768w, https:\/\/zakrasnejsivimperk.cz\/wp-content\/uploads\/2022\/06\/02\/vpk-z\u00e1mek-zahradn\u00ed-4-1024x545.jpg 1024w, https:\/\/zakrasnejsivimperk.cz\/wp-content\/uploads\/2022\/06\/02\/vpk-z\u00e1mek-zahradn\u00ed-4-671x357.jpg 671w, https:\/\/zakrasnejsivimperk.cz\/wp-content\/uploads\/2022\/06\/02\/vpk-z\u00e1mek-zahradn\u00ed-4-908x483.jpg 908w\" sizes=\"(max-width: 1100px) 100vw, 1100px\" \/><\/p>\n<p>&nbsp;<\/p>\n<p>&nbsp;<\/p>\n<p><img loading=\"lazy\" decoding=\"async\" class=\"aligncenter wp-image-255730 size-full\" src=\"https:\/\/zakrasnejsivimperk.cz\/wp-content\/uploads\/2022\/06\/02\/vpk-z\u00e1mek-zahradn\u00ed-5.jpg\" alt=\"\" width=\"1100\" height=\"545\" srcset=\"https:\/\/zakrasnejsivimperk.cz\/wp-content\/uploads\/2022\/06\/02\/vpk-z\u00e1mek-zahradn\u00ed-5.jpg 1100w, https:\/\/zakrasnejsivimperk.cz\/wp-content\/uploads\/2022\/06\/02\/vpk-z\u00e1mek-zahradn\u00ed-5-300x149.jpg 300w, https:\/\/zakrasnejsivimperk.cz\/wp-content\/uploads\/2022\/06\/02\/vpk-z\u00e1mek-zahradn\u00ed-5-768x381.jpg 768w, https:\/\/zakrasnejsivimperk.cz\/wp-content\/uploads\/2022\/06\/02\/vpk-z\u00e1mek-zahradn\u00ed-5-1024x507.jpg 1024w, https:\/\/zakrasnejsivimperk.cz\/wp-content\/uploads\/2022\/06\/02\/vpk-z\u00e1mek-zahradn\u00ed-5-721x357.jpg 721w, https:\/\/zakrasnejsivimperk.cz\/wp-content\/uploads\/2022\/06\/02\/vpk-z\u00e1mek-zahradn\u00ed-5-975x483.jpg 975w\" sizes=\"(max-width: 1100px) 100vw, 1100px\" \/><\/p>\n<p>&nbsp;<\/p>\n<p>&nbsp;<\/p>\n<p><img loading=\"lazy\" decoding=\"async\" class=\"aligncenter wp-image-255732 size-full\" src=\"https:\/\/zakrasnejsivimperk.cz\/wp-content\/uploads\/2022\/06\/02\/vpk-z\u00e1mek-zahradn\u00ed-7.jpg\" alt=\"\" width=\"1100\" height=\"741\" srcset=\"https:\/\/zakrasnejsivimperk.cz\/wp-content\/uploads\/2022\/06\/02\/vpk-z\u00e1mek-zahradn\u00ed-7.jpg 1100w, https:\/\/zakrasnejsivimperk.cz\/wp-content\/uploads\/2022\/06\/02\/vpk-z\u00e1mek-zahradn\u00ed-7-300x202.jpg 300w, https:\/\/zakrasnejsivimperk.cz\/wp-content\/uploads\/2022\/06\/02\/vpk-z\u00e1mek-zahradn\u00ed-7-768x517.jpg 768w, https:\/\/zakrasnejsivimperk.cz\/wp-content\/uploads\/2022\/06\/02\/vpk-z\u00e1mek-zahradn\u00ed-7-1024x690.jpg 1024w, https:\/\/zakrasnejsivimperk.cz\/wp-content\/uploads\/2022\/06\/02\/vpk-z\u00e1mek-zahradn\u00ed-7-530x357.jpg 530w, https:\/\/zakrasnejsivimperk.cz\/wp-content\/uploads\/2022\/06\/02\/vpk-z\u00e1mek-zahradn\u00ed-7-717x483.jpg 717w\" sizes=\"(max-width: 1100px) 100vw, 1100px\" \/><\/p>\n<p>&nbsp;<\/p>\n<p>&nbsp;<\/p>\n<p><img loading=\"lazy\" decoding=\"async\" class=\"aligncenter wp-image-255733 size-full\" src=\"https:\/\/zakrasnejsivimperk.cz\/wp-content\/uploads\/2022\/06\/02\/vpk-z\u00e1mek-zahradn\u00ed-8.jpg\" alt=\"\" width=\"945\" height=\"1100\" srcset=\"https:\/\/zakrasnejsivimperk.cz\/wp-content\/uploads\/2022\/06\/02\/vpk-z\u00e1mek-zahradn\u00ed-8.jpg 945w, https:\/\/zakrasnejsivimperk.cz\/wp-content\/uploads\/2022\/06\/02\/vpk-z\u00e1mek-zahradn\u00ed-8-258x300.jpg 258w, https:\/\/zakrasnejsivimperk.cz\/wp-content\/uploads\/2022\/06\/02\/vpk-z\u00e1mek-zahradn\u00ed-8-768x894.jpg 768w, https:\/\/zakrasnejsivimperk.cz\/wp-content\/uploads\/2022\/06\/02\/vpk-z\u00e1mek-zahradn\u00ed-8-880x1024.jpg 880w, https:\/\/zakrasnejsivimperk.cz\/wp-content\/uploads\/2022\/06\/02\/vpk-z\u00e1mek-zahradn\u00ed-8-307x357.jpg 307w, https:\/\/zakrasnejsivimperk.cz\/wp-content\/uploads\/2022\/06\/02\/vpk-z\u00e1mek-zahradn\u00ed-8-415x483.jpg 415w\" sizes=\"(max-width: 945px) 100vw, 945px\" \/><\/p>\n<p>&nbsp;<\/p>\n<p><strong>Foto: (red) &#8211; Za kr\u00e1sn\u011bj\u0161\u00ed Vimperk<\/strong><\/p>\n<hr \/>\n<p>&nbsp;<\/p>\n<p>&nbsp;<\/p>\n","protected":false},"excerpt":{"rendered":"<p>&nbsp; &nbsp; <\/p>\n","protected":false},"author":2,"featured_media":255734,"comment_status":"open","ping_status":"open","sticky":false,"template":"","format":"gallery","meta":{"footnotes":""},"categories":[118,108],"tags":[],"jetpack_featured_media_url":"https:\/\/zakrasnejsivimperk.cz\/wp-content\/uploads\/2022\/06\/02\/r\u00e1me\u010dek-zahradn\u00ed.jpg","_links":{"self":[{"href":"https:\/\/zakrasnejsivimperk.cz\/index.php?rest_route=\/wp\/v2\/posts\/255725"}],"collection":[{"href":"https:\/\/zakrasnejsivimperk.cz\/index.php?rest_route=\/wp\/v2\/posts"}],"about":[{"href":"https:\/\/zakrasnejsivimperk.cz\/index.php?rest_route=\/wp\/v2\/types\/post"}],"author":[{"embeddable":true,"href":"https:\/\/zakrasnejsivimperk.cz\/index.php?rest_route=\/wp\/v2\/users\/2"}],"replies":[{"embeddable":true,"href":"https:\/\/zakrasnejsivimperk.cz\/index.php?rest_route=%2Fwp%2Fv2%2Fcomments&post=255725"}],"version-history":[{"count":2,"href":"https:\/\/zakrasnejsivimperk.cz\/index.php?rest_route=\/wp\/v2\/posts\/255725\/revisions"}],"predecessor-version":[{"id":257139,"href":"https:\/\/zakrasnejsivimperk.cz\/index.php?rest_route=\/wp\/v2\/posts\/255725\/revisions\/257139"}],"wp:featuredmedia":[{"embeddable":true,"href":"https:\/\/zakrasnejsivimperk.cz\/index.php?rest_route=\/wp\/v2\/media\/255734"}],"wp:attachment":[{"href":"https:\/\/zakrasnejsivimperk.cz\/index.php?rest_route=%2Fwp%2Fv2%2Fmedia&parent=255725"}],"wp:term":[{"taxonomy":"category","embeddable":true,"href":"https:\/\/zakrasnejsivimperk.cz\/index.php?rest_route=%2Fwp%2Fv2%2Fcategories&post=255725"},{"taxonomy":"post_tag","embeddable":true,"href":"https:\/\/zakrasnejsivimperk.cz\/index.php?rest_route=%2Fwp%2Fv2%2Ftags&post=255725"}],"curies":[{"name":"wp","href":"https:\/\/api.w.org\/{rel}","templated":true}]}}