{"id":255362,"date":"2022-06-04T12:15:59","date_gmt":"2022-06-04T11:15:59","guid":{"rendered":"https:\/\/zakrasnejsivimperk.cz\/?p=255362"},"modified":"2022-06-07T12:22:31","modified_gmt":"2022-06-07T11:22:31","slug":"nase-mesto-vimperk-okolo-sudslavic","status":"publish","type":"post","link":"https:\/\/zakrasnejsivimperk.cz\/?p=255362","title":{"rendered":"NA\u0160E M\u011aSTO VIMPERK: Okolo Sudslavic"},"content":{"rendered":"<p><img loading=\"lazy\" decoding=\"async\" class=\"aligncenter wp-image-249847 size-full\" src=\"https:\/\/zakrasnejsivimperk.cz\/wp-content\/uploads\/2022\/03\/19\/Logo-fb.jpg\" alt=\"\" width=\"800\" height=\"324\" srcset=\"https:\/\/zakrasnejsivimperk.cz\/wp-content\/uploads\/2022\/03\/19\/Logo-fb.jpg 800w, https:\/\/zakrasnejsivimperk.cz\/wp-content\/uploads\/2022\/03\/19\/Logo-fb-300x122.jpg 300w, https:\/\/zakrasnejsivimperk.cz\/wp-content\/uploads\/2022\/03\/19\/Logo-fb-768x311.jpg 768w\" sizes=\"(max-width: 800px) 100vw, 800px\" \/><\/p>\n<p>&nbsp;<\/p>\n<p>&nbsp;<\/p>\n<p>&nbsp;<\/p>\n<p><img loading=\"lazy\" decoding=\"async\" class=\"aligncenter wp-image-255363 size-full\" src=\"https:\/\/zakrasnejsivimperk.cz\/wp-content\/uploads\/2022\/05\/28\/sudslavice-280522-1.jpg\" alt=\"\" width=\"992\" height=\"1100\" srcset=\"https:\/\/zakrasnejsivimperk.cz\/wp-content\/uploads\/2022\/05\/28\/sudslavice-280522-1.jpg 992w, https:\/\/zakrasnejsivimperk.cz\/wp-content\/uploads\/2022\/05\/28\/sudslavice-280522-1-271x300.jpg 271w, https:\/\/zakrasnejsivimperk.cz\/wp-content\/uploads\/2022\/05\/28\/sudslavice-280522-1-768x852.jpg 768w, https:\/\/zakrasnejsivimperk.cz\/wp-content\/uploads\/2022\/05\/28\/sudslavice-280522-1-923x1024.jpg 923w, https:\/\/zakrasnejsivimperk.cz\/wp-content\/uploads\/2022\/05\/28\/sudslavice-280522-1-322x357.jpg 322w, https:\/\/zakrasnejsivimperk.cz\/wp-content\/uploads\/2022\/05\/28\/sudslavice-280522-1-436x483.jpg 436w\" sizes=\"(max-width: 992px) 100vw, 992px\" \/><\/p>\n<p>&nbsp;<\/p>\n<p>&nbsp;<\/p>\n<p><img loading=\"lazy\" decoding=\"async\" class=\"aligncenter wp-image-255364 size-full\" src=\"https:\/\/zakrasnejsivimperk.cz\/wp-content\/uploads\/2022\/05\/28\/sudslavice-280522-2.jpg\" alt=\"\" width=\"947\" height=\"1100\" srcset=\"https:\/\/zakrasnejsivimperk.cz\/wp-content\/uploads\/2022\/05\/28\/sudslavice-280522-2.jpg 947w, https:\/\/zakrasnejsivimperk.cz\/wp-content\/uploads\/2022\/05\/28\/sudslavice-280522-2-258x300.jpg 258w, https:\/\/zakrasnejsivimperk.cz\/wp-content\/uploads\/2022\/05\/28\/sudslavice-280522-2-768x892.jpg 768w, https:\/\/zakrasnejsivimperk.cz\/wp-content\/uploads\/2022\/05\/28\/sudslavice-280522-2-882x1024.jpg 882w, https:\/\/zakrasnejsivimperk.cz\/wp-content\/uploads\/2022\/05\/28\/sudslavice-280522-2-307x357.jpg 307w, https:\/\/zakrasnejsivimperk.cz\/wp-content\/uploads\/2022\/05\/28\/sudslavice-280522-2-416x483.jpg 416w\" sizes=\"(max-width: 947px) 100vw, 947px\" \/><\/p>\n<p>&nbsp;<\/p>\n<p>&nbsp;<\/p>\n<p><img loading=\"lazy\" decoding=\"async\" class=\"aligncenter wp-image-255365 size-full\" src=\"https:\/\/zakrasnejsivimperk.cz\/wp-content\/uploads\/2022\/05\/28\/sudslavice-280522-3.jpg\" alt=\"\" width=\"923\" height=\"1100\" srcset=\"https:\/\/zakrasnejsivimperk.cz\/wp-content\/uploads\/2022\/05\/28\/sudslavice-280522-3.jpg 923w, https:\/\/zakrasnejsivimperk.cz\/wp-content\/uploads\/2022\/05\/28\/sudslavice-280522-3-252x300.jpg 252w, https:\/\/zakrasnejsivimperk.cz\/wp-content\/uploads\/2022\/05\/28\/sudslavice-280522-3-768x915.jpg 768w, https:\/\/zakrasnejsivimperk.cz\/wp-content\/uploads\/2022\/05\/28\/sudslavice-280522-3-859x1024.jpg 859w, https:\/\/zakrasnejsivimperk.cz\/wp-content\/uploads\/2022\/05\/28\/sudslavice-280522-3-300x357.jpg 300w, https:\/\/zakrasnejsivimperk.cz\/wp-content\/uploads\/2022\/05\/28\/sudslavice-280522-3-405x483.jpg 405w\" sizes=\"(max-width: 923px) 100vw, 923px\" \/><\/p>\n<p>&nbsp;<\/p>\n<p>&nbsp;<\/p>\n<p><img loading=\"lazy\" decoding=\"async\" class=\"aligncenter wp-image-255366 size-full\" src=\"https:\/\/zakrasnejsivimperk.cz\/wp-content\/uploads\/2022\/05\/28\/sudslavice-280522-4.jpg\" alt=\"\" width=\"950\" height=\"1100\" srcset=\"https:\/\/zakrasnejsivimperk.cz\/wp-content\/uploads\/2022\/05\/28\/sudslavice-280522-4.jpg 950w, https:\/\/zakrasnejsivimperk.cz\/wp-content\/uploads\/2022\/05\/28\/sudslavice-280522-4-259x300.jpg 259w, https:\/\/zakrasnejsivimperk.cz\/wp-content\/uploads\/2022\/05\/28\/sudslavice-280522-4-768x889.jpg 768w, https:\/\/zakrasnejsivimperk.cz\/wp-content\/uploads\/2022\/05\/28\/sudslavice-280522-4-884x1024.jpg 884w, https:\/\/zakrasnejsivimperk.cz\/wp-content\/uploads\/2022\/05\/28\/sudslavice-280522-4-308x357.jpg 308w, https:\/\/zakrasnejsivimperk.cz\/wp-content\/uploads\/2022\/05\/28\/sudslavice-280522-4-417x483.jpg 417w\" sizes=\"(max-width: 950px) 100vw, 950px\" \/><\/p>\n<p>&nbsp;<\/p>\n<p>&nbsp;<\/p>\n<p><img loading=\"lazy\" decoding=\"async\" class=\"aligncenter wp-image-255367 size-full\" src=\"https:\/\/zakrasnejsivimperk.cz\/wp-content\/uploads\/2022\/05\/28\/sudslavice-280522-5.jpg\" alt=\"\" width=\"907\" height=\"1100\" srcset=\"https:\/\/zakrasnejsivimperk.cz\/wp-content\/uploads\/2022\/05\/28\/sudslavice-280522-5.jpg 907w, https:\/\/zakrasnejsivimperk.cz\/wp-content\/uploads\/2022\/05\/28\/sudslavice-280522-5-247x300.jpg 247w, https:\/\/zakrasnejsivimperk.cz\/wp-content\/uploads\/2022\/05\/28\/sudslavice-280522-5-768x931.jpg 768w, https:\/\/zakrasnejsivimperk.cz\/wp-content\/uploads\/2022\/05\/28\/sudslavice-280522-5-844x1024.jpg 844w, https:\/\/zakrasnejsivimperk.cz\/wp-content\/uploads\/2022\/05\/28\/sudslavice-280522-5-294x357.jpg 294w, https:\/\/zakrasnejsivimperk.cz\/wp-content\/uploads\/2022\/05\/28\/sudslavice-280522-5-398x483.jpg 398w\" sizes=\"(max-width: 907px) 100vw, 907px\" \/><\/p>\n<p>&nbsp;<\/p>\n<p>&nbsp;<\/p>\n<p><img loading=\"lazy\" decoding=\"async\" class=\"aligncenter wp-image-255368 size-full\" src=\"https:\/\/zakrasnejsivimperk.cz\/wp-content\/uploads\/2022\/05\/28\/sudslavice-280522-6.jpg\" alt=\"\" width=\"898\" height=\"1100\" srcset=\"https:\/\/zakrasnejsivimperk.cz\/wp-content\/uploads\/2022\/05\/28\/sudslavice-280522-6.jpg 898w, https:\/\/zakrasnejsivimperk.cz\/wp-content\/uploads\/2022\/05\/28\/sudslavice-280522-6-245x300.jpg 245w, https:\/\/zakrasnejsivimperk.cz\/wp-content\/uploads\/2022\/05\/28\/sudslavice-280522-6-768x941.jpg 768w, https:\/\/zakrasnejsivimperk.cz\/wp-content\/uploads\/2022\/05\/28\/sudslavice-280522-6-836x1024.jpg 836w, https:\/\/zakrasnejsivimperk.cz\/wp-content\/uploads\/2022\/05\/28\/sudslavice-280522-6-291x357.jpg 291w, https:\/\/zakrasnejsivimperk.cz\/wp-content\/uploads\/2022\/05\/28\/sudslavice-280522-6-394x483.jpg 394w\" sizes=\"(max-width: 898px) 100vw, 898px\" \/><\/p>\n<p>&nbsp;<\/p>\n<p>&nbsp;<\/p>\n<p><img loading=\"lazy\" decoding=\"async\" class=\"aligncenter wp-image-255369 size-full\" src=\"https:\/\/zakrasnejsivimperk.cz\/wp-content\/uploads\/2022\/05\/28\/sudslavice-280522-7.jpg\" alt=\"\" width=\"825\" height=\"1100\" srcset=\"https:\/\/zakrasnejsivimperk.cz\/wp-content\/uploads\/2022\/05\/28\/sudslavice-280522-7.jpg 825w, https:\/\/zakrasnejsivimperk.cz\/wp-content\/uploads\/2022\/05\/28\/sudslavice-280522-7-225x300.jpg 225w, https:\/\/zakrasnejsivimperk.cz\/wp-content\/uploads\/2022\/05\/28\/sudslavice-280522-7-768x1024.jpg 768w, https:\/\/zakrasnejsivimperk.cz\/wp-content\/uploads\/2022\/05\/28\/sudslavice-280522-7-268x357.jpg 268w, https:\/\/zakrasnejsivimperk.cz\/wp-content\/uploads\/2022\/05\/28\/sudslavice-280522-7-362x483.jpg 362w\" sizes=\"(max-width: 825px) 100vw, 825px\" \/><\/p>\n<p>&nbsp;<\/p>\n<p>&nbsp;<\/p>\n<p><img loading=\"lazy\" decoding=\"async\" class=\"aligncenter wp-image-255370 size-full\" src=\"https:\/\/zakrasnejsivimperk.cz\/wp-content\/uploads\/2022\/05\/28\/sudslavice-280522-9.jpg\" alt=\"\" width=\"964\" height=\"1100\" srcset=\"https:\/\/zakrasnejsivimperk.cz\/wp-content\/uploads\/2022\/05\/28\/sudslavice-280522-9.jpg 964w, https:\/\/zakrasnejsivimperk.cz\/wp-content\/uploads\/2022\/05\/28\/sudslavice-280522-9-263x300.jpg 263w, https:\/\/zakrasnejsivimperk.cz\/wp-content\/uploads\/2022\/05\/28\/sudslavice-280522-9-768x876.jpg 768w, https:\/\/zakrasnejsivimperk.cz\/wp-content\/uploads\/2022\/05\/28\/sudslavice-280522-9-897x1024.jpg 897w, https:\/\/zakrasnejsivimperk.cz\/wp-content\/uploads\/2022\/05\/28\/sudslavice-280522-9-313x357.jpg 313w, https:\/\/zakrasnejsivimperk.cz\/wp-content\/uploads\/2022\/05\/28\/sudslavice-280522-9-423x483.jpg 423w\" sizes=\"(max-width: 964px) 100vw, 964px\" \/><\/p>\n<p>&nbsp;<\/p>\n<p>&nbsp;<\/p>\n<p><img loading=\"lazy\" decoding=\"async\" class=\"aligncenter wp-image-255371 size-full\" src=\"https:\/\/zakrasnejsivimperk.cz\/wp-content\/uploads\/2022\/05\/28\/sudslavice-280522-10.jpg\" alt=\"\" width=\"825\" height=\"1100\" srcset=\"https:\/\/zakrasnejsivimperk.cz\/wp-content\/uploads\/2022\/05\/28\/sudslavice-280522-10.jpg 825w, https:\/\/zakrasnejsivimperk.cz\/wp-content\/uploads\/2022\/05\/28\/sudslavice-280522-10-225x300.jpg 225w, https:\/\/zakrasnejsivimperk.cz\/wp-content\/uploads\/2022\/05\/28\/sudslavice-280522-10-768x1024.jpg 768w, https:\/\/zakrasnejsivimperk.cz\/wp-content\/uploads\/2022\/05\/28\/sudslavice-280522-10-268x357.jpg 268w, https:\/\/zakrasnejsivimperk.cz\/wp-content\/uploads\/2022\/05\/28\/sudslavice-280522-10-362x483.jpg 362w\" sizes=\"(max-width: 825px) 100vw, 825px\" \/><\/p>\n<p>&nbsp;<\/p>\n<p>&nbsp;<\/p>\n<p><img loading=\"lazy\" decoding=\"async\" class=\"aligncenter wp-image-255372 size-full\" src=\"https:\/\/zakrasnejsivimperk.cz\/wp-content\/uploads\/2022\/05\/28\/sudslavice-280522-11.jpg\" alt=\"\" width=\"920\" height=\"1100\" srcset=\"https:\/\/zakrasnejsivimperk.cz\/wp-content\/uploads\/2022\/05\/28\/sudslavice-280522-11.jpg 920w, https:\/\/zakrasnejsivimperk.cz\/wp-content\/uploads\/2022\/05\/28\/sudslavice-280522-11-251x300.jpg 251w, https:\/\/zakrasnejsivimperk.cz\/wp-content\/uploads\/2022\/05\/28\/sudslavice-280522-11-768x918.jpg 768w, https:\/\/zakrasnejsivimperk.cz\/wp-content\/uploads\/2022\/05\/28\/sudslavice-280522-11-856x1024.jpg 856w, https:\/\/zakrasnejsivimperk.cz\/wp-content\/uploads\/2022\/05\/28\/sudslavice-280522-11-299x357.jpg 299w, https:\/\/zakrasnejsivimperk.cz\/wp-content\/uploads\/2022\/05\/28\/sudslavice-280522-11-404x483.jpg 404w\" sizes=\"(max-width: 920px) 100vw, 920px\" \/><\/p>\n<p>&nbsp;<\/p>\n<p>&nbsp;<\/p>\n<p><img loading=\"lazy\" decoding=\"async\" class=\"aligncenter wp-image-255373 size-full\" src=\"https:\/\/zakrasnejsivimperk.cz\/wp-content\/uploads\/2022\/05\/28\/sudslavice-280522-12.jpg\" alt=\"\" width=\"923\" height=\"1100\" srcset=\"https:\/\/zakrasnejsivimperk.cz\/wp-content\/uploads\/2022\/05\/28\/sudslavice-280522-12.jpg 923w, https:\/\/zakrasnejsivimperk.cz\/wp-content\/uploads\/2022\/05\/28\/sudslavice-280522-12-252x300.jpg 252w, https:\/\/zakrasnejsivimperk.cz\/wp-content\/uploads\/2022\/05\/28\/sudslavice-280522-12-768x915.jpg 768w, https:\/\/zakrasnejsivimperk.cz\/wp-content\/uploads\/2022\/05\/28\/sudslavice-280522-12-859x1024.jpg 859w, https:\/\/zakrasnejsivimperk.cz\/wp-content\/uploads\/2022\/05\/28\/sudslavice-280522-12-300x357.jpg 300w, https:\/\/zakrasnejsivimperk.cz\/wp-content\/uploads\/2022\/05\/28\/sudslavice-280522-12-405x483.jpg 405w\" sizes=\"(max-width: 923px) 100vw, 923px\" \/><\/p>\n<p>&nbsp;<\/p>\n<p>&nbsp;<\/p>\n<p><img loading=\"lazy\" decoding=\"async\" class=\"aligncenter wp-image-255375 size-full\" src=\"https:\/\/zakrasnejsivimperk.cz\/wp-content\/uploads\/2022\/05\/28\/sudslavice-280522-15.jpg\" alt=\"\" width=\"1100\" height=\"1076\" srcset=\"https:\/\/zakrasnejsivimperk.cz\/wp-content\/uploads\/2022\/05\/28\/sudslavice-280522-15.jpg 1100w, https:\/\/zakrasnejsivimperk.cz\/wp-content\/uploads\/2022\/05\/28\/sudslavice-280522-15-300x293.jpg 300w, https:\/\/zakrasnejsivimperk.cz\/wp-content\/uploads\/2022\/05\/28\/sudslavice-280522-15-768x751.jpg 768w, https:\/\/zakrasnejsivimperk.cz\/wp-content\/uploads\/2022\/05\/28\/sudslavice-280522-15-1024x1002.jpg 1024w, https:\/\/zakrasnejsivimperk.cz\/wp-content\/uploads\/2022\/05\/28\/sudslavice-280522-15-365x357.jpg 365w, https:\/\/zakrasnejsivimperk.cz\/wp-content\/uploads\/2022\/05\/28\/sudslavice-280522-15-494x483.jpg 494w\" sizes=\"(max-width: 1100px) 100vw, 1100px\" \/><\/p>\n<p>&nbsp;<\/p>\n<p>&nbsp;<\/p>\n<p><img loading=\"lazy\" decoding=\"async\" class=\"aligncenter wp-image-255376 size-full\" src=\"https:\/\/zakrasnejsivimperk.cz\/wp-content\/uploads\/2022\/05\/28\/sudslavice-280522-16.jpg\" alt=\"\" width=\"1100\" height=\"615\" srcset=\"https:\/\/zakrasnejsivimperk.cz\/wp-content\/uploads\/2022\/05\/28\/sudslavice-280522-16.jpg 1100w, https:\/\/zakrasnejsivimperk.cz\/wp-content\/uploads\/2022\/05\/28\/sudslavice-280522-16-300x168.jpg 300w, https:\/\/zakrasnejsivimperk.cz\/wp-content\/uploads\/2022\/05\/28\/sudslavice-280522-16-768x429.jpg 768w, https:\/\/zakrasnejsivimperk.cz\/wp-content\/uploads\/2022\/05\/28\/sudslavice-280522-16-1024x573.jpg 1024w, https:\/\/zakrasnejsivimperk.cz\/wp-content\/uploads\/2022\/05\/28\/sudslavice-280522-16-639x357.jpg 639w, https:\/\/zakrasnejsivimperk.cz\/wp-content\/uploads\/2022\/05\/28\/sudslavice-280522-16-864x483.jpg 864w\" sizes=\"(max-width: 1100px) 100vw, 1100px\" \/><\/p>\n<p>&nbsp;<\/p>\n<p>&nbsp;<\/p>\n<p><img loading=\"lazy\" decoding=\"async\" class=\"aligncenter wp-image-255377 size-full\" src=\"https:\/\/zakrasnejsivimperk.cz\/wp-content\/uploads\/2022\/05\/28\/sudslavice-280522-17.jpg\" alt=\"\" width=\"1100\" height=\"591\" srcset=\"https:\/\/zakrasnejsivimperk.cz\/wp-content\/uploads\/2022\/05\/28\/sudslavice-280522-17.jpg 1100w, https:\/\/zakrasnejsivimperk.cz\/wp-content\/uploads\/2022\/05\/28\/sudslavice-280522-17-300x161.jpg 300w, https:\/\/zakrasnejsivimperk.cz\/wp-content\/uploads\/2022\/05\/28\/sudslavice-280522-17-768x413.jpg 768w, https:\/\/zakrasnejsivimperk.cz\/wp-content\/uploads\/2022\/05\/28\/sudslavice-280522-17-1024x550.jpg 1024w, https:\/\/zakrasnejsivimperk.cz\/wp-content\/uploads\/2022\/05\/28\/sudslavice-280522-17-664x357.jpg 664w, https:\/\/zakrasnejsivimperk.cz\/wp-content\/uploads\/2022\/05\/28\/sudslavice-280522-17-899x483.jpg 899w\" sizes=\"(max-width: 1100px) 100vw, 1100px\" \/><\/p>\n<p>&nbsp;<\/p>\n<p><strong>Foto: (red) &#8211; Za kr\u00e1sn\u011bj\u0161\u00ed Vimperk\u00a0<\/strong><\/p>\n<hr \/>\n<p>&nbsp;<\/p>\n<p>&nbsp;<\/p>\n<p>&nbsp;<\/p>\n","protected":false},"excerpt":{"rendered":"<p>&nbsp; &nbsp; <\/p>\n","protected":false},"author":2,"featured_media":255379,"comment_status":"open","ping_status":"open","sticky":false,"template":"","format":"gallery","meta":{"footnotes":""},"categories":[118,108],"tags":[],"jetpack_featured_media_url":"https:\/\/zakrasnejsivimperk.cz\/wp-content\/uploads\/2022\/05\/28\/r\u00e1me\u010dek-okolo.jpg","_links":{"self":[{"href":"https:\/\/zakrasnejsivimperk.cz\/index.php?rest_route=\/wp\/v2\/posts\/255362"}],"collection":[{"href":"https:\/\/zakrasnejsivimperk.cz\/index.php?rest_route=\/wp\/v2\/posts"}],"about":[{"href":"https:\/\/zakrasnejsivimperk.cz\/index.php?rest_route=\/wp\/v2\/types\/post"}],"author":[{"embeddable":true,"href":"https:\/\/zakrasnejsivimperk.cz\/index.php?rest_route=\/wp\/v2\/users\/2"}],"replies":[{"embeddable":true,"href":"https:\/\/zakrasnejsivimperk.cz\/index.php?rest_route=%2Fwp%2Fv2%2Fcomments&post=255362"}],"version-history":[{"count":3,"href":"https:\/\/zakrasnejsivimperk.cz\/index.php?rest_route=\/wp\/v2\/posts\/255362\/revisions"}],"predecessor-version":[{"id":255853,"href":"https:\/\/zakrasnejsivimperk.cz\/index.php?rest_route=\/wp\/v2\/posts\/255362\/revisions\/255853"}],"wp:featuredmedia":[{"embeddable":true,"href":"https:\/\/zakrasnejsivimperk.cz\/index.php?rest_route=\/wp\/v2\/media\/255379"}],"wp:attachment":[{"href":"https:\/\/zakrasnejsivimperk.cz\/index.php?rest_route=%2Fwp%2Fv2%2Fmedia&parent=255362"}],"wp:term":[{"taxonomy":"category","embeddable":true,"href":"https:\/\/zakrasnejsivimperk.cz\/index.php?rest_route=%2Fwp%2Fv2%2Fcategories&post=255362"},{"taxonomy":"post_tag","embeddable":true,"href":"https:\/\/zakrasnejsivimperk.cz\/index.php?rest_route=%2Fwp%2Fv2%2Ftags&post=255362"}],"curies":[{"name":"wp","href":"https:\/\/api.w.org\/{rel}","templated":true}]}}