{"id":254591,"date":"2022-05-19T16:04:36","date_gmt":"2022-05-19T15:04:36","guid":{"rendered":"https:\/\/zakrasnejsivimperk.cz\/?p=254591"},"modified":"2022-05-21T12:22:38","modified_gmt":"2022-05-21T11:22:38","slug":"nase-mesto-vimperk-jaro-ve-sportovnim-arealu","status":"publish","type":"post","link":"https:\/\/zakrasnejsivimperk.cz\/?p=254591","title":{"rendered":"NA\u0160E M\u011aSTO VIMPERK: Jaro ve sportovn\u00edm are\u00e1lu"},"content":{"rendered":"<figure id=\"attachment_254592\" aria-describedby=\"caption-attachment-254592\" style=\"width: 916px\" class=\"wp-caption aligncenter\"><img loading=\"lazy\" decoding=\"async\" class=\"wp-image-254592 size-full\" src=\"https:\/\/zakrasnejsivimperk.cz\/wp-content\/uploads\/2022\/05\/19\/vpk-jaro-alej-sport-areal-1.jpg\" alt=\"\" width=\"916\" height=\"1100\" srcset=\"https:\/\/zakrasnejsivimperk.cz\/wp-content\/uploads\/2022\/05\/19\/vpk-jaro-alej-sport-areal-1.jpg 916w, https:\/\/zakrasnejsivimperk.cz\/wp-content\/uploads\/2022\/05\/19\/vpk-jaro-alej-sport-areal-1-250x300.jpg 250w, https:\/\/zakrasnejsivimperk.cz\/wp-content\/uploads\/2022\/05\/19\/vpk-jaro-alej-sport-areal-1-768x922.jpg 768w, https:\/\/zakrasnejsivimperk.cz\/wp-content\/uploads\/2022\/05\/19\/vpk-jaro-alej-sport-areal-1-853x1024.jpg 853w, https:\/\/zakrasnejsivimperk.cz\/wp-content\/uploads\/2022\/05\/19\/vpk-jaro-alej-sport-areal-1-297x357.jpg 297w, https:\/\/zakrasnejsivimperk.cz\/wp-content\/uploads\/2022\/05\/19\/vpk-jaro-alej-sport-areal-1-402x483.jpg 402w\" sizes=\"(max-width: 916px) 100vw, 916px\" \/><figcaption id=\"caption-attachment-254592\" class=\"wp-caption-text\">Foto: (red) &#8211; Za kr\u00e1sn\u011bj\u0161\u00ed Vimperk<\/figcaption><\/figure>\n<hr \/>\n<p>&nbsp;<\/p>\n<p>&nbsp;<\/p>\n","protected":false},"excerpt":{"rendered":"<p>&nbsp; &nbsp;<\/p>\n","protected":false},"author":2,"featured_media":254592,"comment_status":"open","ping_status":"open","sticky":false,"template":"","format":"gallery","meta":{"footnotes":""},"categories":[171],"tags":[],"jetpack_featured_media_url":"https:\/\/zakrasnejsivimperk.cz\/wp-content\/uploads\/2022\/05\/19\/vpk-jaro-alej-sport-areal-1.jpg","_links":{"self":[{"href":"https:\/\/zakrasnejsivimperk.cz\/index.php?rest_route=\/wp\/v2\/posts\/254591"}],"collection":[{"href":"https:\/\/zakrasnejsivimperk.cz\/index.php?rest_route=\/wp\/v2\/posts"}],"about":[{"href":"https:\/\/zakrasnejsivimperk.cz\/index.php?rest_route=\/wp\/v2\/types\/post"}],"author":[{"embeddable":true,"href":"https:\/\/zakrasnejsivimperk.cz\/index.php?rest_route=\/wp\/v2\/users\/2"}],"replies":[{"embeddable":true,"href":"https:\/\/zakrasnejsivimperk.cz\/index.php?rest_route=%2Fwp%2Fv2%2Fcomments&post=254591"}],"version-history":[{"count":1,"href":"https:\/\/zakrasnejsivimperk.cz\/index.php?rest_route=\/wp\/v2\/posts\/254591\/revisions"}],"predecessor-version":[{"id":254594,"href":"https:\/\/zakrasnejsivimperk.cz\/index.php?rest_route=\/wp\/v2\/posts\/254591\/revisions\/254594"}],"wp:featuredmedia":[{"embeddable":true,"href":"https:\/\/zakrasnejsivimperk.cz\/index.php?rest_route=\/wp\/v2\/media\/254592"}],"wp:attachment":[{"href":"https:\/\/zakrasnejsivimperk.cz\/index.php?rest_route=%2Fwp%2Fv2%2Fmedia&parent=254591"}],"wp:term":[{"taxonomy":"category","embeddable":true,"href":"https:\/\/zakrasnejsivimperk.cz\/index.php?rest_route=%2Fwp%2Fv2%2Fcategories&post=254591"},{"taxonomy":"post_tag","embeddable":true,"href":"https:\/\/zakrasnejsivimperk.cz\/index.php?rest_route=%2Fwp%2Fv2%2Ftags&post=254591"}],"curies":[{"name":"wp","href":"https:\/\/api.w.org\/{rel}","templated":true}]}}