{"id":254488,"date":"2022-05-18T13:14:21","date_gmt":"2022-05-18T12:14:21","guid":{"rendered":"https:\/\/zakrasnejsivimperk.cz\/?p=254488"},"modified":"2022-05-19T13:00:36","modified_gmt":"2022-05-19T12:00:36","slug":"nase-mesto-vimperk-na-stavbe-nove-chodniky-schody-parkovaci-stani-a-pristresek-na-kontejnery-pro-sidliste-miru","status":"publish","type":"post","link":"https:\/\/zakrasnejsivimperk.cz\/?p=254488","title":{"rendered":"NA\u0160E M\u011aSTO VIMPERK: Na stavb\u011b &#8211; nov\u00e9 chodn\u00edky, schody, parkovac\u00ed st\u00e1n\u00ed a p\u0159\u00edst\u0159e\u0161ek na kontejnery pro s\u00eddli\u0161t\u011b M\u00edru (18. kv\u011btna 2022)"},"content":{"rendered":"<p><img loading=\"lazy\" decoding=\"async\" class=\"aligncenter wp-image-249847 size-full\" src=\"https:\/\/zakrasnejsivimperk.cz\/wp-content\/uploads\/2022\/03\/19\/Logo-fb.jpg\" alt=\"\" width=\"800\" height=\"324\" srcset=\"https:\/\/zakrasnejsivimperk.cz\/wp-content\/uploads\/2022\/03\/19\/Logo-fb.jpg 800w, https:\/\/zakrasnejsivimperk.cz\/wp-content\/uploads\/2022\/03\/19\/Logo-fb-300x122.jpg 300w, https:\/\/zakrasnejsivimperk.cz\/wp-content\/uploads\/2022\/03\/19\/Logo-fb-768x311.jpg 768w\" sizes=\"(max-width: 800px) 100vw, 800px\" \/><\/p>\n<p>&nbsp;<\/p>\n<p>&nbsp;<\/p>\n<p><img loading=\"lazy\" decoding=\"async\" class=\"aligncenter wp-image-254489 size-full\" src=\"https:\/\/zakrasnejsivimperk.cz\/wp-content\/uploads\/2022\/05\/18\/vpk-na-stavbe-miru-180522-1.jpg\" alt=\"\" width=\"870\" height=\"1100\" srcset=\"https:\/\/zakrasnejsivimperk.cz\/wp-content\/uploads\/2022\/05\/18\/vpk-na-stavbe-miru-180522-1.jpg 870w, https:\/\/zakrasnejsivimperk.cz\/wp-content\/uploads\/2022\/05\/18\/vpk-na-stavbe-miru-180522-1-237x300.jpg 237w, https:\/\/zakrasnejsivimperk.cz\/wp-content\/uploads\/2022\/05\/18\/vpk-na-stavbe-miru-180522-1-768x971.jpg 768w, https:\/\/zakrasnejsivimperk.cz\/wp-content\/uploads\/2022\/05\/18\/vpk-na-stavbe-miru-180522-1-810x1024.jpg 810w, https:\/\/zakrasnejsivimperk.cz\/wp-content\/uploads\/2022\/05\/18\/vpk-na-stavbe-miru-180522-1-282x357.jpg 282w, https:\/\/zakrasnejsivimperk.cz\/wp-content\/uploads\/2022\/05\/18\/vpk-na-stavbe-miru-180522-1-382x483.jpg 382w\" sizes=\"(max-width: 870px) 100vw, 870px\" \/><\/p>\n<p>&nbsp;<\/p>\n<p>&nbsp;<\/p>\n<p><img loading=\"lazy\" decoding=\"async\" class=\"aligncenter wp-image-254490 size-full\" src=\"https:\/\/zakrasnejsivimperk.cz\/wp-content\/uploads\/2022\/05\/18\/vpk-na-stavbe-miru-180522-2.jpg\" alt=\"\" width=\"991\" height=\"1100\" srcset=\"https:\/\/zakrasnejsivimperk.cz\/wp-content\/uploads\/2022\/05\/18\/vpk-na-stavbe-miru-180522-2.jpg 991w, https:\/\/zakrasnejsivimperk.cz\/wp-content\/uploads\/2022\/05\/18\/vpk-na-stavbe-miru-180522-2-270x300.jpg 270w, https:\/\/zakrasnejsivimperk.cz\/wp-content\/uploads\/2022\/05\/18\/vpk-na-stavbe-miru-180522-2-768x852.jpg 768w, https:\/\/zakrasnejsivimperk.cz\/wp-content\/uploads\/2022\/05\/18\/vpk-na-stavbe-miru-180522-2-923x1024.jpg 923w, https:\/\/zakrasnejsivimperk.cz\/wp-content\/uploads\/2022\/05\/18\/vpk-na-stavbe-miru-180522-2-322x357.jpg 322w, https:\/\/zakrasnejsivimperk.cz\/wp-content\/uploads\/2022\/05\/18\/vpk-na-stavbe-miru-180522-2-435x483.jpg 435w\" sizes=\"(max-width: 991px) 100vw, 991px\" \/><\/p>\n<p>&nbsp;<\/p>\n<p>&nbsp;<\/p>\n<p><img loading=\"lazy\" decoding=\"async\" class=\"aligncenter wp-image-254491 size-full\" src=\"https:\/\/zakrasnejsivimperk.cz\/wp-content\/uploads\/2022\/05\/18\/vpk-na-stavbe-miru-180522-3.jpg\" alt=\"\" width=\"941\" height=\"1100\" srcset=\"https:\/\/zakrasnejsivimperk.cz\/wp-content\/uploads\/2022\/05\/18\/vpk-na-stavbe-miru-180522-3.jpg 941w, https:\/\/zakrasnejsivimperk.cz\/wp-content\/uploads\/2022\/05\/18\/vpk-na-stavbe-miru-180522-3-257x300.jpg 257w, https:\/\/zakrasnejsivimperk.cz\/wp-content\/uploads\/2022\/05\/18\/vpk-na-stavbe-miru-180522-3-768x898.jpg 768w, https:\/\/zakrasnejsivimperk.cz\/wp-content\/uploads\/2022\/05\/18\/vpk-na-stavbe-miru-180522-3-876x1024.jpg 876w, https:\/\/zakrasnejsivimperk.cz\/wp-content\/uploads\/2022\/05\/18\/vpk-na-stavbe-miru-180522-3-305x357.jpg 305w, https:\/\/zakrasnejsivimperk.cz\/wp-content\/uploads\/2022\/05\/18\/vpk-na-stavbe-miru-180522-3-413x483.jpg 413w\" sizes=\"(max-width: 941px) 100vw, 941px\" \/><\/p>\n<p>&nbsp;<\/p>\n<p>&nbsp;<\/p>\n<p><img loading=\"lazy\" decoding=\"async\" class=\"aligncenter wp-image-254492 size-full\" src=\"https:\/\/zakrasnejsivimperk.cz\/wp-content\/uploads\/2022\/05\/18\/vpk-na-stavbe-miru-180522-4.jpg\" alt=\"\" width=\"926\" height=\"1100\" srcset=\"https:\/\/zakrasnejsivimperk.cz\/wp-content\/uploads\/2022\/05\/18\/vpk-na-stavbe-miru-180522-4.jpg 926w, https:\/\/zakrasnejsivimperk.cz\/wp-content\/uploads\/2022\/05\/18\/vpk-na-stavbe-miru-180522-4-253x300.jpg 253w, https:\/\/zakrasnejsivimperk.cz\/wp-content\/uploads\/2022\/05\/18\/vpk-na-stavbe-miru-180522-4-768x912.jpg 768w, https:\/\/zakrasnejsivimperk.cz\/wp-content\/uploads\/2022\/05\/18\/vpk-na-stavbe-miru-180522-4-862x1024.jpg 862w, https:\/\/zakrasnejsivimperk.cz\/wp-content\/uploads\/2022\/05\/18\/vpk-na-stavbe-miru-180522-4-301x357.jpg 301w, https:\/\/zakrasnejsivimperk.cz\/wp-content\/uploads\/2022\/05\/18\/vpk-na-stavbe-miru-180522-4-407x483.jpg 407w\" sizes=\"(max-width: 926px) 100vw, 926px\" \/><\/p>\n<p>&nbsp;<\/p>\n<p>&nbsp;<\/p>\n<p><img loading=\"lazy\" decoding=\"async\" class=\"aligncenter wp-image-254493 size-full\" src=\"https:\/\/zakrasnejsivimperk.cz\/wp-content\/uploads\/2022\/05\/18\/vpk-na-stavbe-miru-180522-5.jpg\" alt=\"\" width=\"1100\" height=\"825\" srcset=\"https:\/\/zakrasnejsivimperk.cz\/wp-content\/uploads\/2022\/05\/18\/vpk-na-stavbe-miru-180522-5.jpg 1100w, https:\/\/zakrasnejsivimperk.cz\/wp-content\/uploads\/2022\/05\/18\/vpk-na-stavbe-miru-180522-5-300x225.jpg 300w, https:\/\/zakrasnejsivimperk.cz\/wp-content\/uploads\/2022\/05\/18\/vpk-na-stavbe-miru-180522-5-768x576.jpg 768w, https:\/\/zakrasnejsivimperk.cz\/wp-content\/uploads\/2022\/05\/18\/vpk-na-stavbe-miru-180522-5-1024x768.jpg 1024w, https:\/\/zakrasnejsivimperk.cz\/wp-content\/uploads\/2022\/05\/18\/vpk-na-stavbe-miru-180522-5-476x357.jpg 476w, https:\/\/zakrasnejsivimperk.cz\/wp-content\/uploads\/2022\/05\/18\/vpk-na-stavbe-miru-180522-5-644x483.jpg 644w\" sizes=\"(max-width: 1100px) 100vw, 1100px\" \/><\/p>\n<p>&nbsp;<\/p>\n<p>&nbsp;<\/p>\n<p><img loading=\"lazy\" decoding=\"async\" class=\"aligncenter wp-image-254497 size-full\" src=\"https:\/\/zakrasnejsivimperk.cz\/wp-content\/uploads\/2022\/05\/18\/vpk-na-stavbe-miru-180522-9.jpg\" alt=\"\" width=\"1100\" height=\"825\" srcset=\"https:\/\/zakrasnejsivimperk.cz\/wp-content\/uploads\/2022\/05\/18\/vpk-na-stavbe-miru-180522-9.jpg 1100w, https:\/\/zakrasnejsivimperk.cz\/wp-content\/uploads\/2022\/05\/18\/vpk-na-stavbe-miru-180522-9-300x225.jpg 300w, https:\/\/zakrasnejsivimperk.cz\/wp-content\/uploads\/2022\/05\/18\/vpk-na-stavbe-miru-180522-9-768x576.jpg 768w, https:\/\/zakrasnejsivimperk.cz\/wp-content\/uploads\/2022\/05\/18\/vpk-na-stavbe-miru-180522-9-1024x768.jpg 1024w, https:\/\/zakrasnejsivimperk.cz\/wp-content\/uploads\/2022\/05\/18\/vpk-na-stavbe-miru-180522-9-476x357.jpg 476w, https:\/\/zakrasnejsivimperk.cz\/wp-content\/uploads\/2022\/05\/18\/vpk-na-stavbe-miru-180522-9-644x483.jpg 644w\" sizes=\"(max-width: 1100px) 100vw, 1100px\" \/><\/p>\n<p>&nbsp;<\/p>\n<p>&nbsp;<\/p>\n<p><img loading=\"lazy\" decoding=\"async\" class=\"aligncenter wp-image-254498 size-full\" src=\"https:\/\/zakrasnejsivimperk.cz\/wp-content\/uploads\/2022\/05\/18\/vpk-na-stavbe-miru-180522-10.jpg\" alt=\"\" width=\"1100\" height=\"645\" srcset=\"https:\/\/zakrasnejsivimperk.cz\/wp-content\/uploads\/2022\/05\/18\/vpk-na-stavbe-miru-180522-10.jpg 1100w, https:\/\/zakrasnejsivimperk.cz\/wp-content\/uploads\/2022\/05\/18\/vpk-na-stavbe-miru-180522-10-300x176.jpg 300w, https:\/\/zakrasnejsivimperk.cz\/wp-content\/uploads\/2022\/05\/18\/vpk-na-stavbe-miru-180522-10-768x450.jpg 768w, https:\/\/zakrasnejsivimperk.cz\/wp-content\/uploads\/2022\/05\/18\/vpk-na-stavbe-miru-180522-10-1024x600.jpg 1024w, https:\/\/zakrasnejsivimperk.cz\/wp-content\/uploads\/2022\/05\/18\/vpk-na-stavbe-miru-180522-10-609x357.jpg 609w, https:\/\/zakrasnejsivimperk.cz\/wp-content\/uploads\/2022\/05\/18\/vpk-na-stavbe-miru-180522-10-824x483.jpg 824w\" sizes=\"(max-width: 1100px) 100vw, 1100px\" \/><\/p>\n<p>&nbsp;<\/p>\n<p>&nbsp;<\/p>\n<p><img loading=\"lazy\" decoding=\"async\" class=\"aligncenter wp-image-254499 size-full\" src=\"https:\/\/zakrasnejsivimperk.cz\/wp-content\/uploads\/2022\/05\/18\/vpk-na-stavbe-miru-180522-11.jpg\" alt=\"\" width=\"1009\" height=\"1100\" srcset=\"https:\/\/zakrasnejsivimperk.cz\/wp-content\/uploads\/2022\/05\/18\/vpk-na-stavbe-miru-180522-11.jpg 1009w, https:\/\/zakrasnejsivimperk.cz\/wp-content\/uploads\/2022\/05\/18\/vpk-na-stavbe-miru-180522-11-275x300.jpg 275w, https:\/\/zakrasnejsivimperk.cz\/wp-content\/uploads\/2022\/05\/18\/vpk-na-stavbe-miru-180522-11-768x837.jpg 768w, https:\/\/zakrasnejsivimperk.cz\/wp-content\/uploads\/2022\/05\/18\/vpk-na-stavbe-miru-180522-11-939x1024.jpg 939w, https:\/\/zakrasnejsivimperk.cz\/wp-content\/uploads\/2022\/05\/18\/vpk-na-stavbe-miru-180522-11-327x357.jpg 327w, https:\/\/zakrasnejsivimperk.cz\/wp-content\/uploads\/2022\/05\/18\/vpk-na-stavbe-miru-180522-11-443x483.jpg 443w\" sizes=\"(max-width: 1009px) 100vw, 1009px\" \/><\/p>\n<p>&nbsp;<\/p>\n<p>&nbsp;<\/p>\n<p><img loading=\"lazy\" decoding=\"async\" class=\"aligncenter wp-image-254500 size-full\" src=\"https:\/\/zakrasnejsivimperk.cz\/wp-content\/uploads\/2022\/05\/18\/vpk-na-stavbe-miru-180522-12.jpg\" alt=\"\" width=\"1100\" height=\"813\" srcset=\"https:\/\/zakrasnejsivimperk.cz\/wp-content\/uploads\/2022\/05\/18\/vpk-na-stavbe-miru-180522-12.jpg 1100w, https:\/\/zakrasnejsivimperk.cz\/wp-content\/uploads\/2022\/05\/18\/vpk-na-stavbe-miru-180522-12-300x222.jpg 300w, https:\/\/zakrasnejsivimperk.cz\/wp-content\/uploads\/2022\/05\/18\/vpk-na-stavbe-miru-180522-12-768x568.jpg 768w, https:\/\/zakrasnejsivimperk.cz\/wp-content\/uploads\/2022\/05\/18\/vpk-na-stavbe-miru-180522-12-1024x757.jpg 1024w, https:\/\/zakrasnejsivimperk.cz\/wp-content\/uploads\/2022\/05\/18\/vpk-na-stavbe-miru-180522-12-483x357.jpg 483w, https:\/\/zakrasnejsivimperk.cz\/wp-content\/uploads\/2022\/05\/18\/vpk-na-stavbe-miru-180522-12-654x483.jpg 654w\" sizes=\"(max-width: 1100px) 100vw, 1100px\" \/><\/p>\n<p>&nbsp;<\/p>\n<p>&nbsp;<\/p>\n<p><img loading=\"lazy\" decoding=\"async\" class=\"aligncenter wp-image-254501 size-full\" src=\"https:\/\/zakrasnejsivimperk.cz\/wp-content\/uploads\/2022\/05\/18\/vpk-na-stavbe-miru-180522-13.jpg\" alt=\"\" width=\"965\" height=\"1100\" srcset=\"https:\/\/zakrasnejsivimperk.cz\/wp-content\/uploads\/2022\/05\/18\/vpk-na-stavbe-miru-180522-13.jpg 965w, https:\/\/zakrasnejsivimperk.cz\/wp-content\/uploads\/2022\/05\/18\/vpk-na-stavbe-miru-180522-13-263x300.jpg 263w, https:\/\/zakrasnejsivimperk.cz\/wp-content\/uploads\/2022\/05\/18\/vpk-na-stavbe-miru-180522-13-768x875.jpg 768w, https:\/\/zakrasnejsivimperk.cz\/wp-content\/uploads\/2022\/05\/18\/vpk-na-stavbe-miru-180522-13-898x1024.jpg 898w, https:\/\/zakrasnejsivimperk.cz\/wp-content\/uploads\/2022\/05\/18\/vpk-na-stavbe-miru-180522-13-313x357.jpg 313w, https:\/\/zakrasnejsivimperk.cz\/wp-content\/uploads\/2022\/05\/18\/vpk-na-stavbe-miru-180522-13-424x483.jpg 424w\" sizes=\"(max-width: 965px) 100vw, 965px\" \/><\/p>\n<p>&nbsp;<\/p>\n<p>&nbsp;<\/p>\n<p><img loading=\"lazy\" decoding=\"async\" class=\"aligncenter wp-image-254502 size-full\" src=\"https:\/\/zakrasnejsivimperk.cz\/wp-content\/uploads\/2022\/05\/18\/vpk-na-stavbe-miru-180522-14.jpg\" alt=\"\" width=\"965\" height=\"1100\" srcset=\"https:\/\/zakrasnejsivimperk.cz\/wp-content\/uploads\/2022\/05\/18\/vpk-na-stavbe-miru-180522-14.jpg 965w, https:\/\/zakrasnejsivimperk.cz\/wp-content\/uploads\/2022\/05\/18\/vpk-na-stavbe-miru-180522-14-263x300.jpg 263w, https:\/\/zakrasnejsivimperk.cz\/wp-content\/uploads\/2022\/05\/18\/vpk-na-stavbe-miru-180522-14-768x875.jpg 768w, https:\/\/zakrasnejsivimperk.cz\/wp-content\/uploads\/2022\/05\/18\/vpk-na-stavbe-miru-180522-14-898x1024.jpg 898w, https:\/\/zakrasnejsivimperk.cz\/wp-content\/uploads\/2022\/05\/18\/vpk-na-stavbe-miru-180522-14-313x357.jpg 313w, https:\/\/zakrasnejsivimperk.cz\/wp-content\/uploads\/2022\/05\/18\/vpk-na-stavbe-miru-180522-14-424x483.jpg 424w\" sizes=\"(max-width: 965px) 100vw, 965px\" \/><\/p>\n<p>&nbsp;<\/p>\n<p>&nbsp;<\/p>\n<p><img loading=\"lazy\" decoding=\"async\" class=\"aligncenter wp-image-254503 size-full\" src=\"https:\/\/zakrasnejsivimperk.cz\/wp-content\/uploads\/2022\/05\/18\/vpk-na-stavbe-miru-180522-15.jpg\" alt=\"\" width=\"981\" height=\"1100\" srcset=\"https:\/\/zakrasnejsivimperk.cz\/wp-content\/uploads\/2022\/05\/18\/vpk-na-stavbe-miru-180522-15.jpg 981w, https:\/\/zakrasnejsivimperk.cz\/wp-content\/uploads\/2022\/05\/18\/vpk-na-stavbe-miru-180522-15-268x300.jpg 268w, https:\/\/zakrasnejsivimperk.cz\/wp-content\/uploads\/2022\/05\/18\/vpk-na-stavbe-miru-180522-15-768x861.jpg 768w, https:\/\/zakrasnejsivimperk.cz\/wp-content\/uploads\/2022\/05\/18\/vpk-na-stavbe-miru-180522-15-913x1024.jpg 913w, https:\/\/zakrasnejsivimperk.cz\/wp-content\/uploads\/2022\/05\/18\/vpk-na-stavbe-miru-180522-15-318x357.jpg 318w, https:\/\/zakrasnejsivimperk.cz\/wp-content\/uploads\/2022\/05\/18\/vpk-na-stavbe-miru-180522-15-431x483.jpg 431w\" sizes=\"(max-width: 981px) 100vw, 981px\" \/><\/p>\n<p>&nbsp;<\/p>\n<p>&nbsp;<\/p>\n<p><img loading=\"lazy\" decoding=\"async\" class=\"aligncenter wp-image-254504 size-full\" src=\"https:\/\/zakrasnejsivimperk.cz\/wp-content\/uploads\/2022\/05\/18\/vpk-na-stavbe-miru-180522-16.jpg\" alt=\"\" width=\"1100\" height=\"1080\" srcset=\"https:\/\/zakrasnejsivimperk.cz\/wp-content\/uploads\/2022\/05\/18\/vpk-na-stavbe-miru-180522-16.jpg 1100w, https:\/\/zakrasnejsivimperk.cz\/wp-content\/uploads\/2022\/05\/18\/vpk-na-stavbe-miru-180522-16-300x295.jpg 300w, https:\/\/zakrasnejsivimperk.cz\/wp-content\/uploads\/2022\/05\/18\/vpk-na-stavbe-miru-180522-16-768x754.jpg 768w, https:\/\/zakrasnejsivimperk.cz\/wp-content\/uploads\/2022\/05\/18\/vpk-na-stavbe-miru-180522-16-1024x1005.jpg 1024w, https:\/\/zakrasnejsivimperk.cz\/wp-content\/uploads\/2022\/05\/18\/vpk-na-stavbe-miru-180522-16-364x357.jpg 364w, https:\/\/zakrasnejsivimperk.cz\/wp-content\/uploads\/2022\/05\/18\/vpk-na-stavbe-miru-180522-16-492x483.jpg 492w\" sizes=\"(max-width: 1100px) 100vw, 1100px\" \/><\/p>\n<p>&nbsp;<\/p>\n<p>&nbsp;<\/p>\n<p><img loading=\"lazy\" decoding=\"async\" class=\"aligncenter wp-image-254505 size-full\" src=\"https:\/\/zakrasnejsivimperk.cz\/wp-content\/uploads\/2022\/05\/18\/vpk-na-stavbe-miru-180522-17.jpg\" alt=\"\" width=\"996\" height=\"1100\" srcset=\"https:\/\/zakrasnejsivimperk.cz\/wp-content\/uploads\/2022\/05\/18\/vpk-na-stavbe-miru-180522-17.jpg 996w, https:\/\/zakrasnejsivimperk.cz\/wp-content\/uploads\/2022\/05\/18\/vpk-na-stavbe-miru-180522-17-272x300.jpg 272w, https:\/\/zakrasnejsivimperk.cz\/wp-content\/uploads\/2022\/05\/18\/vpk-na-stavbe-miru-180522-17-768x848.jpg 768w, https:\/\/zakrasnejsivimperk.cz\/wp-content\/uploads\/2022\/05\/18\/vpk-na-stavbe-miru-180522-17-927x1024.jpg 927w, https:\/\/zakrasnejsivimperk.cz\/wp-content\/uploads\/2022\/05\/18\/vpk-na-stavbe-miru-180522-17-323x357.jpg 323w, https:\/\/zakrasnejsivimperk.cz\/wp-content\/uploads\/2022\/05\/18\/vpk-na-stavbe-miru-180522-17-437x483.jpg 437w\" sizes=\"(max-width: 996px) 100vw, 996px\" \/><\/p>\n<p>&nbsp;<\/p>\n<p>&nbsp;<\/p>\n<p><img loading=\"lazy\" decoding=\"async\" class=\"aligncenter wp-image-254506 size-full\" src=\"https:\/\/zakrasnejsivimperk.cz\/wp-content\/uploads\/2022\/05\/18\/vpk-na-stavbe-miru-180522-18.jpg\" alt=\"\" width=\"970\" height=\"1100\" srcset=\"https:\/\/zakrasnejsivimperk.cz\/wp-content\/uploads\/2022\/05\/18\/vpk-na-stavbe-miru-180522-18.jpg 970w, https:\/\/zakrasnejsivimperk.cz\/wp-content\/uploads\/2022\/05\/18\/vpk-na-stavbe-miru-180522-18-265x300.jpg 265w, https:\/\/zakrasnejsivimperk.cz\/wp-content\/uploads\/2022\/05\/18\/vpk-na-stavbe-miru-180522-18-768x871.jpg 768w, https:\/\/zakrasnejsivimperk.cz\/wp-content\/uploads\/2022\/05\/18\/vpk-na-stavbe-miru-180522-18-903x1024.jpg 903w, https:\/\/zakrasnejsivimperk.cz\/wp-content\/uploads\/2022\/05\/18\/vpk-na-stavbe-miru-180522-18-315x357.jpg 315w, https:\/\/zakrasnejsivimperk.cz\/wp-content\/uploads\/2022\/05\/18\/vpk-na-stavbe-miru-180522-18-426x483.jpg 426w\" sizes=\"(max-width: 970px) 100vw, 970px\" \/><\/p>\n<p>&nbsp;<\/p>\n<p>&nbsp;<\/p>\n<p><img loading=\"lazy\" decoding=\"async\" class=\"alignnone wp-image-254507 size-full\" src=\"https:\/\/zakrasnejsivimperk.cz\/wp-content\/uploads\/2022\/05\/18\/vpk-na-stavbe-miru-180522-19.jpg\" alt=\"\" width=\"1048\" height=\"1100\" srcset=\"https:\/\/zakrasnejsivimperk.cz\/wp-content\/uploads\/2022\/05\/18\/vpk-na-stavbe-miru-180522-19.jpg 1048w, https:\/\/zakrasnejsivimperk.cz\/wp-content\/uploads\/2022\/05\/18\/vpk-na-stavbe-miru-180522-19-286x300.jpg 286w, https:\/\/zakrasnejsivimperk.cz\/wp-content\/uploads\/2022\/05\/18\/vpk-na-stavbe-miru-180522-19-768x806.jpg 768w, https:\/\/zakrasnejsivimperk.cz\/wp-content\/uploads\/2022\/05\/18\/vpk-na-stavbe-miru-180522-19-976x1024.jpg 976w, https:\/\/zakrasnejsivimperk.cz\/wp-content\/uploads\/2022\/05\/18\/vpk-na-stavbe-miru-180522-19-340x357.jpg 340w, https:\/\/zakrasnejsivimperk.cz\/wp-content\/uploads\/2022\/05\/18\/vpk-na-stavbe-miru-180522-19-460x483.jpg 460w\" sizes=\"(max-width: 1048px) 100vw, 1048px\" \/><\/p>\n<p>&nbsp;<\/p>\n<p>&nbsp;<\/p>\n<p><img loading=\"lazy\" decoding=\"async\" class=\"aligncenter wp-image-254508 size-full\" src=\"https:\/\/zakrasnejsivimperk.cz\/wp-content\/uploads\/2022\/05\/18\/vpk-na-stavbe-miru-180522-20.jpg\" alt=\"\" width=\"976\" height=\"1100\" srcset=\"https:\/\/zakrasnejsivimperk.cz\/wp-content\/uploads\/2022\/05\/18\/vpk-na-stavbe-miru-180522-20.jpg 976w, https:\/\/zakrasnejsivimperk.cz\/wp-content\/uploads\/2022\/05\/18\/vpk-na-stavbe-miru-180522-20-266x300.jpg 266w, https:\/\/zakrasnejsivimperk.cz\/wp-content\/uploads\/2022\/05\/18\/vpk-na-stavbe-miru-180522-20-768x866.jpg 768w, https:\/\/zakrasnejsivimperk.cz\/wp-content\/uploads\/2022\/05\/18\/vpk-na-stavbe-miru-180522-20-909x1024.jpg 909w, https:\/\/zakrasnejsivimperk.cz\/wp-content\/uploads\/2022\/05\/18\/vpk-na-stavbe-miru-180522-20-317x357.jpg 317w, https:\/\/zakrasnejsivimperk.cz\/wp-content\/uploads\/2022\/05\/18\/vpk-na-stavbe-miru-180522-20-429x483.jpg 429w\" sizes=\"(max-width: 976px) 100vw, 976px\" \/><\/p>\n<p>&nbsp;<\/p>\n<p>&nbsp;<\/p>\n<p><img loading=\"lazy\" decoding=\"async\" class=\"aligncenter wp-image-254509 size-full\" src=\"https:\/\/zakrasnejsivimperk.cz\/wp-content\/uploads\/2022\/05\/18\/vpk-na-stavbe-miru-180522-21.jpg\" alt=\"\" width=\"1100\" height=\"709\" srcset=\"https:\/\/zakrasnejsivimperk.cz\/wp-content\/uploads\/2022\/05\/18\/vpk-na-stavbe-miru-180522-21.jpg 1100w, https:\/\/zakrasnejsivimperk.cz\/wp-content\/uploads\/2022\/05\/18\/vpk-na-stavbe-miru-180522-21-300x193.jpg 300w, https:\/\/zakrasnejsivimperk.cz\/wp-content\/uploads\/2022\/05\/18\/vpk-na-stavbe-miru-180522-21-768x495.jpg 768w, https:\/\/zakrasnejsivimperk.cz\/wp-content\/uploads\/2022\/05\/18\/vpk-na-stavbe-miru-180522-21-1024x660.jpg 1024w, https:\/\/zakrasnejsivimperk.cz\/wp-content\/uploads\/2022\/05\/18\/vpk-na-stavbe-miru-180522-21-100x65.jpg 100w, https:\/\/zakrasnejsivimperk.cz\/wp-content\/uploads\/2022\/05\/18\/vpk-na-stavbe-miru-180522-21-554x357.jpg 554w, https:\/\/zakrasnejsivimperk.cz\/wp-content\/uploads\/2022\/05\/18\/vpk-na-stavbe-miru-180522-21-749x483.jpg 749w\" sizes=\"(max-width: 1100px) 100vw, 1100px\" \/><\/p>\n<p>&nbsp;<\/p>\n<p><strong>Foto: (red) &#8211; Za kr\u00e1sn\u011bj\u0161\u00ed Vimperk<\/strong><\/p>\n<hr \/>\n<p>&nbsp;<\/p>\n<p>&nbsp;<\/p>\n<p>&nbsp;<\/p>\n","protected":false},"excerpt":{"rendered":"<p>&nbsp; &nbsp; <\/p>\n","protected":false},"author":2,"featured_media":254511,"comment_status":"open","ping_status":"open","sticky":false,"template":"","format":"gallery","meta":{"footnotes":""},"categories":[118,108],"tags":[],"jetpack_featured_media_url":"https:\/\/zakrasnejsivimperk.cz\/wp-content\/uploads\/2022\/05\/18\/r\u00e1me\u010dek-na-stavb\u011b-180522.jpg","_links":{"self":[{"href":"https:\/\/zakrasnejsivimperk.cz\/index.php?rest_route=\/wp\/v2\/posts\/254488"}],"collection":[{"href":"https:\/\/zakrasnejsivimperk.cz\/index.php?rest_route=\/wp\/v2\/posts"}],"about":[{"href":"https:\/\/zakrasnejsivimperk.cz\/index.php?rest_route=\/wp\/v2\/types\/post"}],"author":[{"embeddable":true,"href":"https:\/\/zakrasnejsivimperk.cz\/index.php?rest_route=\/wp\/v2\/users\/2"}],"replies":[{"embeddable":true,"href":"https:\/\/zakrasnejsivimperk.cz\/index.php?rest_route=%2Fwp%2Fv2%2Fcomments&post=254488"}],"version-history":[{"count":4,"href":"https:\/\/zakrasnejsivimperk.cz\/index.php?rest_route=\/wp\/v2\/posts\/254488\/revisions"}],"predecessor-version":[{"id":254590,"href":"https:\/\/zakrasnejsivimperk.cz\/index.php?rest_route=\/wp\/v2\/posts\/254488\/revisions\/254590"}],"wp:featuredmedia":[{"embeddable":true,"href":"https:\/\/zakrasnejsivimperk.cz\/index.php?rest_route=\/wp\/v2\/media\/254511"}],"wp:attachment":[{"href":"https:\/\/zakrasnejsivimperk.cz\/index.php?rest_route=%2Fwp%2Fv2%2Fmedia&parent=254488"}],"wp:term":[{"taxonomy":"category","embeddable":true,"href":"https:\/\/zakrasnejsivimperk.cz\/index.php?rest_route=%2Fwp%2Fv2%2Fcategories&post=254488"},{"taxonomy":"post_tag","embeddable":true,"href":"https:\/\/zakrasnejsivimperk.cz\/index.php?rest_route=%2Fwp%2Fv2%2Ftags&post=254488"}],"curies":[{"name":"wp","href":"https:\/\/api.w.org\/{rel}","templated":true}]}}