{"id":254173,"date":"2022-05-14T18:17:43","date_gmt":"2022-05-14T17:17:43","guid":{"rendered":"https:\/\/zakrasnejsivimperk.cz\/?p=254173"},"modified":"2022-05-16T11:47:25","modified_gmt":"2022-05-16T10:47:25","slug":"nase-mesto-vimperk-prvni-a-druhe-zamecke-nadvori","status":"publish","type":"post","link":"https:\/\/zakrasnejsivimperk.cz\/?p=254173","title":{"rendered":"NA\u0160E M\u011aSTO VIMPERK: Prvn\u00ed a druh\u00e9 z\u00e1meck\u00e9 n\u00e1dvo\u0159\u00ed"},"content":{"rendered":"<p><img loading=\"lazy\" decoding=\"async\" class=\"aligncenter wp-image-249847 size-full\" src=\"https:\/\/zakrasnejsivimperk.cz\/wp-content\/uploads\/2022\/03\/19\/Logo-fb.jpg\" alt=\"\" width=\"800\" height=\"324\" srcset=\"https:\/\/zakrasnejsivimperk.cz\/wp-content\/uploads\/2022\/03\/19\/Logo-fb.jpg 800w, https:\/\/zakrasnejsivimperk.cz\/wp-content\/uploads\/2022\/03\/19\/Logo-fb-300x122.jpg 300w, https:\/\/zakrasnejsivimperk.cz\/wp-content\/uploads\/2022\/03\/19\/Logo-fb-768x311.jpg 768w\" sizes=\"(max-width: 800px) 100vw, 800px\" \/><\/p>\n<p>&nbsp;<\/p>\n<p>&nbsp;<\/p>\n<p>&nbsp;<\/p>\n<p><img loading=\"lazy\" decoding=\"async\" class=\"aligncenter wp-image-254176 size-full\" src=\"https:\/\/zakrasnejsivimperk.cz\/wp-content\/uploads\/2022\/05\/13\/vpk-z\u00e1mek-n\u00e1dvo\u0159\u00ed-1.jpg\" alt=\"\" width=\"1100\" height=\"825\" srcset=\"https:\/\/zakrasnejsivimperk.cz\/wp-content\/uploads\/2022\/05\/13\/vpk-z\u00e1mek-n\u00e1dvo\u0159\u00ed-1.jpg 1100w, https:\/\/zakrasnejsivimperk.cz\/wp-content\/uploads\/2022\/05\/13\/vpk-z\u00e1mek-n\u00e1dvo\u0159\u00ed-1-300x225.jpg 300w, https:\/\/zakrasnejsivimperk.cz\/wp-content\/uploads\/2022\/05\/13\/vpk-z\u00e1mek-n\u00e1dvo\u0159\u00ed-1-768x576.jpg 768w, https:\/\/zakrasnejsivimperk.cz\/wp-content\/uploads\/2022\/05\/13\/vpk-z\u00e1mek-n\u00e1dvo\u0159\u00ed-1-1024x768.jpg 1024w, https:\/\/zakrasnejsivimperk.cz\/wp-content\/uploads\/2022\/05\/13\/vpk-z\u00e1mek-n\u00e1dvo\u0159\u00ed-1-476x357.jpg 476w, https:\/\/zakrasnejsivimperk.cz\/wp-content\/uploads\/2022\/05\/13\/vpk-z\u00e1mek-n\u00e1dvo\u0159\u00ed-1-644x483.jpg 644w\" sizes=\"(max-width: 1100px) 100vw, 1100px\" \/><\/p>\n<p>&nbsp;<\/p>\n<p>&nbsp;<\/p>\n<p><img loading=\"lazy\" decoding=\"async\" class=\"aligncenter wp-image-254177 size-full\" src=\"https:\/\/zakrasnejsivimperk.cz\/wp-content\/uploads\/2022\/05\/13\/vpk-z\u00e1mek-n\u00e1dvo\u0159\u00ed-2.jpg\" alt=\"\" width=\"1100\" height=\"646\" srcset=\"https:\/\/zakrasnejsivimperk.cz\/wp-content\/uploads\/2022\/05\/13\/vpk-z\u00e1mek-n\u00e1dvo\u0159\u00ed-2.jpg 1100w, https:\/\/zakrasnejsivimperk.cz\/wp-content\/uploads\/2022\/05\/13\/vpk-z\u00e1mek-n\u00e1dvo\u0159\u00ed-2-300x176.jpg 300w, https:\/\/zakrasnejsivimperk.cz\/wp-content\/uploads\/2022\/05\/13\/vpk-z\u00e1mek-n\u00e1dvo\u0159\u00ed-2-768x451.jpg 768w, https:\/\/zakrasnejsivimperk.cz\/wp-content\/uploads\/2022\/05\/13\/vpk-z\u00e1mek-n\u00e1dvo\u0159\u00ed-2-1024x601.jpg 1024w, https:\/\/zakrasnejsivimperk.cz\/wp-content\/uploads\/2022\/05\/13\/vpk-z\u00e1mek-n\u00e1dvo\u0159\u00ed-2-608x357.jpg 608w, https:\/\/zakrasnejsivimperk.cz\/wp-content\/uploads\/2022\/05\/13\/vpk-z\u00e1mek-n\u00e1dvo\u0159\u00ed-2-822x483.jpg 822w\" sizes=\"(max-width: 1100px) 100vw, 1100px\" \/><\/p>\n<p>&nbsp;<\/p>\n<p>&nbsp;<\/p>\n<p><img loading=\"lazy\" decoding=\"async\" class=\"aligncenter wp-image-254178 size-full\" src=\"https:\/\/zakrasnejsivimperk.cz\/wp-content\/uploads\/2022\/05\/13\/vpk-z\u00e1mek-n\u00e1dvo\u0159\u00ed-3.jpg\" alt=\"\" width=\"922\" height=\"1100\" srcset=\"https:\/\/zakrasnejsivimperk.cz\/wp-content\/uploads\/2022\/05\/13\/vpk-z\u00e1mek-n\u00e1dvo\u0159\u00ed-3.jpg 922w, https:\/\/zakrasnejsivimperk.cz\/wp-content\/uploads\/2022\/05\/13\/vpk-z\u00e1mek-n\u00e1dvo\u0159\u00ed-3-251x300.jpg 251w, https:\/\/zakrasnejsivimperk.cz\/wp-content\/uploads\/2022\/05\/13\/vpk-z\u00e1mek-n\u00e1dvo\u0159\u00ed-3-768x916.jpg 768w, https:\/\/zakrasnejsivimperk.cz\/wp-content\/uploads\/2022\/05\/13\/vpk-z\u00e1mek-n\u00e1dvo\u0159\u00ed-3-858x1024.jpg 858w, https:\/\/zakrasnejsivimperk.cz\/wp-content\/uploads\/2022\/05\/13\/vpk-z\u00e1mek-n\u00e1dvo\u0159\u00ed-3-299x357.jpg 299w, https:\/\/zakrasnejsivimperk.cz\/wp-content\/uploads\/2022\/05\/13\/vpk-z\u00e1mek-n\u00e1dvo\u0159\u00ed-3-405x483.jpg 405w\" sizes=\"(max-width: 922px) 100vw, 922px\" \/><\/p>\n<p>&nbsp;<\/p>\n<p>&nbsp;<\/p>\n<p><img loading=\"lazy\" decoding=\"async\" class=\"aligncenter wp-image-254179 size-full\" src=\"https:\/\/zakrasnejsivimperk.cz\/wp-content\/uploads\/2022\/05\/13\/vpk-z\u00e1mek-n\u00e1dvo\u0159\u00ed-4.jpg\" alt=\"\" width=\"934\" height=\"1100\" srcset=\"https:\/\/zakrasnejsivimperk.cz\/wp-content\/uploads\/2022\/05\/13\/vpk-z\u00e1mek-n\u00e1dvo\u0159\u00ed-4.jpg 934w, https:\/\/zakrasnejsivimperk.cz\/wp-content\/uploads\/2022\/05\/13\/vpk-z\u00e1mek-n\u00e1dvo\u0159\u00ed-4-255x300.jpg 255w, https:\/\/zakrasnejsivimperk.cz\/wp-content\/uploads\/2022\/05\/13\/vpk-z\u00e1mek-n\u00e1dvo\u0159\u00ed-4-768x904.jpg 768w, https:\/\/zakrasnejsivimperk.cz\/wp-content\/uploads\/2022\/05\/13\/vpk-z\u00e1mek-n\u00e1dvo\u0159\u00ed-4-869x1024.jpg 869w, https:\/\/zakrasnejsivimperk.cz\/wp-content\/uploads\/2022\/05\/13\/vpk-z\u00e1mek-n\u00e1dvo\u0159\u00ed-4-303x357.jpg 303w, https:\/\/zakrasnejsivimperk.cz\/wp-content\/uploads\/2022\/05\/13\/vpk-z\u00e1mek-n\u00e1dvo\u0159\u00ed-4-410x483.jpg 410w\" sizes=\"(max-width: 934px) 100vw, 934px\" \/><\/p>\n<p>&nbsp;<\/p>\n<p>&nbsp;<\/p>\n<p><img loading=\"lazy\" decoding=\"async\" class=\"aligncenter wp-image-254180 size-full\" src=\"https:\/\/zakrasnejsivimperk.cz\/wp-content\/uploads\/2022\/05\/13\/vpk-z\u00e1mek-n\u00e1dvo\u0159\u00ed-5.jpg\" alt=\"\" width=\"1100\" height=\"825\" srcset=\"https:\/\/zakrasnejsivimperk.cz\/wp-content\/uploads\/2022\/05\/13\/vpk-z\u00e1mek-n\u00e1dvo\u0159\u00ed-5.jpg 1100w, https:\/\/zakrasnejsivimperk.cz\/wp-content\/uploads\/2022\/05\/13\/vpk-z\u00e1mek-n\u00e1dvo\u0159\u00ed-5-300x225.jpg 300w, https:\/\/zakrasnejsivimperk.cz\/wp-content\/uploads\/2022\/05\/13\/vpk-z\u00e1mek-n\u00e1dvo\u0159\u00ed-5-768x576.jpg 768w, https:\/\/zakrasnejsivimperk.cz\/wp-content\/uploads\/2022\/05\/13\/vpk-z\u00e1mek-n\u00e1dvo\u0159\u00ed-5-1024x768.jpg 1024w, https:\/\/zakrasnejsivimperk.cz\/wp-content\/uploads\/2022\/05\/13\/vpk-z\u00e1mek-n\u00e1dvo\u0159\u00ed-5-476x357.jpg 476w, https:\/\/zakrasnejsivimperk.cz\/wp-content\/uploads\/2022\/05\/13\/vpk-z\u00e1mek-n\u00e1dvo\u0159\u00ed-5-644x483.jpg 644w\" sizes=\"(max-width: 1100px) 100vw, 1100px\" \/><\/p>\n<p>&nbsp;<\/p>\n<p>&nbsp;<\/p>\n<p><img loading=\"lazy\" decoding=\"async\" class=\"aligncenter wp-image-254181 size-full\" src=\"https:\/\/zakrasnejsivimperk.cz\/wp-content\/uploads\/2022\/05\/13\/vpk-z\u00e1mek-n\u00e1dvo\u0159\u00ed-6.jpg\" alt=\"\" width=\"860\" height=\"1100\" srcset=\"https:\/\/zakrasnejsivimperk.cz\/wp-content\/uploads\/2022\/05\/13\/vpk-z\u00e1mek-n\u00e1dvo\u0159\u00ed-6.jpg 860w, https:\/\/zakrasnejsivimperk.cz\/wp-content\/uploads\/2022\/05\/13\/vpk-z\u00e1mek-n\u00e1dvo\u0159\u00ed-6-235x300.jpg 235w, https:\/\/zakrasnejsivimperk.cz\/wp-content\/uploads\/2022\/05\/13\/vpk-z\u00e1mek-n\u00e1dvo\u0159\u00ed-6-768x982.jpg 768w, https:\/\/zakrasnejsivimperk.cz\/wp-content\/uploads\/2022\/05\/13\/vpk-z\u00e1mek-n\u00e1dvo\u0159\u00ed-6-801x1024.jpg 801w, https:\/\/zakrasnejsivimperk.cz\/wp-content\/uploads\/2022\/05\/13\/vpk-z\u00e1mek-n\u00e1dvo\u0159\u00ed-6-279x357.jpg 279w, https:\/\/zakrasnejsivimperk.cz\/wp-content\/uploads\/2022\/05\/13\/vpk-z\u00e1mek-n\u00e1dvo\u0159\u00ed-6-378x483.jpg 378w\" sizes=\"(max-width: 860px) 100vw, 860px\" \/><\/p>\n<p>&nbsp;<\/p>\n<p>&nbsp;<\/p>\n<p><img loading=\"lazy\" decoding=\"async\" class=\"aligncenter wp-image-254182 size-full\" src=\"https:\/\/zakrasnejsivimperk.cz\/wp-content\/uploads\/2022\/05\/13\/vpk-z\u00e1mek-n\u00e1dvo\u0159\u00ed-7.jpg\" alt=\"\" width=\"1100\" height=\"825\" srcset=\"https:\/\/zakrasnejsivimperk.cz\/wp-content\/uploads\/2022\/05\/13\/vpk-z\u00e1mek-n\u00e1dvo\u0159\u00ed-7.jpg 1100w, https:\/\/zakrasnejsivimperk.cz\/wp-content\/uploads\/2022\/05\/13\/vpk-z\u00e1mek-n\u00e1dvo\u0159\u00ed-7-300x225.jpg 300w, https:\/\/zakrasnejsivimperk.cz\/wp-content\/uploads\/2022\/05\/13\/vpk-z\u00e1mek-n\u00e1dvo\u0159\u00ed-7-768x576.jpg 768w, https:\/\/zakrasnejsivimperk.cz\/wp-content\/uploads\/2022\/05\/13\/vpk-z\u00e1mek-n\u00e1dvo\u0159\u00ed-7-1024x768.jpg 1024w, https:\/\/zakrasnejsivimperk.cz\/wp-content\/uploads\/2022\/05\/13\/vpk-z\u00e1mek-n\u00e1dvo\u0159\u00ed-7-476x357.jpg 476w, https:\/\/zakrasnejsivimperk.cz\/wp-content\/uploads\/2022\/05\/13\/vpk-z\u00e1mek-n\u00e1dvo\u0159\u00ed-7-644x483.jpg 644w\" sizes=\"(max-width: 1100px) 100vw, 1100px\" \/><\/p>\n<p>&nbsp;<\/p>\n<p>&nbsp;<\/p>\n<p><img loading=\"lazy\" decoding=\"async\" class=\"aligncenter wp-image-254183 size-full\" src=\"https:\/\/zakrasnejsivimperk.cz\/wp-content\/uploads\/2022\/05\/13\/vpk-z\u00e1mek-n\u00e1dvo\u0159\u00ed-8.jpg\" alt=\"\" width=\"901\" height=\"1100\" srcset=\"https:\/\/zakrasnejsivimperk.cz\/wp-content\/uploads\/2022\/05\/13\/vpk-z\u00e1mek-n\u00e1dvo\u0159\u00ed-8.jpg 901w, https:\/\/zakrasnejsivimperk.cz\/wp-content\/uploads\/2022\/05\/13\/vpk-z\u00e1mek-n\u00e1dvo\u0159\u00ed-8-246x300.jpg 246w, https:\/\/zakrasnejsivimperk.cz\/wp-content\/uploads\/2022\/05\/13\/vpk-z\u00e1mek-n\u00e1dvo\u0159\u00ed-8-768x938.jpg 768w, https:\/\/zakrasnejsivimperk.cz\/wp-content\/uploads\/2022\/05\/13\/vpk-z\u00e1mek-n\u00e1dvo\u0159\u00ed-8-839x1024.jpg 839w, https:\/\/zakrasnejsivimperk.cz\/wp-content\/uploads\/2022\/05\/13\/vpk-z\u00e1mek-n\u00e1dvo\u0159\u00ed-8-292x357.jpg 292w, https:\/\/zakrasnejsivimperk.cz\/wp-content\/uploads\/2022\/05\/13\/vpk-z\u00e1mek-n\u00e1dvo\u0159\u00ed-8-396x483.jpg 396w\" sizes=\"(max-width: 901px) 100vw, 901px\" \/><\/p>\n<p>&nbsp;<\/p>\n<p><strong>Foto: (red) &#8211; Za kr\u00e1sn\u011bj\u0161\u00ed Vimperk<\/strong><\/p>\n<hr \/>\n<p>&nbsp;<\/p>\n<p>&nbsp;<\/p>\n","protected":false},"excerpt":{"rendered":"<p>&nbsp; &nbsp; <\/p>\n","protected":false},"author":2,"featured_media":254286,"comment_status":"open","ping_status":"open","sticky":false,"template":"","format":"gallery","meta":{"footnotes":""},"categories":[118,108],"tags":[],"jetpack_featured_media_url":"https:\/\/zakrasnejsivimperk.cz\/wp-content\/uploads\/2022\/05\/13\/r\u00e1me\u010dek-n\u00e1dvo\u0159\u00ed-1.jpg","_links":{"self":[{"href":"https:\/\/zakrasnejsivimperk.cz\/index.php?rest_route=\/wp\/v2\/posts\/254173"}],"collection":[{"href":"https:\/\/zakrasnejsivimperk.cz\/index.php?rest_route=\/wp\/v2\/posts"}],"about":[{"href":"https:\/\/zakrasnejsivimperk.cz\/index.php?rest_route=\/wp\/v2\/types\/post"}],"author":[{"embeddable":true,"href":"https:\/\/zakrasnejsivimperk.cz\/index.php?rest_route=\/wp\/v2\/users\/2"}],"replies":[{"embeddable":true,"href":"https:\/\/zakrasnejsivimperk.cz\/index.php?rest_route=%2Fwp%2Fv2%2Fcomments&post=254173"}],"version-history":[{"count":2,"href":"https:\/\/zakrasnejsivimperk.cz\/index.php?rest_route=\/wp\/v2\/posts\/254173\/revisions"}],"predecessor-version":[{"id":254193,"href":"https:\/\/zakrasnejsivimperk.cz\/index.php?rest_route=\/wp\/v2\/posts\/254173\/revisions\/254193"}],"wp:featuredmedia":[{"embeddable":true,"href":"https:\/\/zakrasnejsivimperk.cz\/index.php?rest_route=\/wp\/v2\/media\/254286"}],"wp:attachment":[{"href":"https:\/\/zakrasnejsivimperk.cz\/index.php?rest_route=%2Fwp%2Fv2%2Fmedia&parent=254173"}],"wp:term":[{"taxonomy":"category","embeddable":true,"href":"https:\/\/zakrasnejsivimperk.cz\/index.php?rest_route=%2Fwp%2Fv2%2Fcategories&post=254173"},{"taxonomy":"post_tag","embeddable":true,"href":"https:\/\/zakrasnejsivimperk.cz\/index.php?rest_route=%2Fwp%2Fv2%2Ftags&post=254173"}],"curies":[{"name":"wp","href":"https:\/\/api.w.org\/{rel}","templated":true}]}}