{"id":253984,"date":"2022-05-11T13:59:25","date_gmt":"2022-05-11T12:59:25","guid":{"rendered":"https:\/\/zakrasnejsivimperk.cz\/?p=253984"},"modified":"2022-05-12T21:50:47","modified_gmt":"2022-05-12T20:50:47","slug":"nase-mesto-vimperk-den-ve-foto-11-kvetna-2022-dopoledne","status":"publish","type":"post","link":"https:\/\/zakrasnejsivimperk.cz\/?p=253984","title":{"rendered":"NA\u0160E M\u011aSTO VIMPERK: Den ve foto &#8211; 11. kv\u011btna 2022 dopoledne"},"content":{"rendered":"<p><img loading=\"lazy\" decoding=\"async\" class=\"aligncenter wp-image-253985 size-full\" src=\"https:\/\/zakrasnejsivimperk.cz\/wp-content\/uploads\/2022\/05\/11\/vpk-110522-1.jpg\" alt=\"\" width=\"1100\" height=\"722\" srcset=\"https:\/\/zakrasnejsivimperk.cz\/wp-content\/uploads\/2022\/05\/11\/vpk-110522-1.jpg 1100w, https:\/\/zakrasnejsivimperk.cz\/wp-content\/uploads\/2022\/05\/11\/vpk-110522-1-300x197.jpg 300w, https:\/\/zakrasnejsivimperk.cz\/wp-content\/uploads\/2022\/05\/11\/vpk-110522-1-768x504.jpg 768w, https:\/\/zakrasnejsivimperk.cz\/wp-content\/uploads\/2022\/05\/11\/vpk-110522-1-1024x672.jpg 1024w, https:\/\/zakrasnejsivimperk.cz\/wp-content\/uploads\/2022\/05\/11\/vpk-110522-1-100x65.jpg 100w, https:\/\/zakrasnejsivimperk.cz\/wp-content\/uploads\/2022\/05\/11\/vpk-110522-1-544x357.jpg 544w, https:\/\/zakrasnejsivimperk.cz\/wp-content\/uploads\/2022\/05\/11\/vpk-110522-1-736x483.jpg 736w\" sizes=\"(max-width: 1100px) 100vw, 1100px\" \/><\/p>\n<p>&nbsp;<\/p>\n<p>&nbsp;<\/p>\n<p><img loading=\"lazy\" decoding=\"async\" class=\"aligncenter wp-image-253986 size-full\" src=\"https:\/\/zakrasnejsivimperk.cz\/wp-content\/uploads\/2022\/05\/11\/vpk-110522-2.jpg\" alt=\"\" width=\"825\" height=\"1100\" srcset=\"https:\/\/zakrasnejsivimperk.cz\/wp-content\/uploads\/2022\/05\/11\/vpk-110522-2.jpg 825w, https:\/\/zakrasnejsivimperk.cz\/wp-content\/uploads\/2022\/05\/11\/vpk-110522-2-225x300.jpg 225w, https:\/\/zakrasnejsivimperk.cz\/wp-content\/uploads\/2022\/05\/11\/vpk-110522-2-768x1024.jpg 768w, https:\/\/zakrasnejsivimperk.cz\/wp-content\/uploads\/2022\/05\/11\/vpk-110522-2-268x357.jpg 268w, https:\/\/zakrasnejsivimperk.cz\/wp-content\/uploads\/2022\/05\/11\/vpk-110522-2-362x483.jpg 362w\" sizes=\"(max-width: 825px) 100vw, 825px\" \/><\/p>\n<p>&nbsp;<\/p>\n<p>&nbsp;<\/p>\n<p><img loading=\"lazy\" decoding=\"async\" class=\"aligncenter wp-image-253987 size-full\" src=\"https:\/\/zakrasnejsivimperk.cz\/wp-content\/uploads\/2022\/05\/11\/vpk-110522-3.jpg\" alt=\"\" width=\"949\" height=\"1100\" srcset=\"https:\/\/zakrasnejsivimperk.cz\/wp-content\/uploads\/2022\/05\/11\/vpk-110522-3.jpg 949w, https:\/\/zakrasnejsivimperk.cz\/wp-content\/uploads\/2022\/05\/11\/vpk-110522-3-259x300.jpg 259w, https:\/\/zakrasnejsivimperk.cz\/wp-content\/uploads\/2022\/05\/11\/vpk-110522-3-768x890.jpg 768w, https:\/\/zakrasnejsivimperk.cz\/wp-content\/uploads\/2022\/05\/11\/vpk-110522-3-883x1024.jpg 883w, https:\/\/zakrasnejsivimperk.cz\/wp-content\/uploads\/2022\/05\/11\/vpk-110522-3-308x357.jpg 308w, https:\/\/zakrasnejsivimperk.cz\/wp-content\/uploads\/2022\/05\/11\/vpk-110522-3-417x483.jpg 417w\" sizes=\"(max-width: 949px) 100vw, 949px\" \/><\/p>\n<p>&nbsp;<\/p>\n<p>&nbsp;<\/p>\n<p><img loading=\"lazy\" decoding=\"async\" class=\"aligncenter wp-image-253988 size-full\" src=\"https:\/\/zakrasnejsivimperk.cz\/wp-content\/uploads\/2022\/05\/11\/vpk-110522-4.jpg\" alt=\"\" width=\"966\" height=\"1100\" srcset=\"https:\/\/zakrasnejsivimperk.cz\/wp-content\/uploads\/2022\/05\/11\/vpk-110522-4.jpg 966w, https:\/\/zakrasnejsivimperk.cz\/wp-content\/uploads\/2022\/05\/11\/vpk-110522-4-263x300.jpg 263w, https:\/\/zakrasnejsivimperk.cz\/wp-content\/uploads\/2022\/05\/11\/vpk-110522-4-768x875.jpg 768w, https:\/\/zakrasnejsivimperk.cz\/wp-content\/uploads\/2022\/05\/11\/vpk-110522-4-899x1024.jpg 899w, https:\/\/zakrasnejsivimperk.cz\/wp-content\/uploads\/2022\/05\/11\/vpk-110522-4-314x357.jpg 314w, https:\/\/zakrasnejsivimperk.cz\/wp-content\/uploads\/2022\/05\/11\/vpk-110522-4-424x483.jpg 424w\" sizes=\"(max-width: 966px) 100vw, 966px\" \/><\/p>\n<p>&nbsp;<\/p>\n<p>&nbsp;<\/p>\n<p><img loading=\"lazy\" decoding=\"async\" class=\"aligncenter wp-image-253989 size-full\" src=\"https:\/\/zakrasnejsivimperk.cz\/wp-content\/uploads\/2022\/05\/11\/vpk-110522-5.jpg\" alt=\"\" width=\"967\" height=\"1100\" srcset=\"https:\/\/zakrasnejsivimperk.cz\/wp-content\/uploads\/2022\/05\/11\/vpk-110522-5.jpg 967w, https:\/\/zakrasnejsivimperk.cz\/wp-content\/uploads\/2022\/05\/11\/vpk-110522-5-264x300.jpg 264w, https:\/\/zakrasnejsivimperk.cz\/wp-content\/uploads\/2022\/05\/11\/vpk-110522-5-768x874.jpg 768w, https:\/\/zakrasnejsivimperk.cz\/wp-content\/uploads\/2022\/05\/11\/vpk-110522-5-900x1024.jpg 900w, https:\/\/zakrasnejsivimperk.cz\/wp-content\/uploads\/2022\/05\/11\/vpk-110522-5-314x357.jpg 314w, https:\/\/zakrasnejsivimperk.cz\/wp-content\/uploads\/2022\/05\/11\/vpk-110522-5-425x483.jpg 425w\" sizes=\"(max-width: 967px) 100vw, 967px\" \/><\/p>\n<p>&nbsp;<\/p>\n<p>&nbsp;<\/p>\n<p><img loading=\"lazy\" decoding=\"async\" class=\"aligncenter wp-image-253990 size-full\" src=\"https:\/\/zakrasnejsivimperk.cz\/wp-content\/uploads\/2022\/05\/11\/vpk-110522-6.jpg\" alt=\"\" width=\"1100\" height=\"735\" srcset=\"https:\/\/zakrasnejsivimperk.cz\/wp-content\/uploads\/2022\/05\/11\/vpk-110522-6.jpg 1100w, https:\/\/zakrasnejsivimperk.cz\/wp-content\/uploads\/2022\/05\/11\/vpk-110522-6-300x200.jpg 300w, https:\/\/zakrasnejsivimperk.cz\/wp-content\/uploads\/2022\/05\/11\/vpk-110522-6-768x513.jpg 768w, https:\/\/zakrasnejsivimperk.cz\/wp-content\/uploads\/2022\/05\/11\/vpk-110522-6-1024x684.jpg 1024w, https:\/\/zakrasnejsivimperk.cz\/wp-content\/uploads\/2022\/05\/11\/vpk-110522-6-534x357.jpg 534w, https:\/\/zakrasnejsivimperk.cz\/wp-content\/uploads\/2022\/05\/11\/vpk-110522-6-723x483.jpg 723w\" sizes=\"(max-width: 1100px) 100vw, 1100px\" \/><\/p>\n<p>&nbsp;<\/p>\n<p>&nbsp;<\/p>\n<p><img loading=\"lazy\" decoding=\"async\" class=\"aligncenter wp-image-253991 size-full\" src=\"https:\/\/zakrasnejsivimperk.cz\/wp-content\/uploads\/2022\/05\/11\/vpk-110522-7.jpg\" alt=\"\" width=\"950\" height=\"1100\" srcset=\"https:\/\/zakrasnejsivimperk.cz\/wp-content\/uploads\/2022\/05\/11\/vpk-110522-7.jpg 950w, https:\/\/zakrasnejsivimperk.cz\/wp-content\/uploads\/2022\/05\/11\/vpk-110522-7-259x300.jpg 259w, https:\/\/zakrasnejsivimperk.cz\/wp-content\/uploads\/2022\/05\/11\/vpk-110522-7-768x889.jpg 768w, https:\/\/zakrasnejsivimperk.cz\/wp-content\/uploads\/2022\/05\/11\/vpk-110522-7-884x1024.jpg 884w, https:\/\/zakrasnejsivimperk.cz\/wp-content\/uploads\/2022\/05\/11\/vpk-110522-7-308x357.jpg 308w, https:\/\/zakrasnejsivimperk.cz\/wp-content\/uploads\/2022\/05\/11\/vpk-110522-7-417x483.jpg 417w\" sizes=\"(max-width: 950px) 100vw, 950px\" \/><\/p>\n<p>&nbsp;<\/p>\n<p>&nbsp;<\/p>\n<p><img loading=\"lazy\" decoding=\"async\" class=\"aligncenter wp-image-253992 size-full\" src=\"https:\/\/zakrasnejsivimperk.cz\/wp-content\/uploads\/2022\/05\/11\/vpk-110522-8.jpg\" alt=\"\" width=\"1100\" height=\"689\" srcset=\"https:\/\/zakrasnejsivimperk.cz\/wp-content\/uploads\/2022\/05\/11\/vpk-110522-8.jpg 1100w, https:\/\/zakrasnejsivimperk.cz\/wp-content\/uploads\/2022\/05\/11\/vpk-110522-8-300x188.jpg 300w, https:\/\/zakrasnejsivimperk.cz\/wp-content\/uploads\/2022\/05\/11\/vpk-110522-8-768x481.jpg 768w, https:\/\/zakrasnejsivimperk.cz\/wp-content\/uploads\/2022\/05\/11\/vpk-110522-8-1024x641.jpg 1024w, https:\/\/zakrasnejsivimperk.cz\/wp-content\/uploads\/2022\/05\/11\/vpk-110522-8-570x357.jpg 570w, https:\/\/zakrasnejsivimperk.cz\/wp-content\/uploads\/2022\/05\/11\/vpk-110522-8-771x483.jpg 771w\" sizes=\"(max-width: 1100px) 100vw, 1100px\" \/><\/p>\n<p>&nbsp;<\/p>\n<p>&nbsp;<\/p>\n<p><img loading=\"lazy\" decoding=\"async\" class=\"alignnone wp-image-253993 size-full\" src=\"https:\/\/zakrasnejsivimperk.cz\/wp-content\/uploads\/2022\/05\/11\/vpk-110522-9.jpg\" alt=\"\" width=\"976\" height=\"1100\" srcset=\"https:\/\/zakrasnejsivimperk.cz\/wp-content\/uploads\/2022\/05\/11\/vpk-110522-9.jpg 976w, https:\/\/zakrasnejsivimperk.cz\/wp-content\/uploads\/2022\/05\/11\/vpk-110522-9-266x300.jpg 266w, https:\/\/zakrasnejsivimperk.cz\/wp-content\/uploads\/2022\/05\/11\/vpk-110522-9-768x866.jpg 768w, https:\/\/zakrasnejsivimperk.cz\/wp-content\/uploads\/2022\/05\/11\/vpk-110522-9-909x1024.jpg 909w, https:\/\/zakrasnejsivimperk.cz\/wp-content\/uploads\/2022\/05\/11\/vpk-110522-9-317x357.jpg 317w, https:\/\/zakrasnejsivimperk.cz\/wp-content\/uploads\/2022\/05\/11\/vpk-110522-9-429x483.jpg 429w\" sizes=\"(max-width: 976px) 100vw, 976px\" \/><\/p>\n<p>&nbsp;<\/p>\n<p>&nbsp;<\/p>\n<p><img loading=\"lazy\" decoding=\"async\" class=\"aligncenter wp-image-253994 size-full\" src=\"https:\/\/zakrasnejsivimperk.cz\/wp-content\/uploads\/2022\/05\/11\/vpk-110522-10.jpg\" alt=\"\" width=\"1005\" height=\"1100\" srcset=\"https:\/\/zakrasnejsivimperk.cz\/wp-content\/uploads\/2022\/05\/11\/vpk-110522-10.jpg 1005w, https:\/\/zakrasnejsivimperk.cz\/wp-content\/uploads\/2022\/05\/11\/vpk-110522-10-274x300.jpg 274w, https:\/\/zakrasnejsivimperk.cz\/wp-content\/uploads\/2022\/05\/11\/vpk-110522-10-768x841.jpg 768w, https:\/\/zakrasnejsivimperk.cz\/wp-content\/uploads\/2022\/05\/11\/vpk-110522-10-936x1024.jpg 936w, https:\/\/zakrasnejsivimperk.cz\/wp-content\/uploads\/2022\/05\/11\/vpk-110522-10-326x357.jpg 326w, https:\/\/zakrasnejsivimperk.cz\/wp-content\/uploads\/2022\/05\/11\/vpk-110522-10-441x483.jpg 441w\" sizes=\"(max-width: 1005px) 100vw, 1005px\" \/><\/p>\n<p>&nbsp;<\/p>\n<p>&nbsp;<\/p>\n<p><img loading=\"lazy\" decoding=\"async\" class=\"aligncenter wp-image-253995 size-full\" src=\"https:\/\/zakrasnejsivimperk.cz\/wp-content\/uploads\/2022\/05\/11\/vpk-110522-11.jpg\" alt=\"\" width=\"1100\" height=\"873\" srcset=\"https:\/\/zakrasnejsivimperk.cz\/wp-content\/uploads\/2022\/05\/11\/vpk-110522-11.jpg 1100w, https:\/\/zakrasnejsivimperk.cz\/wp-content\/uploads\/2022\/05\/11\/vpk-110522-11-300x238.jpg 300w, https:\/\/zakrasnejsivimperk.cz\/wp-content\/uploads\/2022\/05\/11\/vpk-110522-11-768x610.jpg 768w, https:\/\/zakrasnejsivimperk.cz\/wp-content\/uploads\/2022\/05\/11\/vpk-110522-11-1024x813.jpg 1024w, https:\/\/zakrasnejsivimperk.cz\/wp-content\/uploads\/2022\/05\/11\/vpk-110522-11-450x357.jpg 450w, https:\/\/zakrasnejsivimperk.cz\/wp-content\/uploads\/2022\/05\/11\/vpk-110522-11-609x483.jpg 609w\" sizes=\"(max-width: 1100px) 100vw, 1100px\" \/><\/p>\n<p>&nbsp;<\/p>\n<p>&nbsp;<\/p>\n<p><img loading=\"lazy\" decoding=\"async\" class=\"aligncenter wp-image-253996 size-full\" src=\"https:\/\/zakrasnejsivimperk.cz\/wp-content\/uploads\/2022\/05\/11\/vpk-110522-12.jpg\" alt=\"\" width=\"1100\" height=\"661\" srcset=\"https:\/\/zakrasnejsivimperk.cz\/wp-content\/uploads\/2022\/05\/11\/vpk-110522-12.jpg 1100w, https:\/\/zakrasnejsivimperk.cz\/wp-content\/uploads\/2022\/05\/11\/vpk-110522-12-300x180.jpg 300w, https:\/\/zakrasnejsivimperk.cz\/wp-content\/uploads\/2022\/05\/11\/vpk-110522-12-768x461.jpg 768w, https:\/\/zakrasnejsivimperk.cz\/wp-content\/uploads\/2022\/05\/11\/vpk-110522-12-1024x615.jpg 1024w, https:\/\/zakrasnejsivimperk.cz\/wp-content\/uploads\/2022\/05\/11\/vpk-110522-12-594x357.jpg 594w, https:\/\/zakrasnejsivimperk.cz\/wp-content\/uploads\/2022\/05\/11\/vpk-110522-12-804x483.jpg 804w\" sizes=\"(max-width: 1100px) 100vw, 1100px\" \/><\/p>\n<p>&nbsp;<\/p>\n<p>&nbsp;<\/p>\n<p><img loading=\"lazy\" decoding=\"async\" class=\"aligncenter wp-image-253997 size-full\" src=\"https:\/\/zakrasnejsivimperk.cz\/wp-content\/uploads\/2022\/05\/11\/vpk-110522-13.jpg\" alt=\"\" width=\"1083\" height=\"592\" srcset=\"https:\/\/zakrasnejsivimperk.cz\/wp-content\/uploads\/2022\/05\/11\/vpk-110522-13.jpg 1083w, https:\/\/zakrasnejsivimperk.cz\/wp-content\/uploads\/2022\/05\/11\/vpk-110522-13-300x164.jpg 300w, https:\/\/zakrasnejsivimperk.cz\/wp-content\/uploads\/2022\/05\/11\/vpk-110522-13-768x420.jpg 768w, https:\/\/zakrasnejsivimperk.cz\/wp-content\/uploads\/2022\/05\/11\/vpk-110522-13-1024x560.jpg 1024w, https:\/\/zakrasnejsivimperk.cz\/wp-content\/uploads\/2022\/05\/11\/vpk-110522-13-653x357.jpg 653w, https:\/\/zakrasnejsivimperk.cz\/wp-content\/uploads\/2022\/05\/11\/vpk-110522-13-884x483.jpg 884w\" sizes=\"(max-width: 1083px) 100vw, 1083px\" \/><\/p>\n<p>&nbsp;<\/p>\n<p>&nbsp;<\/p>\n<p><img loading=\"lazy\" decoding=\"async\" class=\"alignnone wp-image-253998 size-full\" src=\"https:\/\/zakrasnejsivimperk.cz\/wp-content\/uploads\/2022\/05\/11\/vpk-110522-14.jpg\" alt=\"\" width=\"1100\" height=\"677\" srcset=\"https:\/\/zakrasnejsivimperk.cz\/wp-content\/uploads\/2022\/05\/11\/vpk-110522-14.jpg 1100w, https:\/\/zakrasnejsivimperk.cz\/wp-content\/uploads\/2022\/05\/11\/vpk-110522-14-300x185.jpg 300w, https:\/\/zakrasnejsivimperk.cz\/wp-content\/uploads\/2022\/05\/11\/vpk-110522-14-768x473.jpg 768w, https:\/\/zakrasnejsivimperk.cz\/wp-content\/uploads\/2022\/05\/11\/vpk-110522-14-1024x630.jpg 1024w, https:\/\/zakrasnejsivimperk.cz\/wp-content\/uploads\/2022\/05\/11\/vpk-110522-14-580x357.jpg 580w, https:\/\/zakrasnejsivimperk.cz\/wp-content\/uploads\/2022\/05\/11\/vpk-110522-14-785x483.jpg 785w\" sizes=\"(max-width: 1100px) 100vw, 1100px\" \/><\/p>\n<p>&nbsp;<\/p>\n<p>&nbsp;<\/p>\n<p><img loading=\"lazy\" decoding=\"async\" class=\"aligncenter wp-image-253999 size-full\" src=\"https:\/\/zakrasnejsivimperk.cz\/wp-content\/uploads\/2022\/05\/11\/vpk-110522-15.jpg\" alt=\"\" width=\"1100\" height=\"1075\" srcset=\"https:\/\/zakrasnejsivimperk.cz\/wp-content\/uploads\/2022\/05\/11\/vpk-110522-15.jpg 1100w, https:\/\/zakrasnejsivimperk.cz\/wp-content\/uploads\/2022\/05\/11\/vpk-110522-15-300x293.jpg 300w, https:\/\/zakrasnejsivimperk.cz\/wp-content\/uploads\/2022\/05\/11\/vpk-110522-15-768x751.jpg 768w, https:\/\/zakrasnejsivimperk.cz\/wp-content\/uploads\/2022\/05\/11\/vpk-110522-15-1024x1001.jpg 1024w, https:\/\/zakrasnejsivimperk.cz\/wp-content\/uploads\/2022\/05\/11\/vpk-110522-15-365x357.jpg 365w, https:\/\/zakrasnejsivimperk.cz\/wp-content\/uploads\/2022\/05\/11\/vpk-110522-15-494x483.jpg 494w\" sizes=\"(max-width: 1100px) 100vw, 1100px\" \/><\/p>\n<p>&nbsp;<\/p>\n<p>&nbsp;<\/p>\n<p><img loading=\"lazy\" decoding=\"async\" class=\"aligncenter wp-image-254000 size-full\" src=\"https:\/\/zakrasnejsivimperk.cz\/wp-content\/uploads\/2022\/05\/11\/vpk-110522-16.jpg\" alt=\"\" width=\"1064\" height=\"1100\" srcset=\"https:\/\/zakrasnejsivimperk.cz\/wp-content\/uploads\/2022\/05\/11\/vpk-110522-16.jpg 1064w, https:\/\/zakrasnejsivimperk.cz\/wp-content\/uploads\/2022\/05\/11\/vpk-110522-16-290x300.jpg 290w, https:\/\/zakrasnejsivimperk.cz\/wp-content\/uploads\/2022\/05\/11\/vpk-110522-16-768x794.jpg 768w, https:\/\/zakrasnejsivimperk.cz\/wp-content\/uploads\/2022\/05\/11\/vpk-110522-16-990x1024.jpg 990w, https:\/\/zakrasnejsivimperk.cz\/wp-content\/uploads\/2022\/05\/11\/vpk-110522-16-345x357.jpg 345w, https:\/\/zakrasnejsivimperk.cz\/wp-content\/uploads\/2022\/05\/11\/vpk-110522-16-467x483.jpg 467w\" sizes=\"(max-width: 1064px) 100vw, 1064px\" \/><\/p>\n<p>&nbsp;<\/p>\n<p>&nbsp;<\/p>\n<p><img loading=\"lazy\" decoding=\"async\" class=\"aligncenter wp-image-254001 size-full\" src=\"https:\/\/zakrasnejsivimperk.cz\/wp-content\/uploads\/2022\/05\/11\/vpk-110522-17.jpg\" alt=\"\" width=\"1100\" height=\"691\" srcset=\"https:\/\/zakrasnejsivimperk.cz\/wp-content\/uploads\/2022\/05\/11\/vpk-110522-17.jpg 1100w, https:\/\/zakrasnejsivimperk.cz\/wp-content\/uploads\/2022\/05\/11\/vpk-110522-17-300x188.jpg 300w, https:\/\/zakrasnejsivimperk.cz\/wp-content\/uploads\/2022\/05\/11\/vpk-110522-17-768x482.jpg 768w, https:\/\/zakrasnejsivimperk.cz\/wp-content\/uploads\/2022\/05\/11\/vpk-110522-17-1024x643.jpg 1024w, https:\/\/zakrasnejsivimperk.cz\/wp-content\/uploads\/2022\/05\/11\/vpk-110522-17-568x357.jpg 568w, https:\/\/zakrasnejsivimperk.cz\/wp-content\/uploads\/2022\/05\/11\/vpk-110522-17-769x483.jpg 769w\" sizes=\"(max-width: 1100px) 100vw, 1100px\" \/><\/p>\n<p>&nbsp;<\/p>\n<p>&nbsp;<\/p>\n<p><img loading=\"lazy\" decoding=\"async\" class=\"aligncenter wp-image-254002 size-full\" src=\"https:\/\/zakrasnejsivimperk.cz\/wp-content\/uploads\/2022\/05\/11\/vpk-110522-18.jpg\" alt=\"\" width=\"1068\" height=\"1100\" srcset=\"https:\/\/zakrasnejsivimperk.cz\/wp-content\/uploads\/2022\/05\/11\/vpk-110522-18.jpg 1068w, https:\/\/zakrasnejsivimperk.cz\/wp-content\/uploads\/2022\/05\/11\/vpk-110522-18-291x300.jpg 291w, https:\/\/zakrasnejsivimperk.cz\/wp-content\/uploads\/2022\/05\/11\/vpk-110522-18-768x791.jpg 768w, https:\/\/zakrasnejsivimperk.cz\/wp-content\/uploads\/2022\/05\/11\/vpk-110522-18-994x1024.jpg 994w, https:\/\/zakrasnejsivimperk.cz\/wp-content\/uploads\/2022\/05\/11\/vpk-110522-18-347x357.jpg 347w, https:\/\/zakrasnejsivimperk.cz\/wp-content\/uploads\/2022\/05\/11\/vpk-110522-18-469x483.jpg 469w\" sizes=\"(max-width: 1068px) 100vw, 1068px\" \/><\/p>\n<p>&nbsp;<\/p>\n<p>&nbsp;<\/p>\n<p><img loading=\"lazy\" decoding=\"async\" class=\"aligncenter wp-image-254003 size-full\" src=\"https:\/\/zakrasnejsivimperk.cz\/wp-content\/uploads\/2022\/05\/11\/vpk-110522-19.jpg\" alt=\"\" width=\"1100\" height=\"760\" srcset=\"https:\/\/zakrasnejsivimperk.cz\/wp-content\/uploads\/2022\/05\/11\/vpk-110522-19.jpg 1100w, https:\/\/zakrasnejsivimperk.cz\/wp-content\/uploads\/2022\/05\/11\/vpk-110522-19-300x207.jpg 300w, https:\/\/zakrasnejsivimperk.cz\/wp-content\/uploads\/2022\/05\/11\/vpk-110522-19-768x531.jpg 768w, https:\/\/zakrasnejsivimperk.cz\/wp-content\/uploads\/2022\/05\/11\/vpk-110522-19-1024x707.jpg 1024w, https:\/\/zakrasnejsivimperk.cz\/wp-content\/uploads\/2022\/05\/11\/vpk-110522-19-517x357.jpg 517w, https:\/\/zakrasnejsivimperk.cz\/wp-content\/uploads\/2022\/05\/11\/vpk-110522-19-699x483.jpg 699w\" sizes=\"(max-width: 1100px) 100vw, 1100px\" \/><\/p>\n<p>&nbsp;<\/p>\n<p>&nbsp;<\/p>\n<p><img loading=\"lazy\" decoding=\"async\" class=\"aligncenter wp-image-254004 size-full\" src=\"https:\/\/zakrasnejsivimperk.cz\/wp-content\/uploads\/2022\/05\/11\/vpk-110522-20.jpg\" alt=\"\" width=\"1100\" height=\"732\" srcset=\"https:\/\/zakrasnejsivimperk.cz\/wp-content\/uploads\/2022\/05\/11\/vpk-110522-20.jpg 1100w, https:\/\/zakrasnejsivimperk.cz\/wp-content\/uploads\/2022\/05\/11\/vpk-110522-20-300x200.jpg 300w, https:\/\/zakrasnejsivimperk.cz\/wp-content\/uploads\/2022\/05\/11\/vpk-110522-20-768x511.jpg 768w, https:\/\/zakrasnejsivimperk.cz\/wp-content\/uploads\/2022\/05\/11\/vpk-110522-20-1024x681.jpg 1024w, https:\/\/zakrasnejsivimperk.cz\/wp-content\/uploads\/2022\/05\/11\/vpk-110522-20-536x357.jpg 536w, https:\/\/zakrasnejsivimperk.cz\/wp-content\/uploads\/2022\/05\/11\/vpk-110522-20-726x483.jpg 726w\" sizes=\"(max-width: 1100px) 100vw, 1100px\" \/><\/p>\n<p>&nbsp;<\/p>\n<p>&nbsp;<\/p>\n<p><img loading=\"lazy\" decoding=\"async\" class=\"aligncenter wp-image-254005 size-full\" src=\"https:\/\/zakrasnejsivimperk.cz\/wp-content\/uploads\/2022\/05\/11\/vpk-110522-21.jpg\" alt=\"\" width=\"1100\" height=\"616\" srcset=\"https:\/\/zakrasnejsivimperk.cz\/wp-content\/uploads\/2022\/05\/11\/vpk-110522-21.jpg 1100w, https:\/\/zakrasnejsivimperk.cz\/wp-content\/uploads\/2022\/05\/11\/vpk-110522-21-300x168.jpg 300w, https:\/\/zakrasnejsivimperk.cz\/wp-content\/uploads\/2022\/05\/11\/vpk-110522-21-768x430.jpg 768w, https:\/\/zakrasnejsivimperk.cz\/wp-content\/uploads\/2022\/05\/11\/vpk-110522-21-1024x573.jpg 1024w, https:\/\/zakrasnejsivimperk.cz\/wp-content\/uploads\/2022\/05\/11\/vpk-110522-21-638x357.jpg 638w, https:\/\/zakrasnejsivimperk.cz\/wp-content\/uploads\/2022\/05\/11\/vpk-110522-21-863x483.jpg 863w\" sizes=\"(max-width: 1100px) 100vw, 1100px\" \/><\/p>\n<p>&nbsp;<\/p>\n<p>&nbsp;<\/p>\n<p><img loading=\"lazy\" decoding=\"async\" class=\"aligncenter wp-image-254006 size-full\" src=\"https:\/\/zakrasnejsivimperk.cz\/wp-content\/uploads\/2022\/05\/11\/vpk-110522-22.jpg\" alt=\"\" width=\"1100\" height=\"782\" srcset=\"https:\/\/zakrasnejsivimperk.cz\/wp-content\/uploads\/2022\/05\/11\/vpk-110522-22.jpg 1100w, https:\/\/zakrasnejsivimperk.cz\/wp-content\/uploads\/2022\/05\/11\/vpk-110522-22-300x213.jpg 300w, https:\/\/zakrasnejsivimperk.cz\/wp-content\/uploads\/2022\/05\/11\/vpk-110522-22-768x546.jpg 768w, https:\/\/zakrasnejsivimperk.cz\/wp-content\/uploads\/2022\/05\/11\/vpk-110522-22-1024x728.jpg 1024w, https:\/\/zakrasnejsivimperk.cz\/wp-content\/uploads\/2022\/05\/11\/vpk-110522-22-502x357.jpg 502w, https:\/\/zakrasnejsivimperk.cz\/wp-content\/uploads\/2022\/05\/11\/vpk-110522-22-679x483.jpg 679w\" sizes=\"(max-width: 1100px) 100vw, 1100px\" \/><\/p>\n<p>&nbsp;<\/p>\n<p><strong>Foto: (red) &#8211; Za kr\u00e1sn\u011bj\u0161\u00ed Vimperk<\/strong><\/p>\n<hr \/>\n<p>&nbsp;<\/p>\n<p>&nbsp;<\/p>\n<p>&nbsp;<\/p>\n","protected":false},"excerpt":{"rendered":"<p>&nbsp; &nbsp; <\/p>\n","protected":false},"author":2,"featured_media":254008,"comment_status":"open","ping_status":"open","sticky":false,"template":"","format":"gallery","meta":{"footnotes":""},"categories":[118,86],"tags":[],"jetpack_featured_media_url":"https:\/\/zakrasnejsivimperk.cz\/wp-content\/uploads\/2022\/05\/11\/r\u00e1me\u010dek-den-foto-1105.jpg","_links":{"self":[{"href":"https:\/\/zakrasnejsivimperk.cz\/index.php?rest_route=\/wp\/v2\/posts\/253984"}],"collection":[{"href":"https:\/\/zakrasnejsivimperk.cz\/index.php?rest_route=\/wp\/v2\/posts"}],"about":[{"href":"https:\/\/zakrasnejsivimperk.cz\/index.php?rest_route=\/wp\/v2\/types\/post"}],"author":[{"embeddable":true,"href":"https:\/\/zakrasnejsivimperk.cz\/index.php?rest_route=\/wp\/v2\/users\/2"}],"replies":[{"embeddable":true,"href":"https:\/\/zakrasnejsivimperk.cz\/index.php?rest_route=%2Fwp%2Fv2%2Fcomments&post=253984"}],"version-history":[{"count":1,"href":"https:\/\/zakrasnejsivimperk.cz\/index.php?rest_route=\/wp\/v2\/posts\/253984\/revisions"}],"predecessor-version":[{"id":254007,"href":"https:\/\/zakrasnejsivimperk.cz\/index.php?rest_route=\/wp\/v2\/posts\/253984\/revisions\/254007"}],"wp:featuredmedia":[{"embeddable":true,"href":"https:\/\/zakrasnejsivimperk.cz\/index.php?rest_route=\/wp\/v2\/media\/254008"}],"wp:attachment":[{"href":"https:\/\/zakrasnejsivimperk.cz\/index.php?rest_route=%2Fwp%2Fv2%2Fmedia&parent=253984"}],"wp:term":[{"taxonomy":"category","embeddable":true,"href":"https:\/\/zakrasnejsivimperk.cz\/index.php?rest_route=%2Fwp%2Fv2%2Fcategories&post=253984"},{"taxonomy":"post_tag","embeddable":true,"href":"https:\/\/zakrasnejsivimperk.cz\/index.php?rest_route=%2Fwp%2Fv2%2Ftags&post=253984"}],"curies":[{"name":"wp","href":"https:\/\/api.w.org\/{rel}","templated":true}]}}