{"id":253912,"date":"2022-05-10T13:44:47","date_gmt":"2022-05-10T12:44:47","guid":{"rendered":"https:\/\/zakrasnejsivimperk.cz\/?p=253912"},"modified":"2022-05-11T14:00:10","modified_gmt":"2022-05-11T13:00:10","slug":"nase-mesto-vimperk-den-ve-foto-10-kvetna-2022-dopoledne","status":"publish","type":"post","link":"https:\/\/zakrasnejsivimperk.cz\/?p=253912","title":{"rendered":"NA\u0160E M\u011aSTO VIMPERK: Den ve foto &#8211; 10. kv\u011btna 2022 dopoledne"},"content":{"rendered":"<p><img loading=\"lazy\" decoding=\"async\" class=\"aligncenter wp-image-253915 size-full\" src=\"https:\/\/zakrasnejsivimperk.cz\/wp-content\/uploads\/2022\/05\/10\/vpk-den-foto-100522-3.jpg\" alt=\"\" width=\"1100\" height=\"654\" srcset=\"https:\/\/zakrasnejsivimperk.cz\/wp-content\/uploads\/2022\/05\/10\/vpk-den-foto-100522-3.jpg 1100w, https:\/\/zakrasnejsivimperk.cz\/wp-content\/uploads\/2022\/05\/10\/vpk-den-foto-100522-3-300x178.jpg 300w, https:\/\/zakrasnejsivimperk.cz\/wp-content\/uploads\/2022\/05\/10\/vpk-den-foto-100522-3-768x457.jpg 768w, https:\/\/zakrasnejsivimperk.cz\/wp-content\/uploads\/2022\/05\/10\/vpk-den-foto-100522-3-1024x609.jpg 1024w, https:\/\/zakrasnejsivimperk.cz\/wp-content\/uploads\/2022\/05\/10\/vpk-den-foto-100522-3-600x357.jpg 600w, https:\/\/zakrasnejsivimperk.cz\/wp-content\/uploads\/2022\/05\/10\/vpk-den-foto-100522-3-812x483.jpg 812w\" sizes=\"(max-width: 1100px) 100vw, 1100px\" \/><\/p>\n<p>&nbsp;<\/p>\n<p>&nbsp;<\/p>\n<p><img loading=\"lazy\" decoding=\"async\" class=\"aligncenter wp-image-253913 size-full\" src=\"https:\/\/zakrasnejsivimperk.cz\/wp-content\/uploads\/2022\/05\/10\/vpk-den-foto-100522-1.jpg\" alt=\"\" width=\"825\" height=\"1100\" srcset=\"https:\/\/zakrasnejsivimperk.cz\/wp-content\/uploads\/2022\/05\/10\/vpk-den-foto-100522-1.jpg 825w, https:\/\/zakrasnejsivimperk.cz\/wp-content\/uploads\/2022\/05\/10\/vpk-den-foto-100522-1-225x300.jpg 225w, https:\/\/zakrasnejsivimperk.cz\/wp-content\/uploads\/2022\/05\/10\/vpk-den-foto-100522-1-768x1024.jpg 768w, https:\/\/zakrasnejsivimperk.cz\/wp-content\/uploads\/2022\/05\/10\/vpk-den-foto-100522-1-268x357.jpg 268w, https:\/\/zakrasnejsivimperk.cz\/wp-content\/uploads\/2022\/05\/10\/vpk-den-foto-100522-1-362x483.jpg 362w\" sizes=\"(max-width: 825px) 100vw, 825px\" \/><\/p>\n<p>&nbsp;<\/p>\n<p>&nbsp;<\/p>\n<p><img loading=\"lazy\" decoding=\"async\" class=\"aligncenter wp-image-253914 size-full\" src=\"https:\/\/zakrasnejsivimperk.cz\/wp-content\/uploads\/2022\/05\/10\/vpk-den-foto-100522-2.jpg\" alt=\"\" width=\"1100\" height=\"825\" srcset=\"https:\/\/zakrasnejsivimperk.cz\/wp-content\/uploads\/2022\/05\/10\/vpk-den-foto-100522-2.jpg 1100w, https:\/\/zakrasnejsivimperk.cz\/wp-content\/uploads\/2022\/05\/10\/vpk-den-foto-100522-2-300x225.jpg 300w, https:\/\/zakrasnejsivimperk.cz\/wp-content\/uploads\/2022\/05\/10\/vpk-den-foto-100522-2-768x576.jpg 768w, https:\/\/zakrasnejsivimperk.cz\/wp-content\/uploads\/2022\/05\/10\/vpk-den-foto-100522-2-1024x768.jpg 1024w, https:\/\/zakrasnejsivimperk.cz\/wp-content\/uploads\/2022\/05\/10\/vpk-den-foto-100522-2-476x357.jpg 476w, https:\/\/zakrasnejsivimperk.cz\/wp-content\/uploads\/2022\/05\/10\/vpk-den-foto-100522-2-644x483.jpg 644w\" sizes=\"(max-width: 1100px) 100vw, 1100px\" \/><\/p>\n<p>&nbsp;<\/p>\n<p>&nbsp;<\/p>\n<p><img loading=\"lazy\" decoding=\"async\" class=\"aligncenter wp-image-253923 size-full\" src=\"https:\/\/zakrasnejsivimperk.cz\/wp-content\/uploads\/2022\/05\/10\/vpk-den-foto-100522-11.jpg\" alt=\"\" width=\"825\" height=\"1100\" srcset=\"https:\/\/zakrasnejsivimperk.cz\/wp-content\/uploads\/2022\/05\/10\/vpk-den-foto-100522-11.jpg 825w, https:\/\/zakrasnejsivimperk.cz\/wp-content\/uploads\/2022\/05\/10\/vpk-den-foto-100522-11-225x300.jpg 225w, https:\/\/zakrasnejsivimperk.cz\/wp-content\/uploads\/2022\/05\/10\/vpk-den-foto-100522-11-768x1024.jpg 768w, https:\/\/zakrasnejsivimperk.cz\/wp-content\/uploads\/2022\/05\/10\/vpk-den-foto-100522-11-268x357.jpg 268w, https:\/\/zakrasnejsivimperk.cz\/wp-content\/uploads\/2022\/05\/10\/vpk-den-foto-100522-11-362x483.jpg 362w\" sizes=\"(max-width: 825px) 100vw, 825px\" \/><\/p>\n<p>&nbsp;<\/p>\n<p>&nbsp;<\/p>\n<p><img loading=\"lazy\" decoding=\"async\" class=\"aligncenter wp-image-253916 size-full\" src=\"https:\/\/zakrasnejsivimperk.cz\/wp-content\/uploads\/2022\/05\/10\/vpk-den-foto-100522-4.jpg\" alt=\"\" width=\"1100\" height=\"770\" srcset=\"https:\/\/zakrasnejsivimperk.cz\/wp-content\/uploads\/2022\/05\/10\/vpk-den-foto-100522-4.jpg 1100w, https:\/\/zakrasnejsivimperk.cz\/wp-content\/uploads\/2022\/05\/10\/vpk-den-foto-100522-4-300x210.jpg 300w, https:\/\/zakrasnejsivimperk.cz\/wp-content\/uploads\/2022\/05\/10\/vpk-den-foto-100522-4-768x538.jpg 768w, https:\/\/zakrasnejsivimperk.cz\/wp-content\/uploads\/2022\/05\/10\/vpk-den-foto-100522-4-1024x717.jpg 1024w, https:\/\/zakrasnejsivimperk.cz\/wp-content\/uploads\/2022\/05\/10\/vpk-den-foto-100522-4-510x357.jpg 510w, https:\/\/zakrasnejsivimperk.cz\/wp-content\/uploads\/2022\/05\/10\/vpk-den-foto-100522-4-690x483.jpg 690w\" sizes=\"(max-width: 1100px) 100vw, 1100px\" \/><\/p>\n<p>&nbsp;<\/p>\n<p>&nbsp;<\/p>\n<p><img loading=\"lazy\" decoding=\"async\" class=\"aligncenter wp-image-253917 size-full\" src=\"https:\/\/zakrasnejsivimperk.cz\/wp-content\/uploads\/2022\/05\/10\/vpk-den-foto-100522-5.jpg\" alt=\"\" width=\"1100\" height=\"703\" srcset=\"https:\/\/zakrasnejsivimperk.cz\/wp-content\/uploads\/2022\/05\/10\/vpk-den-foto-100522-5.jpg 1100w, https:\/\/zakrasnejsivimperk.cz\/wp-content\/uploads\/2022\/05\/10\/vpk-den-foto-100522-5-300x192.jpg 300w, https:\/\/zakrasnejsivimperk.cz\/wp-content\/uploads\/2022\/05\/10\/vpk-den-foto-100522-5-768x491.jpg 768w, https:\/\/zakrasnejsivimperk.cz\/wp-content\/uploads\/2022\/05\/10\/vpk-den-foto-100522-5-1024x654.jpg 1024w, https:\/\/zakrasnejsivimperk.cz\/wp-content\/uploads\/2022\/05\/10\/vpk-den-foto-100522-5-100x65.jpg 100w, https:\/\/zakrasnejsivimperk.cz\/wp-content\/uploads\/2022\/05\/10\/vpk-den-foto-100522-5-559x357.jpg 559w, https:\/\/zakrasnejsivimperk.cz\/wp-content\/uploads\/2022\/05\/10\/vpk-den-foto-100522-5-756x483.jpg 756w\" sizes=\"(max-width: 1100px) 100vw, 1100px\" \/><\/p>\n<p>&nbsp;<\/p>\n<p>&nbsp;<\/p>\n<p><img loading=\"lazy\" decoding=\"async\" class=\"aligncenter wp-image-253918 size-full\" src=\"https:\/\/zakrasnejsivimperk.cz\/wp-content\/uploads\/2022\/05\/10\/vpk-den-foto-100522-6.jpg\" alt=\"\" width=\"1100\" height=\"825\" srcset=\"https:\/\/zakrasnejsivimperk.cz\/wp-content\/uploads\/2022\/05\/10\/vpk-den-foto-100522-6.jpg 1100w, https:\/\/zakrasnejsivimperk.cz\/wp-content\/uploads\/2022\/05\/10\/vpk-den-foto-100522-6-300x225.jpg 300w, https:\/\/zakrasnejsivimperk.cz\/wp-content\/uploads\/2022\/05\/10\/vpk-den-foto-100522-6-768x576.jpg 768w, https:\/\/zakrasnejsivimperk.cz\/wp-content\/uploads\/2022\/05\/10\/vpk-den-foto-100522-6-1024x768.jpg 1024w, https:\/\/zakrasnejsivimperk.cz\/wp-content\/uploads\/2022\/05\/10\/vpk-den-foto-100522-6-476x357.jpg 476w, https:\/\/zakrasnejsivimperk.cz\/wp-content\/uploads\/2022\/05\/10\/vpk-den-foto-100522-6-644x483.jpg 644w\" sizes=\"(max-width: 1100px) 100vw, 1100px\" \/><\/p>\n<p>&nbsp;<\/p>\n<p>&nbsp;<\/p>\n<p><img loading=\"lazy\" decoding=\"async\" class=\"aligncenter wp-image-253922 size-full\" src=\"https:\/\/zakrasnejsivimperk.cz\/wp-content\/uploads\/2022\/05\/10\/vpk-den-foto-100522-10.jpg\" alt=\"\" width=\"1100\" height=\"678\" srcset=\"https:\/\/zakrasnejsivimperk.cz\/wp-content\/uploads\/2022\/05\/10\/vpk-den-foto-100522-10.jpg 1100w, https:\/\/zakrasnejsivimperk.cz\/wp-content\/uploads\/2022\/05\/10\/vpk-den-foto-100522-10-300x185.jpg 300w, https:\/\/zakrasnejsivimperk.cz\/wp-content\/uploads\/2022\/05\/10\/vpk-den-foto-100522-10-768x473.jpg 768w, https:\/\/zakrasnejsivimperk.cz\/wp-content\/uploads\/2022\/05\/10\/vpk-den-foto-100522-10-1024x631.jpg 1024w, https:\/\/zakrasnejsivimperk.cz\/wp-content\/uploads\/2022\/05\/10\/vpk-den-foto-100522-10-579x357.jpg 579w, https:\/\/zakrasnejsivimperk.cz\/wp-content\/uploads\/2022\/05\/10\/vpk-den-foto-100522-10-784x483.jpg 784w\" sizes=\"(max-width: 1100px) 100vw, 1100px\" \/><\/p>\n<p>&nbsp;<\/p>\n<p>&nbsp;<\/p>\n<p><img loading=\"lazy\" decoding=\"async\" class=\"aligncenter wp-image-253921 size-full\" src=\"https:\/\/zakrasnejsivimperk.cz\/wp-content\/uploads\/2022\/05\/10\/vpk-den-foto-100522-9.jpg\" alt=\"\" width=\"1100\" height=\"600\" srcset=\"https:\/\/zakrasnejsivimperk.cz\/wp-content\/uploads\/2022\/05\/10\/vpk-den-foto-100522-9.jpg 1100w, https:\/\/zakrasnejsivimperk.cz\/wp-content\/uploads\/2022\/05\/10\/vpk-den-foto-100522-9-300x164.jpg 300w, https:\/\/zakrasnejsivimperk.cz\/wp-content\/uploads\/2022\/05\/10\/vpk-den-foto-100522-9-768x419.jpg 768w, https:\/\/zakrasnejsivimperk.cz\/wp-content\/uploads\/2022\/05\/10\/vpk-den-foto-100522-9-1024x559.jpg 1024w, https:\/\/zakrasnejsivimperk.cz\/wp-content\/uploads\/2022\/05\/10\/vpk-den-foto-100522-9-655x357.jpg 655w, https:\/\/zakrasnejsivimperk.cz\/wp-content\/uploads\/2022\/05\/10\/vpk-den-foto-100522-9-886x483.jpg 886w\" sizes=\"(max-width: 1100px) 100vw, 1100px\" \/><\/p>\n<p>&nbsp;<\/p>\n<p>&nbsp;<\/p>\n<p><img loading=\"lazy\" decoding=\"async\" class=\"aligncenter wp-image-253920 size-full\" src=\"https:\/\/zakrasnejsivimperk.cz\/wp-content\/uploads\/2022\/05\/10\/vpk-den-foto-100522-8.jpg\" alt=\"\" width=\"1100\" height=\"771\" srcset=\"https:\/\/zakrasnejsivimperk.cz\/wp-content\/uploads\/2022\/05\/10\/vpk-den-foto-100522-8.jpg 1100w, https:\/\/zakrasnejsivimperk.cz\/wp-content\/uploads\/2022\/05\/10\/vpk-den-foto-100522-8-300x210.jpg 300w, https:\/\/zakrasnejsivimperk.cz\/wp-content\/uploads\/2022\/05\/10\/vpk-den-foto-100522-8-768x538.jpg 768w, https:\/\/zakrasnejsivimperk.cz\/wp-content\/uploads\/2022\/05\/10\/vpk-den-foto-100522-8-1024x718.jpg 1024w, https:\/\/zakrasnejsivimperk.cz\/wp-content\/uploads\/2022\/05\/10\/vpk-den-foto-100522-8-509x357.jpg 509w, https:\/\/zakrasnejsivimperk.cz\/wp-content\/uploads\/2022\/05\/10\/vpk-den-foto-100522-8-689x483.jpg 689w\" sizes=\"(max-width: 1100px) 100vw, 1100px\" \/><\/p>\n<p>&nbsp;<\/p>\n<p>&nbsp;<\/p>\n<p><img loading=\"lazy\" decoding=\"async\" class=\"aligncenter wp-image-253919 size-full\" src=\"https:\/\/zakrasnejsivimperk.cz\/wp-content\/uploads\/2022\/05\/10\/vpk-den-foto-100522-7.jpg\" alt=\"\" width=\"1100\" height=\"650\" srcset=\"https:\/\/zakrasnejsivimperk.cz\/wp-content\/uploads\/2022\/05\/10\/vpk-den-foto-100522-7.jpg 1100w, https:\/\/zakrasnejsivimperk.cz\/wp-content\/uploads\/2022\/05\/10\/vpk-den-foto-100522-7-300x177.jpg 300w, https:\/\/zakrasnejsivimperk.cz\/wp-content\/uploads\/2022\/05\/10\/vpk-den-foto-100522-7-768x454.jpg 768w, https:\/\/zakrasnejsivimperk.cz\/wp-content\/uploads\/2022\/05\/10\/vpk-den-foto-100522-7-1024x605.jpg 1024w, https:\/\/zakrasnejsivimperk.cz\/wp-content\/uploads\/2022\/05\/10\/vpk-den-foto-100522-7-604x357.jpg 604w, https:\/\/zakrasnejsivimperk.cz\/wp-content\/uploads\/2022\/05\/10\/vpk-den-foto-100522-7-817x483.jpg 817w\" sizes=\"(max-width: 1100px) 100vw, 1100px\" \/><\/p>\n<p>&nbsp;<\/p>\n<p>&nbsp;<\/p>\n<p><img loading=\"lazy\" decoding=\"async\" class=\"aligncenter wp-image-253924 size-full\" src=\"https:\/\/zakrasnejsivimperk.cz\/wp-content\/uploads\/2022\/05\/10\/vpk-den-foto-100522-12.jpg\" alt=\"\" width=\"1100\" height=\"811\" srcset=\"https:\/\/zakrasnejsivimperk.cz\/wp-content\/uploads\/2022\/05\/10\/vpk-den-foto-100522-12.jpg 1100w, https:\/\/zakrasnejsivimperk.cz\/wp-content\/uploads\/2022\/05\/10\/vpk-den-foto-100522-12-300x221.jpg 300w, https:\/\/zakrasnejsivimperk.cz\/wp-content\/uploads\/2022\/05\/10\/vpk-den-foto-100522-12-768x566.jpg 768w, https:\/\/zakrasnejsivimperk.cz\/wp-content\/uploads\/2022\/05\/10\/vpk-den-foto-100522-12-1024x755.jpg 1024w, https:\/\/zakrasnejsivimperk.cz\/wp-content\/uploads\/2022\/05\/10\/vpk-den-foto-100522-12-484x357.jpg 484w, https:\/\/zakrasnejsivimperk.cz\/wp-content\/uploads\/2022\/05\/10\/vpk-den-foto-100522-12-655x483.jpg 655w\" sizes=\"(max-width: 1100px) 100vw, 1100px\" \/><\/p>\n<p>&nbsp;<\/p>\n<p>&nbsp;<\/p>\n<p><img loading=\"lazy\" decoding=\"async\" class=\"aligncenter wp-image-253925 size-full\" src=\"https:\/\/zakrasnejsivimperk.cz\/wp-content\/uploads\/2022\/05\/10\/vpk-den-foto-100522-13.jpg\" alt=\"\" width=\"825\" height=\"1100\" srcset=\"https:\/\/zakrasnejsivimperk.cz\/wp-content\/uploads\/2022\/05\/10\/vpk-den-foto-100522-13.jpg 825w, https:\/\/zakrasnejsivimperk.cz\/wp-content\/uploads\/2022\/05\/10\/vpk-den-foto-100522-13-225x300.jpg 225w, https:\/\/zakrasnejsivimperk.cz\/wp-content\/uploads\/2022\/05\/10\/vpk-den-foto-100522-13-768x1024.jpg 768w, https:\/\/zakrasnejsivimperk.cz\/wp-content\/uploads\/2022\/05\/10\/vpk-den-foto-100522-13-268x357.jpg 268w, https:\/\/zakrasnejsivimperk.cz\/wp-content\/uploads\/2022\/05\/10\/vpk-den-foto-100522-13-362x483.jpg 362w\" sizes=\"(max-width: 825px) 100vw, 825px\" \/><\/p>\n<p>&nbsp;<\/p>\n<p>&nbsp;<\/p>\n<p><img loading=\"lazy\" decoding=\"async\" class=\"aligncenter wp-image-253926 size-full\" src=\"https:\/\/zakrasnejsivimperk.cz\/wp-content\/uploads\/2022\/05\/10\/vpk-den-foto-100522-14.jpg\" alt=\"\" width=\"1100\" height=\"629\" srcset=\"https:\/\/zakrasnejsivimperk.cz\/wp-content\/uploads\/2022\/05\/10\/vpk-den-foto-100522-14.jpg 1100w, https:\/\/zakrasnejsivimperk.cz\/wp-content\/uploads\/2022\/05\/10\/vpk-den-foto-100522-14-300x172.jpg 300w, https:\/\/zakrasnejsivimperk.cz\/wp-content\/uploads\/2022\/05\/10\/vpk-den-foto-100522-14-768x439.jpg 768w, https:\/\/zakrasnejsivimperk.cz\/wp-content\/uploads\/2022\/05\/10\/vpk-den-foto-100522-14-1024x586.jpg 1024w, https:\/\/zakrasnejsivimperk.cz\/wp-content\/uploads\/2022\/05\/10\/vpk-den-foto-100522-14-624x357.jpg 624w, https:\/\/zakrasnejsivimperk.cz\/wp-content\/uploads\/2022\/05\/10\/vpk-den-foto-100522-14-845x483.jpg 845w\" sizes=\"(max-width: 1100px) 100vw, 1100px\" \/><\/p>\n<p>&nbsp;<\/p>\n<p>&nbsp;<\/p>\n<p><img loading=\"lazy\" decoding=\"async\" class=\"aligncenter wp-image-253927 size-full\" src=\"https:\/\/zakrasnejsivimperk.cz\/wp-content\/uploads\/2022\/05\/10\/vpk-den-foto-100522-15.jpg\" alt=\"\" width=\"1026\" height=\"1100\" srcset=\"https:\/\/zakrasnejsivimperk.cz\/wp-content\/uploads\/2022\/05\/10\/vpk-den-foto-100522-15.jpg 1026w, https:\/\/zakrasnejsivimperk.cz\/wp-content\/uploads\/2022\/05\/10\/vpk-den-foto-100522-15-280x300.jpg 280w, https:\/\/zakrasnejsivimperk.cz\/wp-content\/uploads\/2022\/05\/10\/vpk-den-foto-100522-15-768x823.jpg 768w, https:\/\/zakrasnejsivimperk.cz\/wp-content\/uploads\/2022\/05\/10\/vpk-den-foto-100522-15-955x1024.jpg 955w, https:\/\/zakrasnejsivimperk.cz\/wp-content\/uploads\/2022\/05\/10\/vpk-den-foto-100522-15-333x357.jpg 333w, https:\/\/zakrasnejsivimperk.cz\/wp-content\/uploads\/2022\/05\/10\/vpk-den-foto-100522-15-451x483.jpg 451w\" sizes=\"(max-width: 1026px) 100vw, 1026px\" \/><\/p>\n<p>&nbsp;<\/p>\n<p>&nbsp;<\/p>\n<p><img loading=\"lazy\" decoding=\"async\" class=\"aligncenter wp-image-253928 size-full\" src=\"https:\/\/zakrasnejsivimperk.cz\/wp-content\/uploads\/2022\/05\/10\/vpk-den-foto-100522-16.jpg\" alt=\"\" width=\"940\" height=\"1100\" srcset=\"https:\/\/zakrasnejsivimperk.cz\/wp-content\/uploads\/2022\/05\/10\/vpk-den-foto-100522-16.jpg 940w, https:\/\/zakrasnejsivimperk.cz\/wp-content\/uploads\/2022\/05\/10\/vpk-den-foto-100522-16-256x300.jpg 256w, https:\/\/zakrasnejsivimperk.cz\/wp-content\/uploads\/2022\/05\/10\/vpk-den-foto-100522-16-768x899.jpg 768w, https:\/\/zakrasnejsivimperk.cz\/wp-content\/uploads\/2022\/05\/10\/vpk-den-foto-100522-16-875x1024.jpg 875w, https:\/\/zakrasnejsivimperk.cz\/wp-content\/uploads\/2022\/05\/10\/vpk-den-foto-100522-16-305x357.jpg 305w, https:\/\/zakrasnejsivimperk.cz\/wp-content\/uploads\/2022\/05\/10\/vpk-den-foto-100522-16-413x483.jpg 413w\" sizes=\"(max-width: 940px) 100vw, 940px\" \/><\/p>\n<p>&nbsp;<\/p>\n<p>&nbsp;<\/p>\n<p><img loading=\"lazy\" decoding=\"async\" class=\"aligncenter wp-image-253929 size-full\" src=\"https:\/\/zakrasnejsivimperk.cz\/wp-content\/uploads\/2022\/05\/10\/vpk-den-foto-100522-17.jpg\" alt=\"\" width=\"1100\" height=\"617\" srcset=\"https:\/\/zakrasnejsivimperk.cz\/wp-content\/uploads\/2022\/05\/10\/vpk-den-foto-100522-17.jpg 1100w, https:\/\/zakrasnejsivimperk.cz\/wp-content\/uploads\/2022\/05\/10\/vpk-den-foto-100522-17-300x168.jpg 300w, https:\/\/zakrasnejsivimperk.cz\/wp-content\/uploads\/2022\/05\/10\/vpk-den-foto-100522-17-768x431.jpg 768w, https:\/\/zakrasnejsivimperk.cz\/wp-content\/uploads\/2022\/05\/10\/vpk-den-foto-100522-17-1024x574.jpg 1024w, https:\/\/zakrasnejsivimperk.cz\/wp-content\/uploads\/2022\/05\/10\/vpk-den-foto-100522-17-636x357.jpg 636w, https:\/\/zakrasnejsivimperk.cz\/wp-content\/uploads\/2022\/05\/10\/vpk-den-foto-100522-17-861x483.jpg 861w\" sizes=\"(max-width: 1100px) 100vw, 1100px\" \/><\/p>\n<p>&nbsp;<\/p>\n<p><strong>Foto: (red) &#8211; Za kr\u00e1sn\u011bj\u0161\u00ed Vimperk<\/strong><\/p>\n<hr \/>\n<p>&nbsp;<\/p>\n<p>&nbsp;<\/p>\n<p>&nbsp;<\/p>\n","protected":false},"excerpt":{"rendered":"<p>&nbsp; &nbsp; <\/p>\n","protected":false},"author":2,"featured_media":253931,"comment_status":"open","ping_status":"open","sticky":false,"template":"","format":"gallery","meta":{"footnotes":""},"categories":[118,107,108],"tags":[],"jetpack_featured_media_url":"https:\/\/zakrasnejsivimperk.cz\/wp-content\/uploads\/2022\/05\/10\/r\u00e1me\u010dek-den-1005.jpg","_links":{"self":[{"href":"https:\/\/zakrasnejsivimperk.cz\/index.php?rest_route=\/wp\/v2\/posts\/253912"}],"collection":[{"href":"https:\/\/zakrasnejsivimperk.cz\/index.php?rest_route=\/wp\/v2\/posts"}],"about":[{"href":"https:\/\/zakrasnejsivimperk.cz\/index.php?rest_route=\/wp\/v2\/types\/post"}],"author":[{"embeddable":true,"href":"https:\/\/zakrasnejsivimperk.cz\/index.php?rest_route=\/wp\/v2\/users\/2"}],"replies":[{"embeddable":true,"href":"https:\/\/zakrasnejsivimperk.cz\/index.php?rest_route=%2Fwp%2Fv2%2Fcomments&post=253912"}],"version-history":[{"count":1,"href":"https:\/\/zakrasnejsivimperk.cz\/index.php?rest_route=\/wp\/v2\/posts\/253912\/revisions"}],"predecessor-version":[{"id":253930,"href":"https:\/\/zakrasnejsivimperk.cz\/index.php?rest_route=\/wp\/v2\/posts\/253912\/revisions\/253930"}],"wp:featuredmedia":[{"embeddable":true,"href":"https:\/\/zakrasnejsivimperk.cz\/index.php?rest_route=\/wp\/v2\/media\/253931"}],"wp:attachment":[{"href":"https:\/\/zakrasnejsivimperk.cz\/index.php?rest_route=%2Fwp%2Fv2%2Fmedia&parent=253912"}],"wp:term":[{"taxonomy":"category","embeddable":true,"href":"https:\/\/zakrasnejsivimperk.cz\/index.php?rest_route=%2Fwp%2Fv2%2Fcategories&post=253912"},{"taxonomy":"post_tag","embeddable":true,"href":"https:\/\/zakrasnejsivimperk.cz\/index.php?rest_route=%2Fwp%2Fv2%2Ftags&post=253912"}],"curies":[{"name":"wp","href":"https:\/\/api.w.org\/{rel}","templated":true}]}}