{"id":253814,"date":"2022-05-08T10:43:38","date_gmt":"2022-05-08T09:43:38","guid":{"rendered":"https:\/\/zakrasnejsivimperk.cz\/?p=253814"},"modified":"2022-05-09T17:18:47","modified_gmt":"2022-05-09T16:18:47","slug":"nase-mesto-vimperk-jaro-na-okraji-mestskeho-parku","status":"publish","type":"post","link":"https:\/\/zakrasnejsivimperk.cz\/?p=253814","title":{"rendered":"NA\u0160E M\u011aSTO VIMPERK: Jaro na okraji m\u011bstsk\u00e9ho parku"},"content":{"rendered":"<figure id=\"attachment_253811\" aria-describedby=\"caption-attachment-253811\" style=\"width: 903px\" class=\"wp-caption aligncenter\"><img loading=\"lazy\" decoding=\"async\" class=\"wp-image-253811 size-full\" src=\"https:\/\/zakrasnejsivimperk.cz\/wp-content\/uploads\/2022\/05\/08\/vpk-jaro-270422-7-1.jpg\" alt=\"\" width=\"903\" height=\"1100\" srcset=\"https:\/\/zakrasnejsivimperk.cz\/wp-content\/uploads\/2022\/05\/08\/vpk-jaro-270422-7-1.jpg 903w, https:\/\/zakrasnejsivimperk.cz\/wp-content\/uploads\/2022\/05\/08\/vpk-jaro-270422-7-1-246x300.jpg 246w, https:\/\/zakrasnejsivimperk.cz\/wp-content\/uploads\/2022\/05\/08\/vpk-jaro-270422-7-1-768x936.jpg 768w, https:\/\/zakrasnejsivimperk.cz\/wp-content\/uploads\/2022\/05\/08\/vpk-jaro-270422-7-1-841x1024.jpg 841w, https:\/\/zakrasnejsivimperk.cz\/wp-content\/uploads\/2022\/05\/08\/vpk-jaro-270422-7-1-293x357.jpg 293w, https:\/\/zakrasnejsivimperk.cz\/wp-content\/uploads\/2022\/05\/08\/vpk-jaro-270422-7-1-396x483.jpg 396w\" sizes=\"(max-width: 903px) 100vw, 903px\" \/><figcaption id=\"caption-attachment-253811\" class=\"wp-caption-text\">Foto: (red) &#8211; Za kr\u00e1sn\u011bj\u0161\u00ed Vimperk<\/figcaption><\/figure>\n<hr \/>\n<p>&nbsp;<\/p>\n<p>&nbsp;<\/p>\n","protected":false},"excerpt":{"rendered":"<p>&nbsp; &nbsp;<\/p>\n","protected":false},"author":2,"featured_media":253811,"comment_status":"open","ping_status":"open","sticky":false,"template":"","format":"gallery","meta":{"footnotes":""},"categories":[171],"tags":[],"jetpack_featured_media_url":"https:\/\/zakrasnejsivimperk.cz\/wp-content\/uploads\/2022\/05\/08\/vpk-jaro-270422-7-1.jpg","_links":{"self":[{"href":"https:\/\/zakrasnejsivimperk.cz\/index.php?rest_route=\/wp\/v2\/posts\/253814"}],"collection":[{"href":"https:\/\/zakrasnejsivimperk.cz\/index.php?rest_route=\/wp\/v2\/posts"}],"about":[{"href":"https:\/\/zakrasnejsivimperk.cz\/index.php?rest_route=\/wp\/v2\/types\/post"}],"author":[{"embeddable":true,"href":"https:\/\/zakrasnejsivimperk.cz\/index.php?rest_route=\/wp\/v2\/users\/2"}],"replies":[{"embeddable":true,"href":"https:\/\/zakrasnejsivimperk.cz\/index.php?rest_route=%2Fwp%2Fv2%2Fcomments&post=253814"}],"version-history":[{"count":1,"href":"https:\/\/zakrasnejsivimperk.cz\/index.php?rest_route=\/wp\/v2\/posts\/253814\/revisions"}],"predecessor-version":[{"id":253816,"href":"https:\/\/zakrasnejsivimperk.cz\/index.php?rest_route=\/wp\/v2\/posts\/253814\/revisions\/253816"}],"wp:featuredmedia":[{"embeddable":true,"href":"https:\/\/zakrasnejsivimperk.cz\/index.php?rest_route=\/wp\/v2\/media\/253811"}],"wp:attachment":[{"href":"https:\/\/zakrasnejsivimperk.cz\/index.php?rest_route=%2Fwp%2Fv2%2Fmedia&parent=253814"}],"wp:term":[{"taxonomy":"category","embeddable":true,"href":"https:\/\/zakrasnejsivimperk.cz\/index.php?rest_route=%2Fwp%2Fv2%2Fcategories&post=253814"},{"taxonomy":"post_tag","embeddable":true,"href":"https:\/\/zakrasnejsivimperk.cz\/index.php?rest_route=%2Fwp%2Fv2%2Ftags&post=253814"}],"curies":[{"name":"wp","href":"https:\/\/api.w.org\/{rel}","templated":true}]}}