{"id":251454,"date":"2022-04-13T10:48:53","date_gmt":"2022-04-13T09:48:53","guid":{"rendered":"https:\/\/zakrasnejsivimperk.cz\/?p=251454"},"modified":"2022-04-20T13:15:22","modified_gmt":"2022-04-20T12:15:22","slug":"nase-mesto-vimperk-castecna-uzavirka-silnice","status":"publish","type":"post","link":"https:\/\/zakrasnejsivimperk.cz\/?p=251454","title":{"rendered":"NA\u0160E M\u011aSTO VIMPERK: \u010c\u00e1ste\u010dn\u00e1 uzav\u00edrka silnice II\/145 &#8211; ulice \u0160pidrova ve dnech 19. &#8211; 21. dubna"},"content":{"rendered":"<p><img loading=\"lazy\" decoding=\"async\" class=\"aligncenter wp-image-251455\" src=\"https:\/\/zakrasnejsivimperk.cz\/wp-content\/uploads\/2022\/04\/08\/r\u00e1me\u010dek-\u010d\u00e1ste\u010dn\u00e1-uzav\u00edrka-300x151.jpg\" alt=\"\" width=\"700\" height=\"351\" srcset=\"https:\/\/zakrasnejsivimperk.cz\/wp-content\/uploads\/2022\/04\/08\/r\u00e1me\u010dek-\u010d\u00e1ste\u010dn\u00e1-uzav\u00edrka-300x151.jpg 300w, https:\/\/zakrasnejsivimperk.cz\/wp-content\/uploads\/2022\/04\/08\/r\u00e1me\u010dek-\u010d\u00e1ste\u010dn\u00e1-uzav\u00edrka-768x385.jpg 768w, https:\/\/zakrasnejsivimperk.cz\/wp-content\/uploads\/2022\/04\/08\/r\u00e1me\u010dek-\u010d\u00e1ste\u010dn\u00e1-uzav\u00edrka-1024x514.jpg 1024w, https:\/\/zakrasnejsivimperk.cz\/wp-content\/uploads\/2022\/04\/08\/r\u00e1me\u010dek-\u010d\u00e1ste\u010dn\u00e1-uzav\u00edrka-711x357.jpg 711w, https:\/\/zakrasnejsivimperk.cz\/wp-content\/uploads\/2022\/04\/08\/r\u00e1me\u010dek-\u010d\u00e1ste\u010dn\u00e1-uzav\u00edrka-963x483.jpg 963w, https:\/\/zakrasnejsivimperk.cz\/wp-content\/uploads\/2022\/04\/08\/r\u00e1me\u010dek-\u010d\u00e1ste\u010dn\u00e1-uzav\u00edrka.jpg 1100w\" sizes=\"(max-width: 700px) 100vw, 700px\" \/><\/p>\n<p>&nbsp;<\/p>\n<h6>Ve dnech 19. &#8211; 21. dubna bude \u010d\u00e1ste\u010dn\u011b uzav\u0159ena\u00a0silnice II\/145 &#8211; ulice \u0160pidrova, Vimperk &#8211; SO 102 &#8211; II\/145 v km 44,200-44,400.<\/h6>\n<h6>D\u016fvodem uzav\u00edrky je oprava povrchu vozovky.<\/h6>\n<h6><strong>Zdroj: M\u011aSTO VIMPERK<\/strong><\/h6>\n<p>&nbsp;<\/p>\n<p><strong>(red) &#8211; Za kr\u00e1sn\u011bj\u0161\u00ed Vimperk<\/strong><\/p>\n<p>&nbsp;<\/p>\n<p><img loading=\"lazy\" decoding=\"async\" class=\"aligncenter wp-image-251456\" src=\"https:\/\/zakrasnejsivimperk.cz\/wp-content\/uploads\/2022\/04\/08\/mapa-vpk-\u0161pidrova-300x264.jpg\" alt=\"\" width=\"1100\" height=\"969\" srcset=\"https:\/\/zakrasnejsivimperk.cz\/wp-content\/uploads\/2022\/04\/08\/mapa-vpk-\u0161pidrova-300x264.jpg 300w, https:\/\/zakrasnejsivimperk.cz\/wp-content\/uploads\/2022\/04\/08\/mapa-vpk-\u0161pidrova-768x676.jpg 768w, https:\/\/zakrasnejsivimperk.cz\/wp-content\/uploads\/2022\/04\/08\/mapa-vpk-\u0161pidrova-405x357.jpg 405w, https:\/\/zakrasnejsivimperk.cz\/wp-content\/uploads\/2022\/04\/08\/mapa-vpk-\u0161pidrova-548x483.jpg 548w, https:\/\/zakrasnejsivimperk.cz\/wp-content\/uploads\/2022\/04\/08\/mapa-vpk-\u0161pidrova.jpg 780w\" sizes=\"(max-width: 1100px) 100vw, 1100px\" \/><\/p>\n<p>&nbsp;<\/p>\n<hr \/>\n<p>&nbsp;<\/p>\n<p>&nbsp;<\/p>\n<p>&nbsp;<\/p>\n","protected":false},"excerpt":{"rendered":"<p>&nbsp; Ve <\/p>\n","protected":false},"author":2,"featured_media":251455,"comment_status":"open","ping_status":"open","sticky":false,"template":"","format":"gallery","meta":{"footnotes":""},"categories":[115],"tags":[],"jetpack_featured_media_url":"https:\/\/zakrasnejsivimperk.cz\/wp-content\/uploads\/2022\/04\/08\/r\u00e1me\u010dek-\u010d\u00e1ste\u010dn\u00e1-uzav\u00edrka.jpg","_links":{"self":[{"href":"https:\/\/zakrasnejsivimperk.cz\/index.php?rest_route=\/wp\/v2\/posts\/251454"}],"collection":[{"href":"https:\/\/zakrasnejsivimperk.cz\/index.php?rest_route=\/wp\/v2\/posts"}],"about":[{"href":"https:\/\/zakrasnejsivimperk.cz\/index.php?rest_route=\/wp\/v2\/types\/post"}],"author":[{"embeddable":true,"href":"https:\/\/zakrasnejsivimperk.cz\/index.php?rest_route=\/wp\/v2\/users\/2"}],"replies":[{"embeddable":true,"href":"https:\/\/zakrasnejsivimperk.cz\/index.php?rest_route=%2Fwp%2Fv2%2Fcomments&post=251454"}],"version-history":[{"count":10,"href":"https:\/\/zakrasnejsivimperk.cz\/index.php?rest_route=\/wp\/v2\/posts\/251454\/revisions"}],"predecessor-version":[{"id":252124,"href":"https:\/\/zakrasnejsivimperk.cz\/index.php?rest_route=\/wp\/v2\/posts\/251454\/revisions\/252124"}],"wp:featuredmedia":[{"embeddable":true,"href":"https:\/\/zakrasnejsivimperk.cz\/index.php?rest_route=\/wp\/v2\/media\/251455"}],"wp:attachment":[{"href":"https:\/\/zakrasnejsivimperk.cz\/index.php?rest_route=%2Fwp%2Fv2%2Fmedia&parent=251454"}],"wp:term":[{"taxonomy":"category","embeddable":true,"href":"https:\/\/zakrasnejsivimperk.cz\/index.php?rest_route=%2Fwp%2Fv2%2Fcategories&post=251454"},{"taxonomy":"post_tag","embeddable":true,"href":"https:\/\/zakrasnejsivimperk.cz\/index.php?rest_route=%2Fwp%2Fv2%2Ftags&post=251454"}],"curies":[{"name":"wp","href":"https:\/\/api.w.org\/{rel}","templated":true}]}}