{"id":250942,"date":"2022-04-02T18:10:52","date_gmt":"2022-04-02T17:10:52","guid":{"rendered":"http:\/\/zakrasnejsivimperk.cz\/?p=250942"},"modified":"2022-04-02T18:10:52","modified_gmt":"2022-04-02T17:10:52","slug":"nase-mesto-vimperk-pod-snehem-4","status":"publish","type":"post","link":"https:\/\/zakrasnejsivimperk.cz\/?p=250942","title":{"rendered":"NA\u0160E M\u011aSTO VIMPERK: Pod sn\u011bhem"},"content":{"rendered":"<figure id=\"attachment_250934\" aria-describedby=\"caption-attachment-250934\" style=\"width: 934px\" class=\"wp-caption aligncenter\"><img loading=\"lazy\" decoding=\"async\" class=\"wp-image-250934 size-full\" src=\"http:\/\/zakrasnejsivimperk.cz\/wp-content\/uploads\/2022\/04\/02\/vimperk-pod-sn\u011bhem-zima-8.jpg\" alt=\"\" width=\"934\" height=\"1100\" srcset=\"https:\/\/zakrasnejsivimperk.cz\/wp-content\/uploads\/2022\/04\/02\/vimperk-pod-sn\u011bhem-zima-8.jpg 934w, https:\/\/zakrasnejsivimperk.cz\/wp-content\/uploads\/2022\/04\/02\/vimperk-pod-sn\u011bhem-zima-8-255x300.jpg 255w, https:\/\/zakrasnejsivimperk.cz\/wp-content\/uploads\/2022\/04\/02\/vimperk-pod-sn\u011bhem-zima-8-768x904.jpg 768w, https:\/\/zakrasnejsivimperk.cz\/wp-content\/uploads\/2022\/04\/02\/vimperk-pod-sn\u011bhem-zima-8-869x1024.jpg 869w, https:\/\/zakrasnejsivimperk.cz\/wp-content\/uploads\/2022\/04\/02\/vimperk-pod-sn\u011bhem-zima-8-303x357.jpg 303w, https:\/\/zakrasnejsivimperk.cz\/wp-content\/uploads\/2022\/04\/02\/vimperk-pod-sn\u011bhem-zima-8-410x483.jpg 410w\" sizes=\"(max-width: 934px) 100vw, 934px\" \/><figcaption id=\"caption-attachment-250934\" class=\"wp-caption-text\">Foto: (red) &#8211; Za kr\u00e1sn\u011bj\u0161\u00ed Vimperk<\/figcaption><\/figure>\n<hr \/>\n<p>&nbsp;<\/p>\n<p>&nbsp;<\/p>\n<p>&nbsp;<\/p>\n","protected":false},"excerpt":{"rendered":"<p>&nbsp; &nbsp; <\/p>\n","protected":false},"author":2,"featured_media":250934,"comment_status":"open","ping_status":"open","sticky":false,"template":"","format":"gallery","meta":{"footnotes":""},"categories":[171],"tags":[],"jetpack_featured_media_url":"https:\/\/zakrasnejsivimperk.cz\/wp-content\/uploads\/2022\/04\/02\/vimperk-pod-sn\u011bhem-zima-8.jpg","_links":{"self":[{"href":"https:\/\/zakrasnejsivimperk.cz\/index.php?rest_route=\/wp\/v2\/posts\/250942"}],"collection":[{"href":"https:\/\/zakrasnejsivimperk.cz\/index.php?rest_route=\/wp\/v2\/posts"}],"about":[{"href":"https:\/\/zakrasnejsivimperk.cz\/index.php?rest_route=\/wp\/v2\/types\/post"}],"author":[{"embeddable":true,"href":"https:\/\/zakrasnejsivimperk.cz\/index.php?rest_route=\/wp\/v2\/users\/2"}],"replies":[{"embeddable":true,"href":"https:\/\/zakrasnejsivimperk.cz\/index.php?rest_route=%2Fwp%2Fv2%2Fcomments&post=250942"}],"version-history":[{"count":1,"href":"https:\/\/zakrasnejsivimperk.cz\/index.php?rest_route=\/wp\/v2\/posts\/250942\/revisions"}],"predecessor-version":[{"id":250943,"href":"https:\/\/zakrasnejsivimperk.cz\/index.php?rest_route=\/wp\/v2\/posts\/250942\/revisions\/250943"}],"wp:featuredmedia":[{"embeddable":true,"href":"https:\/\/zakrasnejsivimperk.cz\/index.php?rest_route=\/wp\/v2\/media\/250934"}],"wp:attachment":[{"href":"https:\/\/zakrasnejsivimperk.cz\/index.php?rest_route=%2Fwp%2Fv2%2Fmedia&parent=250942"}],"wp:term":[{"taxonomy":"category","embeddable":true,"href":"https:\/\/zakrasnejsivimperk.cz\/index.php?rest_route=%2Fwp%2Fv2%2Fcategories&post=250942"},{"taxonomy":"post_tag","embeddable":true,"href":"https:\/\/zakrasnejsivimperk.cz\/index.php?rest_route=%2Fwp%2Fv2%2Ftags&post=250942"}],"curies":[{"name":"wp","href":"https:\/\/api.w.org\/{rel}","templated":true}]}}