{"id":249746,"date":"2022-03-18T13:23:10","date_gmt":"2022-03-18T12:23:10","guid":{"rendered":"http:\/\/zakrasnejsivimperk.cz\/?p=249746"},"modified":"2022-03-21T14:20:04","modified_gmt":"2022-03-21T13:20:04","slug":"nase-mesto-vimperk-podzamci-s-cernou-zameckou-branou","status":"publish","type":"post","link":"https:\/\/zakrasnejsivimperk.cz\/?p=249746","title":{"rendered":"NA\u0160E M\u011aSTO VIMPERK: Podz\u00e1m\u010d\u00ed s \u010cernou (z\u00e1meckou) br\u00e1nou"},"content":{"rendered":"<figure id=\"attachment_249750\" aria-describedby=\"caption-attachment-249750\" style=\"width: 825px\" class=\"wp-caption aligncenter\"><img loading=\"lazy\" decoding=\"async\" class=\"wp-image-249750 size-full\" src=\"http:\/\/zakrasnejsivimperk.cz\/wp-content\/uploads\/2022\/03\/18\/vpk-\u010dern\u00e1-br\u00e1na.jpg\" alt=\"\" width=\"825\" height=\"1100\" srcset=\"https:\/\/zakrasnejsivimperk.cz\/wp-content\/uploads\/2022\/03\/18\/vpk-\u010dern\u00e1-br\u00e1na.jpg 825w, https:\/\/zakrasnejsivimperk.cz\/wp-content\/uploads\/2022\/03\/18\/vpk-\u010dern\u00e1-br\u00e1na-225x300.jpg 225w, https:\/\/zakrasnejsivimperk.cz\/wp-content\/uploads\/2022\/03\/18\/vpk-\u010dern\u00e1-br\u00e1na-768x1024.jpg 768w, https:\/\/zakrasnejsivimperk.cz\/wp-content\/uploads\/2022\/03\/18\/vpk-\u010dern\u00e1-br\u00e1na-268x357.jpg 268w, https:\/\/zakrasnejsivimperk.cz\/wp-content\/uploads\/2022\/03\/18\/vpk-\u010dern\u00e1-br\u00e1na-362x483.jpg 362w\" sizes=\"(max-width: 825px) 100vw, 825px\" \/><figcaption id=\"caption-attachment-249750\" class=\"wp-caption-text\">Foto: (red) &#8211; Za kr\u00e1sn\u011bj\u0161\u00ed Vimperk<\/figcaption><\/figure>\n<p>&nbsp;<\/p>\n<hr \/>\n<p>&nbsp;<\/p>\n<p>&nbsp;<\/p>\n<p>&nbsp;<\/p>\n","protected":false},"excerpt":{"rendered":"<p>&nbsp; &nbsp; <\/p>\n","protected":false},"author":2,"featured_media":249750,"comment_status":"open","ping_status":"open","sticky":false,"template":"","format":"gallery","meta":{"footnotes":""},"categories":[171],"tags":[],"jetpack_featured_media_url":"https:\/\/zakrasnejsivimperk.cz\/wp-content\/uploads\/2022\/03\/18\/vpk-\u010dern\u00e1-br\u00e1na.jpg","_links":{"self":[{"href":"https:\/\/zakrasnejsivimperk.cz\/index.php?rest_route=\/wp\/v2\/posts\/249746"}],"collection":[{"href":"https:\/\/zakrasnejsivimperk.cz\/index.php?rest_route=\/wp\/v2\/posts"}],"about":[{"href":"https:\/\/zakrasnejsivimperk.cz\/index.php?rest_route=\/wp\/v2\/types\/post"}],"author":[{"embeddable":true,"href":"https:\/\/zakrasnejsivimperk.cz\/index.php?rest_route=\/wp\/v2\/users\/2"}],"replies":[{"embeddable":true,"href":"https:\/\/zakrasnejsivimperk.cz\/index.php?rest_route=%2Fwp%2Fv2%2Fcomments&post=249746"}],"version-history":[{"count":1,"href":"https:\/\/zakrasnejsivimperk.cz\/index.php?rest_route=\/wp\/v2\/posts\/249746\/revisions"}],"predecessor-version":[{"id":249751,"href":"https:\/\/zakrasnejsivimperk.cz\/index.php?rest_route=\/wp\/v2\/posts\/249746\/revisions\/249751"}],"wp:featuredmedia":[{"embeddable":true,"href":"https:\/\/zakrasnejsivimperk.cz\/index.php?rest_route=\/wp\/v2\/media\/249750"}],"wp:attachment":[{"href":"https:\/\/zakrasnejsivimperk.cz\/index.php?rest_route=%2Fwp%2Fv2%2Fmedia&parent=249746"}],"wp:term":[{"taxonomy":"category","embeddable":true,"href":"https:\/\/zakrasnejsivimperk.cz\/index.php?rest_route=%2Fwp%2Fv2%2Fcategories&post=249746"},{"taxonomy":"post_tag","embeddable":true,"href":"https:\/\/zakrasnejsivimperk.cz\/index.php?rest_route=%2Fwp%2Fv2%2Ftags&post=249746"}],"curies":[{"name":"wp","href":"https:\/\/api.w.org\/{rel}","templated":true}]}}