{"id":249143,"date":"2025-06-28T20:03:03","date_gmt":"2025-06-28T19:03:03","guid":{"rendered":"http:\/\/zakrasnejsivimperk.cz\/?p=249143"},"modified":"2025-07-05T21:39:54","modified_gmt":"2025-07-05T20:39:54","slug":"stara-sumava-a-posumavi-husinec-u-prachatic","status":"publish","type":"post","link":"https:\/\/zakrasnejsivimperk.cz\/?p=249143","title":{"rendered":"STAR\u00c1 \u0160UMAVA A PO\u0160UMAV\u00cd: Husinec u Prachatic"},"content":{"rendered":"<h6><img loading=\"lazy\" decoding=\"async\" class=\"alignright wp-image-249144 size-full\" src=\"http:\/\/zakrasnejsivimperk.cz\/wp-content\/uploads\/2022\/03\/11\/O-HUSINCI-U-PRACHATIC.....jpg\" alt=\"\" width=\"525\" height=\"540\" srcset=\"https:\/\/zakrasnejsivimperk.cz\/wp-content\/uploads\/2022\/03\/11\/O-HUSINCI-U-PRACHATIC.....jpg 525w, https:\/\/zakrasnejsivimperk.cz\/wp-content\/uploads\/2022\/03\/11\/O-HUSINCI-U-PRACHATIC....-292x300.jpg 292w, https:\/\/zakrasnejsivimperk.cz\/wp-content\/uploads\/2022\/03\/11\/O-HUSINCI-U-PRACHATIC....-347x357.jpg 347w, https:\/\/zakrasnejsivimperk.cz\/wp-content\/uploads\/2022\/03\/11\/O-HUSINCI-U-PRACHATIC....-470x483.jpg 470w\" sizes=\"(max-width: 525px) 100vw, 525px\" \/>Krajina Jana z Husince<\/h6>\n<p><em> Projdi ji s o\u010dima otev\u0159en\u00fdma. D\u00edvej se pozorn\u011b do niter chodc\u016f, na tvrd\u00e9 boky skal a pochop\u00ed\u0161 s Anton\u00ednem Sovou, pro\u010d krajan\u00e9<\/em><br \/>\n<em>nemohli uv\u011b\u0159it po dlouh\u00e1, dlouh\u00e1 pozd\u011bj\u0161\u00ed l\u00e9ta,<\/em><br \/>\n<em>\u017ee p\u0159\u00edm\u00fd a siln\u00fd ten hoch s t\u00edm hrozn\u011b pravdiv\u00fdm hledem,<\/em><br \/>\n<em>jen\u017e s nimi tu kozy kdys p\u00e1s, ta um\u00edn\u011bn\u00e1 hlava<\/em><br \/>\n<em>se kac\u00ed\u0159em stal i svat\u00fdm, ba sv\u011bdom\u00edm cel\u00e9ho sv\u011bta,<\/em><br \/>\n<em>\u017ee na hranici p\u00e1len svou pravdu, jak v\u011b\u0159il a u\u010dil, kdys mohl zp\u00edvat,<\/em><br \/>\n<em>\u017ee proti v\u0161em st\u00e1l tu, biskup\u016fm, pape\u017ei, c\u00edsa\u0159i,<\/em><br \/>\n<em>z\u00e1\u0159 nebeskou v obli\u010deji sv\u00e9m bled\u00e9m,<\/em><br \/>\n<em>je\u017e po tomto sv\u011bt\u011b ji\u017e nez\u00e1\u0159\u00ed,<\/em><br \/>\n<em>\u017ee protivit moh se a p\u0159ece se s nebeskou svatost\u00ed na v\u0161e d\u00edvat&#8230; *<\/em><\/p>\n<h6>\u201eDle star\u00fdch kronik kn\u00ed\u017ee Boleslav I. roku 942 poslal do zdej\u0161\u00ed krajiny v\u0161echen poddan\u00fd lid, kter\u00fd necht\u011bl p\u0159ijmouti v\u00edru k\u0159es\u0165anskou, aby zde r\u00fd\u017eoval zlato, z n\u011bho\u017e si kn\u00ed\u017ee vym\u00ednil des\u00e1tek.\u201c<\/h6>\n<p>Prvn\u00ed p\u00edsemn\u00e1 zm\u00ednka o Husinci je z roku 1291, kdy je zmi\u0148ov\u00e1m jak\u00fdsi Jind\u0159ich Vok z Borku a Husince, jako zasedaj\u00edc\u00ed u zemsk\u00e9ho soudu. Dal\u0161\u00ed z roku 1359 ji\u017e zmi\u0148uje Husinec jako neopevn\u011bn\u00e9 m\u011bste\u010dko. Ve stejn\u00e9m roce je p\u0159ipom\u00edn\u00e1n i zdej\u0161\u00ed kostel. V 15. stolet\u00ed byl Husinec vesnic\u00ed a pat\u0159il Ro\u017emberk\u016fm, pozd\u011bji p\u0159e\u0161el do majetku vimpersk\u00e9ho panstv\u00ed a v 16. stolet\u00ed byl pov\u00fd\u0161en na m\u011bste\u010dko. V tomto obdob\u00ed zde vznikaly dobyt\u010d\u00ed trhy, kter\u00e9 se zaslou\u017eily o vznik m\u011bste\u010dka jako v\u00fdznamn\u00e9ho obchodn\u00edho st\u0159ediska.<\/p>\n<p>Rozvoj m\u011bsta v t\u00e9 dob\u011b souvisel s existenc\u00ed jedn\u00e9 z odbo\u010dek d\u016fle\u017eit\u00e9 obchodn\u00ed cesty \u2013 Zlat\u00e9 stezky. Po n\u00ed se dov\u00e1\u017eela na soumarech hlavn\u011b s\u016fl, ale tak\u00e9 drah\u00e1 sukna, hedv\u00e1b\u00ed, v\u00edno, mo\u0159sk\u00e9 ryby, ji\u017en\u00ed ovoce, z\u00e1mo\u0159sk\u00e9 ko\u0159en\u00ed, \u017eelezo a zbran\u011b. P\u0159i zp\u00e1te\u010dn\u00ed cest\u011b odv\u00e1\u017eeli souma\u0159i r\u016fzn\u00e9 druhy obil\u00ed, slad, chmel, pivo, proslulou prachatickou ko\u0159alku ( do 16.stolet\u00ed ), m\u00e1slo a dal\u0161\u00ed zem\u011bd\u011blsk\u00e9 produkty a \u0159emeslnick\u00e9 v\u00fdrobky. Nechyb\u011blo ani \u010desk\u00e9 sklo.<\/p>\n<p>Anna Marie, kn\u011b\u017ena z Eggenberka, husineck\u00fdm dne 22. b\u0159ezna 1655 vydala posledn\u00ed privilegia \u2013spojen\u00e1 panstv\u00ed Vimpersk\u00e9 a Drslavick\u00e9 p\u0159ipadla kn\u00ed\u017eec\u00ed rodin\u011b Schwarzenbersk\u00e9, pod jej\u00ed\u017e ochranou m\u011bstys Husinec setrval a\u017e do roku 1848, kdy c\u00edsa\u0159sk\u00fdm patentem od 7. z\u00e1\u0159\u00ed roku 1848 pr\u00e1vo poddansk\u00e9 a ochrann\u00e9 bylo vyzdvi\u017eeno a Husinec se stal samostatn\u00fdm m\u011bstysem.<\/p>\n<p>V 18. stolet\u00ed zde prosperovalo pun\u010doch\u00e1\u0159stv\u00ed, za\u010daly se vyr\u00e1b\u011bt nap\u0159\u00edklad fezy, kter\u00e9 byly exportov\u00e1ny do Egypta, Turecka nebo Indie. V Husinci na Prachaticku byla v roce 1865 z\u0159\u00edzena tov\u00e1rna na fezy v\u00edde\u0148sk\u00fdm podnikatelem Ign\u00e1cem Bondym. Tov\u00e1rna vznikla \u00fapravou tamn\u00edho b\u00fdval\u00e9ho ml\u00fdna \u010d.p. 111. Vyr\u00e1b\u011blo se zde vln\u011bn\u00e9 zbo\u017e\u00ed, tureck\u00e9 \u010dapky, kazajky, sukn\u011b a pun\u010dochy. To v\u0161e na 14 st\u00e1vc\u00edch. Prvn\u00ed rok provozu zam\u011bstn\u00e1val Bondy 35 zam\u011bstnanc\u016f. Po\u010det se ale v pr\u016fb\u011bhu let navy\u0161oval a t\u011bsn\u011b p\u0159ed rokem 1880, kdy byla tov\u00e1rna vybavena nov\u00fdmi stroji,dosahoval po\u010det zam\u011bstnan\u00fdch d\u011bln\u00edk\u016f p\u0159ibli\u017en\u011b 200. V roce 1895 Bondy zem\u0159el a jeho tov\u00e1rnu prodala vdova He\u0159manu Str\u00e1nsk\u00e9mu z P\u00edsku. Tov\u00e1rna zanikla v roce 1899 p\u0159i akcionov\u00e1n\u00ed fez\u00e1rensk\u00fdch podnik\u016f. Bondyho,respektive Str\u00e1nsk\u00e9ho podnik byl zakoupen v\u00edde\u0148skou bankou Credit-Anstalt. Hodnota firmy byla 240 000 korun.<\/p>\n<p>Obecn\u00ed p\u00edsa\u0159 Maty\u00e1\u0161 Gr\u00fcnwald ve sv\u00e9m pojedn\u00e1n\u00ed o Husinci v roce 1868 p\u00ed\u0161e je\u0161t\u011b o jedn\u00e9 ud\u00e1losti. \u201eVejrov, vesni\u010dka s Husincem tak\u0159ka spl\u00fdvaj\u00edc\u00ed, \u010d\u00edt\u00e1 28 dom\u016f. Zde sd\u00edleli snad n\u011bkdy p\u00e1ni z Vejrova. \u017d\u00e1k Ond\u0159ej z Vejrova, n\u011bkdy zvon\u00edk kostela Prachatick\u00e9ho, \u017ee se byl z\u00fa\u010dastnil ka\u017een\u00ed obrazu, byl od Prachatick\u00fdch v dubnu roku 1420 se dv\u011bma soudruhy up\u00e1len. Na\u010de\u017e Jan \u017di\u017eka za \u010din tento, pro kter\u00fd P\u00edse\u010dt\u00ed si st\u011b\u017eovali, na Prachatic\u00edch stra\u0161n\u011b se pomstil.\u201c<\/p>\n<p>&nbsp;<\/p>\n<p><strong>Zdroj:<\/strong> Pam\u011btn\u00ed kniha m\u011bsta Husince (1665) 1686-1935, Zem\u011b zamy\u0161len\u00e1 Ladislav Stehl\u00edk<\/p>\n<p><strong>P\u0159ipravuje: Miroslav K\u016eS ANDRES<\/strong><\/p>\n<p><strong>Foto: archiv autora<\/strong><\/p>\n<hr \/>\n<p>&nbsp;<\/p>\n","protected":false},"excerpt":{"rendered":"<p>Krajina Jana <\/p>\n","protected":false},"author":2,"featured_media":349939,"comment_status":"open","ping_status":"open","sticky":false,"template":"","format":"gallery","meta":{"footnotes":""},"categories":[111],"tags":[],"jetpack_featured_media_url":"https:\/\/zakrasnejsivimperk.cz\/wp-content\/uploads\/2025\/06\/28\/ram-husinec-u-prachatic.jpg","_links":{"self":[{"href":"https:\/\/zakrasnejsivimperk.cz\/index.php?rest_route=\/wp\/v2\/posts\/249143"}],"collection":[{"href":"https:\/\/zakrasnejsivimperk.cz\/index.php?rest_route=\/wp\/v2\/posts"}],"about":[{"href":"https:\/\/zakrasnejsivimperk.cz\/index.php?rest_route=\/wp\/v2\/types\/post"}],"author":[{"embeddable":true,"href":"https:\/\/zakrasnejsivimperk.cz\/index.php?rest_route=\/wp\/v2\/users\/2"}],"replies":[{"embeddable":true,"href":"https:\/\/zakrasnejsivimperk.cz\/index.php?rest_route=%2Fwp%2Fv2%2Fcomments&post=249143"}],"version-history":[{"count":2,"href":"https:\/\/zakrasnejsivimperk.cz\/index.php?rest_route=\/wp\/v2\/posts\/249143\/revisions"}],"predecessor-version":[{"id":349938,"href":"https:\/\/zakrasnejsivimperk.cz\/index.php?rest_route=\/wp\/v2\/posts\/249143\/revisions\/349938"}],"wp:featuredmedia":[{"embeddable":true,"href":"https:\/\/zakrasnejsivimperk.cz\/index.php?rest_route=\/wp\/v2\/media\/349939"}],"wp:attachment":[{"href":"https:\/\/zakrasnejsivimperk.cz\/index.php?rest_route=%2Fwp%2Fv2%2Fmedia&parent=249143"}],"wp:term":[{"taxonomy":"category","embeddable":true,"href":"https:\/\/zakrasnejsivimperk.cz\/index.php?rest_route=%2Fwp%2Fv2%2Fcategories&post=249143"},{"taxonomy":"post_tag","embeddable":true,"href":"https:\/\/zakrasnejsivimperk.cz\/index.php?rest_route=%2Fwp%2Fv2%2Ftags&post=249143"}],"curies":[{"name":"wp","href":"https:\/\/api.w.org\/{rel}","templated":true}]}}