{"id":247537,"date":"2022-02-18T18:07:24","date_gmt":"2022-02-18T17:07:24","guid":{"rendered":"http:\/\/zakrasnejsivimperk.cz\/?p=247537"},"modified":"2022-02-21T13:46:06","modified_gmt":"2022-02-21T12:46:06","slug":"nase-mesto-vimperk-vzpominka-na-bilou-zimu-2","status":"publish","type":"post","link":"https:\/\/zakrasnejsivimperk.cz\/?p=247537","title":{"rendered":"NA\u0160E M\u011aSTO VIMPERK: Vzpom\u00ednka na b\u00edlou zimu"},"content":{"rendered":"<figure id=\"attachment_247535\" aria-describedby=\"caption-attachment-247535\" style=\"width: 825px\" class=\"wp-caption aligncenter\"><img loading=\"lazy\" decoding=\"async\" class=\"wp-image-247535 size-full\" src=\"http:\/\/zakrasnejsivimperk.cz\/wp-content\/uploads\/2022\/02\/18\/vpk-z\u00e1meck\u00e9-schody-a-cesta-070222-3.jpg\" alt=\"\" width=\"825\" height=\"1100\" srcset=\"https:\/\/zakrasnejsivimperk.cz\/wp-content\/uploads\/2022\/02\/18\/vpk-z\u00e1meck\u00e9-schody-a-cesta-070222-3.jpg 825w, https:\/\/zakrasnejsivimperk.cz\/wp-content\/uploads\/2022\/02\/18\/vpk-z\u00e1meck\u00e9-schody-a-cesta-070222-3-225x300.jpg 225w, https:\/\/zakrasnejsivimperk.cz\/wp-content\/uploads\/2022\/02\/18\/vpk-z\u00e1meck\u00e9-schody-a-cesta-070222-3-768x1024.jpg 768w, https:\/\/zakrasnejsivimperk.cz\/wp-content\/uploads\/2022\/02\/18\/vpk-z\u00e1meck\u00e9-schody-a-cesta-070222-3-268x357.jpg 268w, https:\/\/zakrasnejsivimperk.cz\/wp-content\/uploads\/2022\/02\/18\/vpk-z\u00e1meck\u00e9-schody-a-cesta-070222-3-362x483.jpg 362w\" sizes=\"(max-width: 825px) 100vw, 825px\" \/><figcaption id=\"caption-attachment-247535\" class=\"wp-caption-text\">Foto: (red) &#8211; Za kr\u00e1sn\u011bj\u0161\u00ed Vimperk<\/figcaption><\/figure>\n<p>&nbsp;<\/p>\n<p>&nbsp;<\/p>\n<p>&nbsp;<\/p>\n<p>&nbsp;<\/p>\n<p>&nbsp;<\/p>\n<p>&nbsp;<\/p>\n","protected":false},"excerpt":{"rendered":"<p>&nbsp; &nbsp; <\/p>\n","protected":false},"author":2,"featured_media":247535,"comment_status":"open","ping_status":"open","sticky":false,"template":"","format":"gallery","meta":{"footnotes":""},"categories":[171],"tags":[],"jetpack_featured_media_url":"https:\/\/zakrasnejsivimperk.cz\/wp-content\/uploads\/2022\/02\/18\/vpk-z\u00e1meck\u00e9-schody-a-cesta-070222-3.jpg","_links":{"self":[{"href":"https:\/\/zakrasnejsivimperk.cz\/index.php?rest_route=\/wp\/v2\/posts\/247537"}],"collection":[{"href":"https:\/\/zakrasnejsivimperk.cz\/index.php?rest_route=\/wp\/v2\/posts"}],"about":[{"href":"https:\/\/zakrasnejsivimperk.cz\/index.php?rest_route=\/wp\/v2\/types\/post"}],"author":[{"embeddable":true,"href":"https:\/\/zakrasnejsivimperk.cz\/index.php?rest_route=\/wp\/v2\/users\/2"}],"replies":[{"embeddable":true,"href":"https:\/\/zakrasnejsivimperk.cz\/index.php?rest_route=%2Fwp%2Fv2%2Fcomments&post=247537"}],"version-history":[{"count":1,"href":"https:\/\/zakrasnejsivimperk.cz\/index.php?rest_route=\/wp\/v2\/posts\/247537\/revisions"}],"predecessor-version":[{"id":247538,"href":"https:\/\/zakrasnejsivimperk.cz\/index.php?rest_route=\/wp\/v2\/posts\/247537\/revisions\/247538"}],"wp:featuredmedia":[{"embeddable":true,"href":"https:\/\/zakrasnejsivimperk.cz\/index.php?rest_route=\/wp\/v2\/media\/247535"}],"wp:attachment":[{"href":"https:\/\/zakrasnejsivimperk.cz\/index.php?rest_route=%2Fwp%2Fv2%2Fmedia&parent=247537"}],"wp:term":[{"taxonomy":"category","embeddable":true,"href":"https:\/\/zakrasnejsivimperk.cz\/index.php?rest_route=%2Fwp%2Fv2%2Fcategories&post=247537"},{"taxonomy":"post_tag","embeddable":true,"href":"https:\/\/zakrasnejsivimperk.cz\/index.php?rest_route=%2Fwp%2Fv2%2Ftags&post=247537"}],"curies":[{"name":"wp","href":"https:\/\/api.w.org\/{rel}","templated":true}]}}