{"id":244227,"date":"2022-01-07T14:59:45","date_gmt":"2022-01-07T13:59:45","guid":{"rendered":"http:\/\/zakrasnejsivimperk.cz\/?p=244227"},"modified":"2022-01-09T12:19:36","modified_gmt":"2022-01-09T11:19:36","slug":"to-je-nase-mesto-vimperk-ulicka-zlata-stezka-15","status":"publish","type":"post","link":"https:\/\/zakrasnejsivimperk.cz\/?p=244227","title":{"rendered":"TO JE NA\u0160E M\u011aSTO: Vimperk \u2013 uli\u010dka Zlat\u00e1 stezka"},"content":{"rendered":"<figure id=\"attachment_244228\" aria-describedby=\"caption-attachment-244228\" style=\"width: 825px\" class=\"wp-caption aligncenter\"><img loading=\"lazy\" decoding=\"async\" class=\"wp-image-244228 size-full\" src=\"http:\/\/zakrasnejsivimperk.cz\/wp-content\/uploads\/2022\/01\/06\/vpk-zlat\u00e1-stezka-sn\u00edh-cb.jpg\" alt=\"\" width=\"825\" height=\"950\" srcset=\"https:\/\/zakrasnejsivimperk.cz\/wp-content\/uploads\/2022\/01\/06\/vpk-zlat\u00e1-stezka-sn\u00edh-cb.jpg 825w, https:\/\/zakrasnejsivimperk.cz\/wp-content\/uploads\/2022\/01\/06\/vpk-zlat\u00e1-stezka-sn\u00edh-cb-261x300.jpg 261w, https:\/\/zakrasnejsivimperk.cz\/wp-content\/uploads\/2022\/01\/06\/vpk-zlat\u00e1-stezka-sn\u00edh-cb-768x884.jpg 768w, https:\/\/zakrasnejsivimperk.cz\/wp-content\/uploads\/2022\/01\/06\/vpk-zlat\u00e1-stezka-sn\u00edh-cb-310x357.jpg 310w, https:\/\/zakrasnejsivimperk.cz\/wp-content\/uploads\/2022\/01\/06\/vpk-zlat\u00e1-stezka-sn\u00edh-cb-419x483.jpg 419w\" sizes=\"(max-width: 825px) 100vw, 825px\" \/><figcaption id=\"caption-attachment-244228\" class=\"wp-caption-text\">Foto: (red) &#8211; Za kr\u00e1sn\u011bj\u0161\u00ed Vimperk<\/figcaption><\/figure>\n<p>&nbsp;<\/p>\n<p>&nbsp;<\/p>\n<p>&nbsp;<\/p>\n<p>&nbsp;<\/p>\n<p>&nbsp;<\/p>\n<p>&nbsp;<\/p>\n","protected":false},"excerpt":{"rendered":"<p>&nbsp; &nbsp; <\/p>\n","protected":false},"author":2,"featured_media":244228,"comment_status":"open","ping_status":"open","sticky":false,"template":"","format":"gallery","meta":{"footnotes":""},"categories":[171],"tags":[],"jetpack_featured_media_url":"https:\/\/zakrasnejsivimperk.cz\/wp-content\/uploads\/2022\/01\/06\/vpk-zlat\u00e1-stezka-sn\u00edh-cb.jpg","_links":{"self":[{"href":"https:\/\/zakrasnejsivimperk.cz\/index.php?rest_route=\/wp\/v2\/posts\/244227"}],"collection":[{"href":"https:\/\/zakrasnejsivimperk.cz\/index.php?rest_route=\/wp\/v2\/posts"}],"about":[{"href":"https:\/\/zakrasnejsivimperk.cz\/index.php?rest_route=\/wp\/v2\/types\/post"}],"author":[{"embeddable":true,"href":"https:\/\/zakrasnejsivimperk.cz\/index.php?rest_route=\/wp\/v2\/users\/2"}],"replies":[{"embeddable":true,"href":"https:\/\/zakrasnejsivimperk.cz\/index.php?rest_route=%2Fwp%2Fv2%2Fcomments&post=244227"}],"version-history":[{"count":1,"href":"https:\/\/zakrasnejsivimperk.cz\/index.php?rest_route=\/wp\/v2\/posts\/244227\/revisions"}],"predecessor-version":[{"id":244229,"href":"https:\/\/zakrasnejsivimperk.cz\/index.php?rest_route=\/wp\/v2\/posts\/244227\/revisions\/244229"}],"wp:featuredmedia":[{"embeddable":true,"href":"https:\/\/zakrasnejsivimperk.cz\/index.php?rest_route=\/wp\/v2\/media\/244228"}],"wp:attachment":[{"href":"https:\/\/zakrasnejsivimperk.cz\/index.php?rest_route=%2Fwp%2Fv2%2Fmedia&parent=244227"}],"wp:term":[{"taxonomy":"category","embeddable":true,"href":"https:\/\/zakrasnejsivimperk.cz\/index.php?rest_route=%2Fwp%2Fv2%2Fcategories&post=244227"},{"taxonomy":"post_tag","embeddable":true,"href":"https:\/\/zakrasnejsivimperk.cz\/index.php?rest_route=%2Fwp%2Fv2%2Ftags&post=244227"}],"curies":[{"name":"wp","href":"https:\/\/api.w.org\/{rel}","templated":true}]}}