{"id":243869,"date":"2022-01-02T00:33:43","date_gmt":"2022-01-01T23:33:43","guid":{"rendered":"http:\/\/zakrasnejsivimperk.cz\/?p=243869"},"modified":"2022-01-03T13:20:31","modified_gmt":"2022-01-03T12:20:31","slug":"to-je-nase-mesto-vimperk-kostelni-ulice-5","status":"publish","type":"post","link":"https:\/\/zakrasnejsivimperk.cz\/?p=243869","title":{"rendered":"TO JE NA\u0160E M\u011aSTO: Vimperk &#8211; Kosteln\u00ed ulice"},"content":{"rendered":"<figure id=\"attachment_243870\" aria-describedby=\"caption-attachment-243870\" style=\"width: 852px\" class=\"wp-caption aligncenter\"><img loading=\"lazy\" decoding=\"async\" class=\"wp-image-243870 size-full\" src=\"http:\/\/zakrasnejsivimperk.cz\/wp-content\/uploads\/2022\/01\/02\/vimperk-1121-13-kosteln\u00ed.jpg\" alt=\"\" width=\"852\" height=\"1100\" srcset=\"https:\/\/zakrasnejsivimperk.cz\/wp-content\/uploads\/2022\/01\/02\/vimperk-1121-13-kosteln\u00ed.jpg 852w, https:\/\/zakrasnejsivimperk.cz\/wp-content\/uploads\/2022\/01\/02\/vimperk-1121-13-kosteln\u00ed-232x300.jpg 232w, https:\/\/zakrasnejsivimperk.cz\/wp-content\/uploads\/2022\/01\/02\/vimperk-1121-13-kosteln\u00ed-768x992.jpg 768w, https:\/\/zakrasnejsivimperk.cz\/wp-content\/uploads\/2022\/01\/02\/vimperk-1121-13-kosteln\u00ed-793x1024.jpg 793w, https:\/\/zakrasnejsivimperk.cz\/wp-content\/uploads\/2022\/01\/02\/vimperk-1121-13-kosteln\u00ed-277x357.jpg 277w, https:\/\/zakrasnejsivimperk.cz\/wp-content\/uploads\/2022\/01\/02\/vimperk-1121-13-kosteln\u00ed-374x483.jpg 374w\" sizes=\"(max-width: 852px) 100vw, 852px\" \/><figcaption id=\"caption-attachment-243870\" class=\"wp-caption-text\">Foto: (red) &#8211; Za kr\u00e1sn\u011bj\u0161\u00ed Vimperk<\/figcaption><\/figure>\n<p>&nbsp;<\/p>\n<p>&nbsp;<\/p>\n<p>&nbsp;<\/p>\n<p>&nbsp;<\/p>\n<p>&nbsp;<\/p>\n","protected":false},"excerpt":{"rendered":"<p>&nbsp; &nbsp; <\/p>\n","protected":false},"author":2,"featured_media":243870,"comment_status":"open","ping_status":"open","sticky":false,"template":"","format":"gallery","meta":{"footnotes":""},"categories":[171],"tags":[],"jetpack_featured_media_url":"https:\/\/zakrasnejsivimperk.cz\/wp-content\/uploads\/2022\/01\/02\/vimperk-1121-13-kosteln\u00ed.jpg","_links":{"self":[{"href":"https:\/\/zakrasnejsivimperk.cz\/index.php?rest_route=\/wp\/v2\/posts\/243869"}],"collection":[{"href":"https:\/\/zakrasnejsivimperk.cz\/index.php?rest_route=\/wp\/v2\/posts"}],"about":[{"href":"https:\/\/zakrasnejsivimperk.cz\/index.php?rest_route=\/wp\/v2\/types\/post"}],"author":[{"embeddable":true,"href":"https:\/\/zakrasnejsivimperk.cz\/index.php?rest_route=\/wp\/v2\/users\/2"}],"replies":[{"embeddable":true,"href":"https:\/\/zakrasnejsivimperk.cz\/index.php?rest_route=%2Fwp%2Fv2%2Fcomments&post=243869"}],"version-history":[{"count":1,"href":"https:\/\/zakrasnejsivimperk.cz\/index.php?rest_route=\/wp\/v2\/posts\/243869\/revisions"}],"predecessor-version":[{"id":243871,"href":"https:\/\/zakrasnejsivimperk.cz\/index.php?rest_route=\/wp\/v2\/posts\/243869\/revisions\/243871"}],"wp:featuredmedia":[{"embeddable":true,"href":"https:\/\/zakrasnejsivimperk.cz\/index.php?rest_route=\/wp\/v2\/media\/243870"}],"wp:attachment":[{"href":"https:\/\/zakrasnejsivimperk.cz\/index.php?rest_route=%2Fwp%2Fv2%2Fmedia&parent=243869"}],"wp:term":[{"taxonomy":"category","embeddable":true,"href":"https:\/\/zakrasnejsivimperk.cz\/index.php?rest_route=%2Fwp%2Fv2%2Fcategories&post=243869"},{"taxonomy":"post_tag","embeddable":true,"href":"https:\/\/zakrasnejsivimperk.cz\/index.php?rest_route=%2Fwp%2Fv2%2Ftags&post=243869"}],"curies":[{"name":"wp","href":"https:\/\/api.w.org\/{rel}","templated":true}]}}