{"id":237856,"date":"2025-05-06T20:36:07","date_gmt":"2025-05-06T19:36:07","guid":{"rendered":"http:\/\/zakrasnejsivimperk.cz\/?p=237856"},"modified":"2025-05-06T20:36:07","modified_gmt":"2025-05-06T19:36:07","slug":"stara-sumava-a-posumavi-zlate-casy-sklarstvi-v-lenore","status":"publish","type":"post","link":"https:\/\/zakrasnejsivimperk.cz\/?p=237856","title":{"rendered":"STAR\u00c1 \u0160UMAVA A PO\u0160UMAV\u00cd: Zlat\u00e9 \u010dasy skl\u00e1\u0159stv\u00ed v Leno\u0159e"},"content":{"rendered":"<p><img loading=\"lazy\" decoding=\"async\" class=\"aligncenter wp-image-237857 size-full\" src=\"http:\/\/zakrasnejsivimperk.cz\/wp-content\/uploads\/2021\/10\/12\/SKL\u00c1\u0158-WILHELM-KRALIK-A-ZLAT\u00c9-\u010cASY-SKL\u00c1\u0158STV\u00cd-V-LENO\u0158E-NA-\u0160UMAV\u011a..jpg\" alt=\"\" width=\"1100\" height=\"1098\" srcset=\"https:\/\/zakrasnejsivimperk.cz\/wp-content\/uploads\/2021\/10\/12\/SKL\u00c1\u0158-WILHELM-KRALIK-A-ZLAT\u00c9-\u010cASY-SKL\u00c1\u0158STV\u00cd-V-LENO\u0158E-NA-\u0160UMAV\u011a..jpg 1100w, https:\/\/zakrasnejsivimperk.cz\/wp-content\/uploads\/2021\/10\/12\/SKL\u00c1\u0158-WILHELM-KRALIK-A-ZLAT\u00c9-\u010cASY-SKL\u00c1\u0158STV\u00cd-V-LENO\u0158E-NA-\u0160UMAV\u011a.-150x150.jpg 150w, https:\/\/zakrasnejsivimperk.cz\/wp-content\/uploads\/2021\/10\/12\/SKL\u00c1\u0158-WILHELM-KRALIK-A-ZLAT\u00c9-\u010cASY-SKL\u00c1\u0158STV\u00cd-V-LENO\u0158E-NA-\u0160UMAV\u011a.-300x300.jpg 300w, https:\/\/zakrasnejsivimperk.cz\/wp-content\/uploads\/2021\/10\/12\/SKL\u00c1\u0158-WILHELM-KRALIK-A-ZLAT\u00c9-\u010cASY-SKL\u00c1\u0158STV\u00cd-V-LENO\u0158E-NA-\u0160UMAV\u011a.-768x767.jpg 768w, https:\/\/zakrasnejsivimperk.cz\/wp-content\/uploads\/2021\/10\/12\/SKL\u00c1\u0158-WILHELM-KRALIK-A-ZLAT\u00c9-\u010cASY-SKL\u00c1\u0158STV\u00cd-V-LENO\u0158E-NA-\u0160UMAV\u011a.-1024x1022.jpg 1024w, https:\/\/zakrasnejsivimperk.cz\/wp-content\/uploads\/2021\/10\/12\/SKL\u00c1\u0158-WILHELM-KRALIK-A-ZLAT\u00c9-\u010cASY-SKL\u00c1\u0158STV\u00cd-V-LENO\u0158E-NA-\u0160UMAV\u011a.-358x357.jpg 358w, https:\/\/zakrasnejsivimperk.cz\/wp-content\/uploads\/2021\/10\/12\/SKL\u00c1\u0158-WILHELM-KRALIK-A-ZLAT\u00c9-\u010cASY-SKL\u00c1\u0158STV\u00cd-V-LENO\u0158E-NA-\u0160UMAV\u011a.-484x483.jpg 484w, https:\/\/zakrasnejsivimperk.cz\/wp-content\/uploads\/2021\/10\/12\/SKL\u00c1\u0158-WILHELM-KRALIK-A-ZLAT\u00c9-\u010cASY-SKL\u00c1\u0158STV\u00cd-V-LENO\u0158E-NA-\u0160UMAV\u011a.-210x210.jpg 210w\" sizes=\"(max-width: 1100px) 100vw, 1100px\" \/><\/p>\n<p>&nbsp;<\/p>\n<h6>Pokud se v tematice skla p\u0159\u00edli\u0161 dob\u0159e neorientujete, m\u016f\u017eou v\u00e1m zn\u00edt slova jako Kralik nebo Lenora skoro jako \u0161ifry. Pro milovn\u00edky skla je ale jm\u00e9no Wilhelm Kralik a s n\u00edm spojen\u00e9 skvosty z lenorsk\u00e9 skl\u00e1rny znakem luxusu, kultivovanosti a elegantn\u00edho \u017eivotn\u00edho stylu. Jejich jemn\u00e1 kr\u00e1sa ani postupem \u010dasu neztr\u00e1c\u00ed na lesku.<\/h6>\n<p>Narodil se 17. prosince 1806 v Kaltenbachu, dne\u0161n\u00edch Nov\u00fdch Hut\u00edch a sklo bylo jemu doslova p\u0159edur\u010deno. Jeho otec, Wenzel Kralik, byl pu\u0161ka\u0159em, truhl\u00e1\u0159em a hostinsk\u00fdm v Kaltenbachu. Jeho matka, Theresie, roz. Hopfner, byla dcerou v\u00fdrobce zrcadel Wenzla Hopfnera a jeho choti Elisabeth, roz. Weisel, ze Stubenbachu( Pr\u00e1\u0161ily). Poch\u00e1zel z \u010desk\u00e9 rodiny, ale b\u011bhem doby splynul s n\u011bmeck\u00fdm prost\u0159ed\u00edm.<\/p>\n<p>Rodina Kralikova se t\u011b\u0161ila velk\u00e9 p\u0159\u00edzni Johanna Meyra a jeho \u017eeny Kathariny. Man\u017eel\u00e9 Meyrovi byli dokonce mal\u00e9mu Wilhelmovi za kmotra a kmotru a tak nen\u00ed nijak p\u0159ekvapuj\u00edc\u00ed, \u017ee jej pozd\u011bji Johann Meyr vzal k sob\u011b a poskytnul mu pat\u0159i\u010dn\u00e9 vzd\u011bl\u00e1n\u00ed, nebo\u0165 ji\u017e tehdy s n\u00edm po\u010d\u00edtal jako se sv\u00fdm n\u00e1stupcem. Kralik vystudoval na n\u00e1klady Meyra nejprve \u0161kolu ve Vimperku a n\u00e1sledovn\u011b ve V\u00eddni polytechnick\u00e9 u\u010den\u00ed a byl v tomto obdob\u00ed prakticky jedin\u00fdm absolventem t\u00e9to \u0161koly p\u016fsob\u00edc\u00edm v \u010desk\u00fdch skl\u00e1rn\u00e1ch. Po sv\u00e9m n\u00e1vratu z V\u00eddn\u011b v roce 1829 pak byl Kralik p\u0159ijat do huti Adolf a byl postupn\u011b zasv\u011bcen do v\u0161ech d\u016fle\u017eit\u00fdch v\u011bc\u00ed provozu hut\u011b. Po smrti Johanna Meyra se Wilhelm Kralik st\u00e1v\u00e1 spole\u010dn\u011b s Josefem Taschekem d\u011bdicem cel\u00e9ho skl\u00e1\u0159sk\u00e9ho komplexu vybudovan\u00e9ho Meyrem.<\/p>\n<p>Wilhelm Kralik se v roce 1831 o\u017eenil, jako 24-let\u00fd, s Annou Pinhak ( 24.2.1814 &#8211; 19.11.1850). Ta byla dcerou skl\u00e1\u0159sk\u00e9ho mistra Ferdinanda Pinhaka , kter\u00fd m\u011bl v t\u00e9 dob\u011b v n\u00e1jmu jednu hu\u0165 v Uhr\u00e1ch(Innocenzthal ma\u010farsky Drahosicza, komit\u00e1t Bars \/slovensky Tekov ) a Meyrovy sestry Anny Meyr, narozen\u00e9 v roce l789, kter\u00e1 byla nejobl\u00edben\u011bj\u0161\u00ed sestrou Johanna Meyra a byla tedy Meyrovou nete\u0159\u00ed. Wilhelm Kralik se tak stal kmot\u0159encem Johanna Meyra. Z tohoto man\u017eelstv\u00ed s Annou Pinhak vze\u0161lo 7 d\u011bt\u00ed(Ferdinanda, Johann, Wilhelm, Karl, Heinrich, Anna a Hugo). 19. listopadu 1850 Anna Pinhak um\u00edr\u00e1. Jej\u00ed ostatky jsou ulo\u017eeny v rodinn\u00e9 hrobce Kralik\u016f v Horn\u00ed Vltavici.<\/p>\n<p>Dne 10. b\u0159ezna 1862 zem\u0159el Josef Taschek ve Vimperku na &#8220;ochrnut\u00ed&#8221; plic, ve v\u011bku 48 let. Ve sv\u00e9 posledn\u00ed v\u016fli stanovil, aby jeho polovi\u010dn\u00ed pod\u00edl ve skl\u00e1rn\u00e1ch Lenora a Adolf p\u0159ipadnul jednomu z jeho dvou syn\u016f, a to Janovi nebo Josefovi, podle toho, kter\u00fd z nich by se cht\u011bl v\u011bnovat skl\u00e1\u0159stv\u00ed. Proto\u017ee v\u0161ak tomu ani u jednoho nebylo, za\u010dal Kralik dle smlouvy v z\u00e1\u0159\u00ed 1862 vypl\u00e1cet Taschek\u016fv pod\u00edl jeho d\u011btem a p\u0159ej\u00edm\u00e1 skl\u00e1rny Lenora, Adolf, Nov\u00e9 hut\u011b, Franti\u0161kov a Arno\u0161tov jako spole\u010dn\u00fd majetek do sv\u00e9ho vlastnictv\u00ed pod n\u00e1zvem: &#8221; Meyr\u00b4s Neffe &#8221; Celkov\u00fd d\u011bdick\u00fd pod\u00edl, kter\u00fd musel Kralik vyplatit \u010dinil 176 800 zlat\u00fdch. I p\u0159es ur\u010dit\u00e9 pot\u00ed\u017ee, kter\u00e9 s vypl\u00e1cen\u00edm d\u011bdick\u00fdch pod\u00edl\u016f Kralik m\u011bl, da\u0159ilo se mu celkem dob\u0159e Jeho rodina se st\u0159\u00eddav\u011b zdr\u017eovala v Adolfu a v Leno\u0159e, pozd\u011bji tak\u00e9 v Linci, kde se p\u0159\u00e1telsky st\u00fdkala s v\u00fdzna\u010dn\u00fdm krajanem a b\u00e1sn\u00edkem Adalbertem Stifterem. Pozd\u011bji kupuje Kralik i n\u011bkolik dom\u016f ve V\u00eddni.<\/p>\n<p>V kv\u011btnu 1852 se pak Wilhelm Kralik o\u017eenil podruh\u00e9 s Louisou Lobmeyr, kter\u00e1 byla sestrou Ludwiga Lobmeyra, v\u00fdznamn\u00e9ho obchodn\u00edka se sklem z V\u00eddn\u011b. Wilhelma Kralika a Ludwiga Lobmeyra v\u0161ak spojovalo p\u0159\u00e1telstv\u00ed a obchodn\u00ed z\u00e1jmy ji\u017e dlouho p\u0159ed t\u00edmto s\u0148atkem. Jejich spolupr\u00e1ce se v\u0161ak t\u00edmto rodinn\u00fdm svazkem prohloubila. Lobmeyr zaslal Kralikovy celou \u0159adu sv\u00fdch prvn\u00edch n\u00e1vrh\u016f neorenesan\u010dn\u00edch skel, kter\u00e9 v\u011bt\u0161inou poch\u00e1zely z d\u00edlny v\u00edde\u0148sk\u00e9ho architekta Theophila Hansena a \u010d\u00e1st t\u011bchto n\u00e1vrh\u016f Kralik skute\u010dn\u011b na sv\u00fdch skl\u00e1rn\u00e1ch realizoval. Wilhelm Kralik se od konce 60 let s\u00e1m p\u0159\u00edmo pod\u00edlel na \u0159e\u0161en\u00ed n\u011bkter\u00fdch technick\u00fdch ot\u00e1zek spojen\u00fdch s v\u00fdvojem neorenesan\u010dn\u00edch skel. Celkov\u011b je mo\u017eno toto obchodn\u00ed spojen\u00ed mezi Kralikem a Lobmeyrem hodnotit jako oboustrann\u011b mimo\u0159\u00e1dn\u011b \u00fasp\u011b\u0161n\u00e9, kter\u00e9 z\u00e1sadn\u00edm zp\u016fsobem ovlivnilo produkci Kralikov\u00fdch skl\u00e1ren a na mezin\u00e1rodn\u00edm poli p\u0159ineslo celou \u0159adu mimo\u0159\u00e1dn\u00fdch \u00fasp\u011bch\u016f. S Louisou Lobmeyr m\u011bl Kralik dal\u0161\u00ed 4 d\u011bti, ( Richard, Ludwig, Mathilde a Louise).<\/p>\n<p>Wilhelm Kralik m\u011bl rozhoduj\u00edc\u00ed pod\u00edl na rozvoji a rozmachu skl\u00e1\u0159stv\u00ed ve v\u0161ech sv\u00fdch skl\u00e1\u0159sk\u00fdch hut\u00edch. S\u00e1m dokonce vytvo\u0159il celou \u0159adu nov\u00fdch barevn\u00fdch odst\u00edn\u016f skla, z nich\u017e je nutno vyzdvihnout zvl\u00e1\u0161t\u011b irisov\u00e9 sklo. Irisov\u00e1n\u00ed (techniku vystaven\u00ed skla p\u016fsoben\u00edm kovov\u00fdch par) si Kralik nech\u00e1v\u00e1 v roce 1876 dokonce patentovat. Byl rovn\u011b\u017e u cel\u00e9 \u0159ady technick\u00fdch zlep\u0161en\u00ed provozu hut\u00ed jako nap\u0159. v roce 1873 v\u00fdstavby parn\u00ed brus\u00edrny ve skl\u00e1rn\u011b v Arno\u0161tov\u011b ( Ernstbrunn). Tato parn\u00ed brus\u00edrna, resp. parn\u00ed stroj m\u011bl v\u00fdkon 10 k.s.). Sou\u010dasn\u011b byla skl\u00e1rna Arno\u0161tov celkov\u011b p\u0159estav\u011bna a modernizov\u00e1na. Jeho \u017eivotn\u00edm kr\u00e9dem bylo: \u201cUd\u011blat se nech\u00e1 cokoliv, pouze je nejprve k tomu pot\u0159eba hledat prost\u0159edky a cesty, &#8211; ale ty se daj\u00ed nal\u00e9zt, pokud \u010dlov\u011bk opravdu chce\u201c.<\/p>\n<p>Wilhelm Kralik m\u011bl zcela z\u00e1sadn\u00ed pod\u00edl na novodob\u00e9m povznesen\u00ed \u010desk\u00e9ho skl\u00e1\u0159stv\u00ed, p\u0159edev\u0161\u00edm v obdob\u00ed v\u0161eobecn\u00e9ho hospod\u00e1\u0159sk\u00e9ho vzestupu habsbursk\u00e9 monarchie na p\u0159elomu \u0161edes\u00e1t\u00fdch a sedmdes\u00e1t\u00fdch let. Byl v\u011brn\u00fdm obrazem sv\u00e9ho kmotra a vychovatele Johanna Meyra, kter\u00e9ho si vzal za sv\u016fj vzor. Jm\u00e9no Kralik vzbuzovalo \u00factu a obdiv ve v\u0161ech odborn\u00fdch kruz\u00edch. Ke sklonku sv\u00e9ho \u017eivota m\u011bl Kralik v provozu 7 skl\u00e1\u0159sk\u00fdch hut\u00ed: Adolf, Leonorenhain, Ernstbrunn, Franzensthal, Kaltenbach, Idathal a Louisinu hu\u0165.<\/p>\n<p>Mimo\u0159\u00e1dn\u00e9 z\u00e1sluhy Wilhelma Kralika byly ocen\u011bny celou \u0159adou vyznamen\u00e1n\u00ed a \u0159\u00e1d\u016f. Kralik byl nositelem \u201eZlat\u00e9ho k\u0159\u00ed\u017ee za z\u00e1sluhy s korunou\u201c, \u201e \u0158\u00e1du Franti\u0161ka Josefa\u201c, \u201e\u0158\u00e1du \u017eelezn\u00e9 koruny III.stupn\u011b\u201c a rusk\u00e9ho \u201e \u0158\u00e1du svat\u00e9 Anny\u201c. N\u011bkolik dn\u016f p\u0159ed svou smrt\u00ed dostal Wilhelm Kralik sv\u00e9 posledn\u00ed a nejvy\u0161\u0161\u00ed vyznamen\u00e1n\u00ed: byl pov\u00fd\u0161en do rakousk\u00e9ho ryt\u00ed\u0159sk\u00e9ho stavu s \u0161lechtick\u00fdm predik\u00e1tem von Meyrswalden. Tento p\u0159\u00eddomek si vy\u017e\u00e1dal v c\u00edsa\u0159sk\u00e9 dvorn\u00ed kancel\u00e1\u0159i proto, aby vyj\u00e1d\u0159il sv\u00e9 d\u00edky Johannu Meyrovi. Ve sv\u00e9m znaku m\u011bl lva dr\u017e\u00edc\u00edho dvouuchou sklenku, nad n\u00edm dv\u011b pr\u016fmyslov\u00e1 ozuben\u00e1 kola zlat\u00e9 barvy na \u010dern\u00e9m podkladu.<br \/>\nWilhelm Kralik, Ritter von Meyrswalden, zem\u0159el brzy po tomto pov\u00fd\u0161en\u00ed: 9. kv\u011btna 1877 v Adolfu ve v\u011bku 71 let. \u010cinnost skl\u00e1rny byla po nezda\u0159en\u00e9 privatizaci ukon\u010dena v roce 1996.<\/p>\n<p>&nbsp;<\/p>\n<p><strong>Zdroj:<\/strong> Glass Revue \u0160TIESS, Bed\u0159ich: Ann\u00edn, publikov\u00e1no v: \u010casopis Spole\u010dnosti p\u0159\u00e1tel staro\u017eitnost\u00ed,ro\u010dn\u00edk LXII., Praha 1954, BLAU, Josef: Die Glasmacher in B\u00f6hmer- und Bayerwald in Volkskunde undKulturgeschichte I., Regensburg 1954<\/p>\n<p><strong>P\u0159ipravuje: Miroslav K\u016eS ANDRES<\/strong><\/p>\n<p><strong>Foto: archiv autora<\/strong><\/p>\n<hr \/>\n<p>&nbsp;<\/p>\n","protected":false},"excerpt":{"rendered":"<p>&nbsp; Pokud <\/p>\n","protected":false},"author":2,"featured_media":344917,"comment_status":"open","ping_status":"open","sticky":false,"template":"","format":"gallery","meta":{"footnotes":""},"categories":[111],"tags":[],"jetpack_featured_media_url":"https:\/\/zakrasnejsivimperk.cz\/wp-content\/uploads\/2025\/05\/06\/ram-zlate-casy.jpg","_links":{"self":[{"href":"https:\/\/zakrasnejsivimperk.cz\/index.php?rest_route=\/wp\/v2\/posts\/237856"}],"collection":[{"href":"https:\/\/zakrasnejsivimperk.cz\/index.php?rest_route=\/wp\/v2\/posts"}],"about":[{"href":"https:\/\/zakrasnejsivimperk.cz\/index.php?rest_route=\/wp\/v2\/types\/post"}],"author":[{"embeddable":true,"href":"https:\/\/zakrasnejsivimperk.cz\/index.php?rest_route=\/wp\/v2\/users\/2"}],"replies":[{"embeddable":true,"href":"https:\/\/zakrasnejsivimperk.cz\/index.php?rest_route=%2Fwp%2Fv2%2Fcomments&post=237856"}],"version-history":[{"count":2,"href":"https:\/\/zakrasnejsivimperk.cz\/index.php?rest_route=\/wp\/v2\/posts\/237856\/revisions"}],"predecessor-version":[{"id":344916,"href":"https:\/\/zakrasnejsivimperk.cz\/index.php?rest_route=\/wp\/v2\/posts\/237856\/revisions\/344916"}],"wp:featuredmedia":[{"embeddable":true,"href":"https:\/\/zakrasnejsivimperk.cz\/index.php?rest_route=\/wp\/v2\/media\/344917"}],"wp:attachment":[{"href":"https:\/\/zakrasnejsivimperk.cz\/index.php?rest_route=%2Fwp%2Fv2%2Fmedia&parent=237856"}],"wp:term":[{"taxonomy":"category","embeddable":true,"href":"https:\/\/zakrasnejsivimperk.cz\/index.php?rest_route=%2Fwp%2Fv2%2Fcategories&post=237856"},{"taxonomy":"post_tag","embeddable":true,"href":"https:\/\/zakrasnejsivimperk.cz\/index.php?rest_route=%2Fwp%2Fv2%2Ftags&post=237856"}],"curies":[{"name":"wp","href":"https:\/\/api.w.org\/{rel}","templated":true}]}}