{"id":237709,"date":"2025-04-21T22:39:08","date_gmt":"2025-04-21T21:39:08","guid":{"rendered":"http:\/\/zakrasnejsivimperk.cz\/?p=237709"},"modified":"2025-04-21T22:39:08","modified_gmt":"2025-04-21T21:39:08","slug":"stara-sumava-a-posumavi-obec-lenora","status":"publish","type":"post","link":"https:\/\/zakrasnejsivimperk.cz\/?p=237709","title":{"rendered":"STAR\u00c1 \u0160UMAVA A PO\u0160UMAV\u00cd: Obec Lenora"},"content":{"rendered":"<p><img loading=\"lazy\" decoding=\"async\" class=\"aligncenter wp-image-237710 size-full\" src=\"http:\/\/zakrasnejsivimperk.cz\/wp-content\/uploads\/2021\/10\/10\/LENORA-Eleonorenhain-NA-\u0160UMAV\u011a...jpg\" alt=\"\" width=\"1100\" height=\"1098\" srcset=\"https:\/\/zakrasnejsivimperk.cz\/wp-content\/uploads\/2021\/10\/10\/LENORA-Eleonorenhain-NA-\u0160UMAV\u011a...jpg 1100w, https:\/\/zakrasnejsivimperk.cz\/wp-content\/uploads\/2021\/10\/10\/LENORA-Eleonorenhain-NA-\u0160UMAV\u011a..-150x150.jpg 150w, https:\/\/zakrasnejsivimperk.cz\/wp-content\/uploads\/2021\/10\/10\/LENORA-Eleonorenhain-NA-\u0160UMAV\u011a..-300x300.jpg 300w, https:\/\/zakrasnejsivimperk.cz\/wp-content\/uploads\/2021\/10\/10\/LENORA-Eleonorenhain-NA-\u0160UMAV\u011a..-768x767.jpg 768w, https:\/\/zakrasnejsivimperk.cz\/wp-content\/uploads\/2021\/10\/10\/LENORA-Eleonorenhain-NA-\u0160UMAV\u011a..-1024x1022.jpg 1024w, https:\/\/zakrasnejsivimperk.cz\/wp-content\/uploads\/2021\/10\/10\/LENORA-Eleonorenhain-NA-\u0160UMAV\u011a..-358x357.jpg 358w, https:\/\/zakrasnejsivimperk.cz\/wp-content\/uploads\/2021\/10\/10\/LENORA-Eleonorenhain-NA-\u0160UMAV\u011a..-484x483.jpg 484w, https:\/\/zakrasnejsivimperk.cz\/wp-content\/uploads\/2021\/10\/10\/LENORA-Eleonorenhain-NA-\u0160UMAV\u011a..-210x210.jpg 210w\" sizes=\"(max-width: 1100px) 100vw, 1100px\" \/><\/p>\n<p>&nbsp;<\/p>\n<h6>Jiho\u010desk\u00e9 m\u011bste\u010dko s kr\u00e1sn\u00fdm jm\u00e9nem Lenora nedaleko Volar skr\u00fdv\u00e1 hned n\u011bkolik poklad\u016f. Najdete zde funk\u010dn\u00ed chlebovou pec, skl\u00e1\u0159sk\u00e9 muzeum i p\u016fvabn\u00fd z\u00e1me\u010dek a kousek odtud i rechli \u2013 p\u016fsobivou krytou d\u0159ev\u011bnou l\u00e1vku p\u0159es Teplou Vltavu, kter\u00e1 d\u0159\u00edve slou\u017eila k zadr\u017eov\u00e1n\u00ed plaven\u00e9ho d\u0159eva. Historie Lenory je velmi t\u011bsn\u011b spjata s histori\u00ed zdej\u0161\u00ed skl\u00e1rny. Skl\u00e1rna v Leno\u0159e byla zalo\u017een\u00e1 jako jedna z posledn\u00edch na \u0160umav\u011b. Je jedinou, kter\u00e1 m\u00e1 vlastn\u00ed hu\u0165. \u0160umava nab\u00edzela dobr\u00e9 podm\u00ednky pro zakl\u00e1d\u00e1n\u00ed skl\u00e1\u0159sk\u00fdch hut\u00ed, p\u0159edev\u0161\u00edm dostatkem d\u0159eva. Skl\u00e1\u0159sk\u00e1 v\u00fdroba se na \u0160umav\u011b uchytila ji\u017e ve 14. stolet\u00ed.<\/h6>\n<p>Lenorskou skl\u00e1rnu zalo\u017eil Jan Meyer v roce 1834, nejmlad\u0161\u00ed ze syn\u016f Josefa Meyera, kter\u00fd p\u0159evzal v roce 1829 skl\u00e1rnu ve Vimperku. Kdy\u017e nesta\u010dil pokr\u00fdt popt\u00e1vku po sv\u00e9m zbo\u017e\u00ed, za\u010dal p\u0159em\u00fd\u0161let o stavb\u011b nov\u00e9 skl\u00e1rny. Vybral pro ni m\u00edsto v z\u00e1to\u0148sk\u00e9m rev\u00edru pod Boub\u00ednem, na jihoz\u00e1padn\u00edm svahu lesa Pt\u00e1\u010dn\u00edk p\u0159i \u0159ece Vltav\u011b. Postaven\u00e1 skl\u00e1\u0159sk\u00e1 hu\u0165 byla pojmenov\u00e1na po Eleono\u0159e, man\u017eelce majitele panstv\u00ed Jana Adolfa Schwarzenberka, Eleonorenhaim, v \u010desk\u00e9m p\u0159ekladu znamen\u00e1 tento v\u00fdraz \u201eEleono\u0159in h\u00e1j\u201c. Pozd\u011bji vyl n\u00e1zev skl\u00e1rny a obce po\u010de\u0161t\u011bn do nyn\u011bj\u0161\u00ed podoby. Lenoru osidlovali skl\u00e1\u0159\u0161t\u00ed d\u011bln\u00edci, kte\u0159\u00ed p\u0159i\u0161li z r\u016fzn\u00fdch hut\u00ed z \u010desko-rakousk\u00e9ho pomez\u00ed.<\/p>\n<p>V posledn\u00edm desetilet\u00ed 19. stolet\u00ed doch\u00e1z\u00ed v Leno\u0159e k ur\u010dit\u00fdm zm\u011bn\u00e1m. Postaven\u00ed \u017eelezni\u010dn\u00ed trati ze Strakonic do Volar se odr\u00e1\u017e\u00ed v rychlej\u0161\u00edm odbytu lenorsk\u00e9ho skla. Skl\u00e1rna v Leno\u0159e si udr\u017euje svou \u00farove\u0148 a prosazuje se i v dal\u0161\u00edch letech. Pracuje se t\u00e9m\u011b\u0159 v\u00fdlu\u010dn\u011b pro v\u00fdvoz do USA, Francie, Belgie a It\u00e1lie. Vyr\u00e1b\u011bj\u00ed se v\u0161echny u\u017eitkov\u00e9 v\u00fdrobky. V t\u00e9to dob\u011b jsou ji\u017emajitely lenorsk\u00e9 skl\u00e1rny Alfons a Siegfrid Kralikovi.<\/p>\n<p>V\u00e1le\u010dn\u00e1 l\u00e9ta se v\u0161ak na skl\u00e1rn\u011b krut\u011b podepsala a osvobozen\u00ed ji zastihlo ve velmi krut\u00e9m stavu. \u017divot se vrac\u00ed do Lenory velmi pomalu. Vyhl\u00e1\u0161kou \u010d. 342 ministra pr\u016fmyslu z 27. prosince 1945, kter\u00e1 vznikla na z\u00e1klad\u011b dekretu prezidenta republiky z 24. \u0159\u00edjna 1945, \u010d 100 Sb., byl podnik \u201eVilhelm Kralik syn\u201c, skl\u00e1rna se s\u00eddlem v Leno\u0159e, dnem 24. \u0159\u00edjna 1945 zn\u00e1rodn\u011bn zest\u00e1tn\u011bn\u00edm. N\u00e1slednou vyhl\u00e1\u0161kou \u010d. 885 ministra pr\u016fmyslu ze 7. b\u0159ezna 1946 se tento podnik zp\u011btn\u011b dnem 1. ledna 1946 st\u00e1v\u00e1 spolu s jin\u00fdmi skl\u00e1rnami sou\u010d\u00e1st\u00ed n\u00e1rodn\u00edho podniku Skl\u00e1rny \u010cesk\u00fd k\u0159i\u0161\u0165\u00e1l.<\/p>\n<p>V roce 1968 byla zah\u00e1jena p\u0159estavba skl\u00e1ren, postupn\u011b byly vybudov\u00e1ny nov\u00e9 objekty hutn\u00edho a zu\u0161lech\u0165ovac\u00edho st\u0159ediska a postaven\u00e9 nov\u00e9 tavic\u00ed pece. Rok 1976 je nejen rokem ukon\u010den\u00ed p\u0159estavby, ale tak\u00e9 po\u010d\u00e1tkem taven\u00ed vysoce olovnat\u00e9ho skla. V uveden\u00e9 dob\u011b doch\u00e1z\u00ed tak\u00e9 postupn\u011b k v\u00fdstavb\u011b nov\u00fdch byt\u016f ve st\u00e1tn\u00ed v\u00fdbav\u011b s ur\u010den\u00edm pro bydlen\u00ed skl\u00e1\u0159sk\u00fdch rodin. Byty jsou p\u0159id\u011blov\u00e1ny hlavn\u011b mlad\u00fdm skl\u00e1\u0159sk\u00fdm rodin\u00e1m, ale t\u00e9\u017e rodin\u00e1m ve star\u00e9 bytov\u00e9 z\u00e1stavb\u011b. Doch\u00e1z\u00ed t\u00e9\u017e k v\u00fdstavb\u011b nov\u00e9 z\u00e1kladn\u00ed \u0161koly, zdravotn\u00edho st\u0159ediska, p\u0159estavb\u011b prostor v z\u00e1me\u010dku a n\u00e1sledn\u011b v budov\u011b obecn\u00edho \u00fa\u0159adu, pro skl\u00e1\u0159sk\u00e9 muzeum a prodejnu skla. Byla zah\u00e1jena p\u0159\u00edstavba prodejny potravin k objektu pohostinstv\u00ed a prostor\u016f pro prodejnu masa a uzenin a p\u0159estavba objektu na prodejnu pr\u016fmyslov\u00e9ho zbo\u017e\u00ed. Skl\u00e1rna ukon\u010dila v\u00fdrobu v roce 1995 po ne\u00fasp\u011b\u0161n\u00e9 privatizaci. Od t\u00e9 doby se m\u011bn\u00ed vlastn\u00edci a z kdysi sv\u011btov\u011b proslaven\u00e9 skl\u00e1rny z\u016fst\u00e1vaj\u00ed pouze ruiny.<\/p>\n<p><strong>A je\u0161t\u011b pov\u011bst:<\/strong> <em>P\u0159edek majitele skl\u00e1rny Kr\u00e1l\u00edka z Lenory po\u0159\u00e1dal jednou b\u00e1l. Bylo to zrovna ve sv\u00e1tek sv.Krista, kdy se v\u016fbec nem\u011blo tancovat. M\u011bl b\u00fdt taky p\u0159edveden tanec obna\u017een\u00fdch \u017een. Kdy\u017e byla o p\u016flnoci d\u00e1msk\u00e1 volenka, p\u0159i\u0161la od okna pan\u00ed, kter\u00e1 byla kr\u00e1sn\u011bj\u0161\u00ed ne\u017e v\u0161echny ostatn\u00ed. Vyzvala tov\u00e1rn\u00edka k tanci. Dvojice se jednou zato\u010dila dokola a pan\u00ed najednou zmizela. Ve skute\u010dnosti to byl \u010dert. Tov\u00e1rn\u00edk ale le\u017eel na podlaze mrtv\u00fd. Od t\u011bch dob se jeho duch v\u017edy o p\u016flnoci zjevuje a d\u011bl\u00e1 v dom\u011b velk\u00fd r\u00e1mus. U\u017e hodn\u011b lid\u00ed tomu necht\u011blo v\u011b\u0159it. Jednou sezvali spole\u010dnost, kter\u00e1 \u010dekala,a\u017e se duch objev\u00ed. Ve dvan\u00e1ct hodin opravdu p\u0159i\u0161el. Pro\u0161el m\u00edstnost\u00ed a zmizel v pokoji, kde za\u017eiva sp\u00e1val. Teprve far\u00e1\u0159ovi z Horn\u00ed Plan\u00e9 se poda\u0159ilo p\u0159iv\u00e9st ducha ke klidu. Byl to velice zbo\u017en\u00fd mu\u017e. P\u0159ed zakl\u00edn\u00e1n\u00edm se po cel\u00e9m t\u011ble nat\u0159el posv\u011bcen\u00fdm olejem a na podlaze namaloval k\u0159\u00eddou velk\u00fd k\u0159\u00ed\u017e. Kdy\u017e se duch objevil, nemohl far\u00e1\u0159ovi vy\u010d\u00edst jedin\u00fd h\u0159\u00edch, jedin\u011b to, \u017ee ukradl mamince vaj\u00ed\u010dko, proto\u017ee si za n\u011bj ale koupil inkoust do \u0161koly, duch s n\u00edm nic nesvedl. Ne\u017e ale nav\u017edy zmizel, pra\u0161til far\u00e1\u0159e do nohy, kde se zapomn\u011bl nat\u0159\u00edt. Proto pak chodil far\u00e1\u0159 po cel\u00fd zbytek \u017eivota shrben\u00fd. Nohu m\u011bl po\u0159\u00e1d ov\u00e1zanou, a je\u0161t\u011b na smrteln\u00e9 posteli prosil sestru, aby mu ani po smrti obvaz nesund\u00e1vala. V roce 1946, na sv\u00e1tek Neposkrn\u011bn\u00e9ho po\u010det\u00ed Panny Marie zde n\u011bkolika sv\u011bdky pops\u00e1no n\u00e1sleduj\u00edc\u00ed: U n\u00e1dra\u017e\u00ed nad lesem, v m\u00edst\u011b kde stoj\u00ed pomn\u00edk k poct\u011b Hartauerov\u011b, spat\u0159ili postavu b\u00edle od\u011bn\u00e9 \u017eeny s modrou \u0161erpou, jak stoj\u00ed na m\u011bs\u00edci, kolem kter\u00e9ho je obto\u010den \u010dern\u00fd had. Postava m\u011bla v sepjat\u00fdch rukou r\u016f\u017eenec a v okam\u017eiku, kdy proj\u00ed\u017ed\u011bl vlak, sklonila hlavu.<\/em><\/p>\n<p>&nbsp;<\/p>\n<p><strong>P\u0159ipravuje: Miroslav K\u016eS ANDRES<\/strong><\/p>\n<p><strong>Foto: archiv autora<\/strong><\/p>\n<hr \/>\n<p>&nbsp;<\/p>\n","protected":false},"excerpt":{"rendered":"<p>&nbsp; Jiho\u010desk\u00e9 <\/p>\n","protected":false},"author":2,"featured_media":343379,"comment_status":"open","ping_status":"open","sticky":false,"template":"","format":"gallery","meta":{"footnotes":""},"categories":[111],"tags":[],"jetpack_featured_media_url":"https:\/\/zakrasnejsivimperk.cz\/wp-content\/uploads\/2025\/04\/21\/ram-lenora.jpg","_links":{"self":[{"href":"https:\/\/zakrasnejsivimperk.cz\/index.php?rest_route=\/wp\/v2\/posts\/237709"}],"collection":[{"href":"https:\/\/zakrasnejsivimperk.cz\/index.php?rest_route=\/wp\/v2\/posts"}],"about":[{"href":"https:\/\/zakrasnejsivimperk.cz\/index.php?rest_route=\/wp\/v2\/types\/post"}],"author":[{"embeddable":true,"href":"https:\/\/zakrasnejsivimperk.cz\/index.php?rest_route=\/wp\/v2\/users\/2"}],"replies":[{"embeddable":true,"href":"https:\/\/zakrasnejsivimperk.cz\/index.php?rest_route=%2Fwp%2Fv2%2Fcomments&post=237709"}],"version-history":[{"count":2,"href":"https:\/\/zakrasnejsivimperk.cz\/index.php?rest_route=\/wp\/v2\/posts\/237709\/revisions"}],"predecessor-version":[{"id":343378,"href":"https:\/\/zakrasnejsivimperk.cz\/index.php?rest_route=\/wp\/v2\/posts\/237709\/revisions\/343378"}],"wp:featuredmedia":[{"embeddable":true,"href":"https:\/\/zakrasnejsivimperk.cz\/index.php?rest_route=\/wp\/v2\/media\/343379"}],"wp:attachment":[{"href":"https:\/\/zakrasnejsivimperk.cz\/index.php?rest_route=%2Fwp%2Fv2%2Fmedia&parent=237709"}],"wp:term":[{"taxonomy":"category","embeddable":true,"href":"https:\/\/zakrasnejsivimperk.cz\/index.php?rest_route=%2Fwp%2Fv2%2Fcategories&post=237709"},{"taxonomy":"post_tag","embeddable":true,"href":"https:\/\/zakrasnejsivimperk.cz\/index.php?rest_route=%2Fwp%2Fv2%2Ftags&post=237709"}],"curies":[{"name":"wp","href":"https:\/\/api.w.org\/{rel}","templated":true}]}}