{"id":237593,"date":"2025-04-24T19:42:10","date_gmt":"2025-04-24T18:42:10","guid":{"rendered":"http:\/\/zakrasnejsivimperk.cz\/?p=237593"},"modified":"2025-04-24T19:42:10","modified_gmt":"2025-04-24T18:42:10","slug":"stara-sumava-a-posumavi-lenora-ocima-elisky-krasnohorske","status":"publish","type":"post","link":"https:\/\/zakrasnejsivimperk.cz\/?p=237593","title":{"rendered":"STAR\u00c1 \u0160UMAVA A PO\u0160UMAV\u00cd: Lenora o\u010dima Eli\u0161ky Kr\u00e1snohorsk\u00e9"},"content":{"rendered":"<p><img loading=\"lazy\" decoding=\"async\" class=\"aligncenter wp-image-237594 size-full\" src=\"http:\/\/zakrasnejsivimperk.cz\/wp-content\/uploads\/2021\/10\/09\/\u0160UMAVSK\u00c1-LENORA-O\u010cIMA-ELI\u0160KY-KR\u00c1SNOHORSK\u00c9.....jpg\" alt=\"\" width=\"1100\" height=\"1098\" srcset=\"https:\/\/zakrasnejsivimperk.cz\/wp-content\/uploads\/2021\/10\/09\/\u0160UMAVSK\u00c1-LENORA-O\u010cIMA-ELI\u0160KY-KR\u00c1SNOHORSK\u00c9.....jpg 1100w, https:\/\/zakrasnejsivimperk.cz\/wp-content\/uploads\/2021\/10\/09\/\u0160UMAVSK\u00c1-LENORA-O\u010cIMA-ELI\u0160KY-KR\u00c1SNOHORSK\u00c9....-150x150.jpg 150w, https:\/\/zakrasnejsivimperk.cz\/wp-content\/uploads\/2021\/10\/09\/\u0160UMAVSK\u00c1-LENORA-O\u010cIMA-ELI\u0160KY-KR\u00c1SNOHORSK\u00c9....-300x300.jpg 300w, https:\/\/zakrasnejsivimperk.cz\/wp-content\/uploads\/2021\/10\/09\/\u0160UMAVSK\u00c1-LENORA-O\u010cIMA-ELI\u0160KY-KR\u00c1SNOHORSK\u00c9....-768x767.jpg 768w, https:\/\/zakrasnejsivimperk.cz\/wp-content\/uploads\/2021\/10\/09\/\u0160UMAVSK\u00c1-LENORA-O\u010cIMA-ELI\u0160KY-KR\u00c1SNOHORSK\u00c9....-1024x1022.jpg 1024w, https:\/\/zakrasnejsivimperk.cz\/wp-content\/uploads\/2021\/10\/09\/\u0160UMAVSK\u00c1-LENORA-O\u010cIMA-ELI\u0160KY-KR\u00c1SNOHORSK\u00c9....-358x357.jpg 358w, https:\/\/zakrasnejsivimperk.cz\/wp-content\/uploads\/2021\/10\/09\/\u0160UMAVSK\u00c1-LENORA-O\u010cIMA-ELI\u0160KY-KR\u00c1SNOHORSK\u00c9....-484x483.jpg 484w, https:\/\/zakrasnejsivimperk.cz\/wp-content\/uploads\/2021\/10\/09\/\u0160UMAVSK\u00c1-LENORA-O\u010cIMA-ELI\u0160KY-KR\u00c1SNOHORSK\u00c9....-210x210.jpg 210w\" sizes=\"(max-width: 1100px) 100vw, 1100px\" \/><\/p>\n<p>&nbsp;<\/p>\n<h6><em>Za m\u00edrn\u00fdm on\u00edm p\u0159edho\u0159\u00edm, zdob\u00edc\u00edm \u00farodn\u00e9, \u0161irok\u00e9 krajiny, v\u00fd\u0161 a v\u00fd\u0161e vystupuj\u00ed vlnit\u00e9 h\u0159bety \u0161umavsk\u00e9; \u010d\u00edm d\u00e1le k jihoz\u00e1padu, t\u00edm hust\u011bji se kup\u00ed vrchol k vrcholu, t\u00edm bujn\u011bj\u0161\u00edm lesem \u010dernaj\u00ed se temena, t\u00edm b\u00e1je\u010dn\u011bj\u0161\u00ed jaro pokr\u00fdv\u00e1 luka dolin zelen\u00ed tou z\u00e1\u0159ivou, zlat\u00fdmi svity hraj\u00edc\u00ed a v\u011b\u010dn\u011b zrosenou, jak\u00e9 neuz\u0159\u00ed\u0161 mimo \u0160umavu.<\/em><\/h6>\n<p><em> \u010c\u00edm d\u00e1le t\u00edm \u0159id\u010deji spat\u0159\u00edme m\u011bste\u010dka, t\u00edm men\u0161\u00edmi se v\u00edsky st\u00e1vaj\u00ed, t\u00edm \u010dast\u011bji se zab\u011blaj\u00ed samotn\u00e9 chaloupky vysoko nad lesy a\u017e u nebes, a\u017e po t\u011bch stupn\u00edch v\u00fd\u0161in dosp\u011bjeme na obrovsk\u00e9 h\u0159bety, kde p\u0159\u00edroda na tr\u016fn\u011b prahorstva panuje p\u016fvodn\u00ed svou samovl\u00e1dou, odpuzuj\u00edc \u010dlov\u011bka pust\u00fdmi, bezedn\u00fdmi blaty, br\u00e1n\u00edc mu vstup v hou\u0161ti a bludi\u0161t\u011b sv\u00fdch prales\u016f, stav\u00edc mu krok skaln\u00edmi \u00fatesy a hled\u00edc na\u0148 hlubok\u00fdm okem horsk\u00fdch jezer. Takovou m\u00e1 \u0160umava tv\u00e1\u0159, takov\u00fd h\u00e1v, jeho\u017e divokou n\u00e1dherou p\u0159ed\u010d\u00ed nade v\u0161ecka horstva evropsk\u00e1.<\/em><\/p>\n<p>Eli\u0161ka Kr\u00e1snohorsk\u00e1 byla inspirov\u00e1na putov\u00e1n\u00edm po Chodsku a \u0160umav\u011b. Z\u00edskala k n\u011bmu stipendium spisovatelsk\u00e9ho spolku Svatobor spolek pen\u00edze uvolnil a Eli\u0161ka spolu s bratrem Jind\u0159ichem, kter\u00fd pr\u00e1v\u011b trp\u011bl ned\u00e1vnou smrt\u00ed sv\u00e9 \u017eeny a novorozen\u00e9 dcerky, a sestrou Bohdankou vyrazila na n\u011bkolika t\u00fddenn\u00ed pobyt na \u0160umavu, kde sb\u00edrala podklady pro svou dal\u0161\u00ed b\u00e1snickou sb\u00edrku, kter\u00e1 pod n\u00e1zvem Ze \u0160umavy vy\u0161la v \u017densk\u00e9 bibliot\u00e9ce u Sofie Podlipsk\u00e9.<\/p>\n<p>Na sv\u00e9 pouti po pomez\u00ed \u010cech vn\u00edmala autorka nejen kr\u00e1su \u0161umavsk\u00e9 p\u0159\u00edrody, ale i bl\u00edzkost n\u011bmeck\u00e9ho \u017eivlu, kter\u00e1 v n\u00ed probudila hlubok\u00fd vlasteneck\u00fd cit a n\u00e1rodn\u00ed vzdor.<\/p>\n<h6>Eli\u0161ka Kr\u00e1snohorsk\u00e1 o \u0161umavsk\u00e9 Leno\u0159e:<\/h6>\n<p><em>V \u0161\u00ed\u0159i buj\u00edc\u00edch lu\u010din kup\u00ed se \u010detn\u00e9 domky i budovy v\u011bt\u0161\u00ed: Lenory, m\u00edsto druhdy proslul\u00e9 svou velikou skl\u00e1rnou, jej\u00ed\u017e v\u00fdrobky hojn\u011b se vyv\u00e1\u017eely a dosud vyv\u00e1\u017eej\u00ed, a\u010dkoli dnes ji\u017e Lenory, kdy zde \u0161\u0165astn\u00fd podnikatel jm\u00e9nem Mayer zalo\u017eil z\u00e1vod i d\u011blnickou osadu, kter\u00e1 nyn\u00ed o\u017eivena v\u00edce ne\u017e p\u011bti sty obyvatel\u016f. V pravd\u011b o\u017eivena: nebo\u0165 jest tu i \u0161kola, jsou i spolky z\u00e1bavn\u00e9, hraje se tu divadlo, v\u0161e arci po n\u011bmecku, sj\u00ed\u017ed\u011bj\u00ed se tu hosti v pansk\u00e9m dom\u011b i p\u0159ich\u00e1z\u00ed sem mno\u017estv\u00ed cestuj\u00edc\u00edch, jejich\u017e to zv\u011bdavosti \u00fa\u0159ednictvo i d\u011blnictvo skl\u00e1rny s ochotou vyhovuje. Jako z j\u00edcnu sopky vystupuje \u0161irok\u00e1 plachta d\u00fdmu nad budovy, p\u0159istoup\u00ed\u0161, i z\u0159\u00ed\u0161, \u017ee d\u00fdm pronik\u00e1 samou d\u0159ev\u011bnou st\u0159echou po cel\u00e9 jej\u00ed \u0161\u00ed\u0159ce v\u0161emi skulinami. Pohl\u00e9dne\u0161 v nitro sopky: p\u0159ed plamenn\u00fdmi otvory oh\u00e1n\u011bj\u00ed se \u010dern\u00e9 postavy vidlemi hybn\u011b jako v \u0161ermu, jim p\u0159isluhuj\u00ed ho\u0161i, d\u00edvky men\u0161\u00ed i v\u011bt\u0161\u00ed, tak\u00e9 vidlemi pod\u00e1vaj\u00edce i odeb\u00edraj\u00edce sklen\u011bn\u00e9 n\u00e1doby nejrozmanit\u011bj\u0161\u00edch \u00fatvar\u016f. Vedro nesm\u00edrn\u00e9 s\u00e1l\u00e1 ven, vstoup\u00ed\u0161, i kr\u00e1\u010d\u00ed\u0161 jako po vrchole Vesuvu, ve \u017ehav\u00e9m popelu, mezi kotou\u010dky d\u00fdmu, vystupuj\u00edc\u00edho zd\u00e1nliv\u011b ze zem\u011b, skute\u010dn\u011b v\u0161ak z doutnaj\u00edc\u00edch ohark\u016f, po kter\u00fdch \u010detn\u00e9 bos\u00e9 nohy \u0161lapou. Kolem sly\u0161eti v\u0161ude sykot vody na \u017ehav\u00e9m skle, kter\u00e9\u017e prvn\u00ed tvar dost\u00e1v\u00e1 v d\u0159ev\u011bn\u00fdch, mokr\u00fdch form\u00e1ch, v\u0161ude cinkot skeln\u00fdch odpadk\u016f, u\u0159ez\u00e1van\u00fdch, usek\u00e1van\u00fdch za \u017ee\u0159ava zvl\u00e1\u0161tn\u00edmi n\u00e1stroji, kde ustanoven\u00e1 m\u00edra \u010di forma v\u00fdrobk\u016f toho vy\u017eaduje. Tam u pece prv\u00e9 z roztaven\u00e9 hmoty skeln\u00e9 d\u011bln\u00edci foukaj\u00ed trubkami \u017eelezn\u00fdmi ohromn\u00e9 bubliny, kol\u00edsaj\u00edc\u00ed se jim nad hlavami, onde foukaj\u00ed do forem, z nich\u017e vych\u00e1z\u00ed zbo\u017e\u00ed v podob\u011b surov\u00e9 teprve do brus\u00edren&#8230;<\/em><\/p>\n<p>&nbsp;<\/p>\n<p><strong>P\u0159ipravuje: Miroslav K\u016eS ANDRES<\/strong><\/p>\n<p><strong>Foto: archiv autora<\/strong><\/p>\n<hr \/>\n<p>&nbsp;<\/p>\n","protected":false},"excerpt":{"rendered":"<p>&nbsp; Za <\/p>\n","protected":false},"author":2,"featured_media":343763,"comment_status":"open","ping_status":"open","sticky":false,"template":"","format":"gallery","meta":{"footnotes":""},"categories":[111],"tags":[],"jetpack_featured_media_url":"https:\/\/zakrasnejsivimperk.cz\/wp-content\/uploads\/2025\/04\/24\/ram-lenora-ocima.jpg","_links":{"self":[{"href":"https:\/\/zakrasnejsivimperk.cz\/index.php?rest_route=\/wp\/v2\/posts\/237593"}],"collection":[{"href":"https:\/\/zakrasnejsivimperk.cz\/index.php?rest_route=\/wp\/v2\/posts"}],"about":[{"href":"https:\/\/zakrasnejsivimperk.cz\/index.php?rest_route=\/wp\/v2\/types\/post"}],"author":[{"embeddable":true,"href":"https:\/\/zakrasnejsivimperk.cz\/index.php?rest_route=\/wp\/v2\/users\/2"}],"replies":[{"embeddable":true,"href":"https:\/\/zakrasnejsivimperk.cz\/index.php?rest_route=%2Fwp%2Fv2%2Fcomments&post=237593"}],"version-history":[{"count":2,"href":"https:\/\/zakrasnejsivimperk.cz\/index.php?rest_route=\/wp\/v2\/posts\/237593\/revisions"}],"predecessor-version":[{"id":343764,"href":"https:\/\/zakrasnejsivimperk.cz\/index.php?rest_route=\/wp\/v2\/posts\/237593\/revisions\/343764"}],"wp:featuredmedia":[{"embeddable":true,"href":"https:\/\/zakrasnejsivimperk.cz\/index.php?rest_route=\/wp\/v2\/media\/343763"}],"wp:attachment":[{"href":"https:\/\/zakrasnejsivimperk.cz\/index.php?rest_route=%2Fwp%2Fv2%2Fmedia&parent=237593"}],"wp:term":[{"taxonomy":"category","embeddable":true,"href":"https:\/\/zakrasnejsivimperk.cz\/index.php?rest_route=%2Fwp%2Fv2%2Fcategories&post=237593"},{"taxonomy":"post_tag","embeddable":true,"href":"https:\/\/zakrasnejsivimperk.cz\/index.php?rest_route=%2Fwp%2Fv2%2Ftags&post=237593"}],"curies":[{"name":"wp","href":"https:\/\/api.w.org\/{rel}","templated":true}]}}