{"id":234623,"date":"2021-09-09T14:46:38","date_gmt":"2021-09-09T13:46:38","guid":{"rendered":"http:\/\/zakrasnejsivimperk.cz\/?p=234623"},"modified":"2021-09-09T14:46:38","modified_gmt":"2021-09-09T13:46:38","slug":"radnice-informuje-historicke-pamatky-mesta-se-opet-otevrou-pro-verejnost","status":"publish","type":"post","link":"https:\/\/zakrasnejsivimperk.cz\/?p=234623","title":{"rendered":"RADNICE INFORMUJE: Historick\u00e9 pam\u00e1tky m\u011bsta se op\u011bt otev\u0159ou pro ve\u0159ejnost"},"content":{"rendered":"<figure id=\"attachment_234624\" aria-describedby=\"caption-attachment-234624\" style=\"width: 858px\" class=\"wp-caption aligncenter\"><img loading=\"lazy\" decoding=\"async\" class=\"wp-image-234624 size-full\" src=\"http:\/\/zakrasnejsivimperk.cz\/wp-content\/uploads\/2021\/09\/06\/m\u011bstsk\u00e1-zvonice.jpg\" alt=\"\" width=\"858\" height=\"915\" srcset=\"https:\/\/zakrasnejsivimperk.cz\/wp-content\/uploads\/2021\/09\/06\/m\u011bstsk\u00e1-zvonice.jpg 858w, https:\/\/zakrasnejsivimperk.cz\/wp-content\/uploads\/2021\/09\/06\/m\u011bstsk\u00e1-zvonice-281x300.jpg 281w, https:\/\/zakrasnejsivimperk.cz\/wp-content\/uploads\/2021\/09\/06\/m\u011bstsk\u00e1-zvonice-768x819.jpg 768w, https:\/\/zakrasnejsivimperk.cz\/wp-content\/uploads\/2021\/09\/06\/m\u011bstsk\u00e1-zvonice-335x357.jpg 335w, https:\/\/zakrasnejsivimperk.cz\/wp-content\/uploads\/2021\/09\/06\/m\u011bstsk\u00e1-zvonice-453x483.jpg 453w\" sizes=\"(max-width: 858px) 100vw, 858px\" \/><figcaption id=\"caption-attachment-234624\" class=\"wp-caption-text\">Vimperk &#8211; m\u011bstsk\u00e1 zvonice a kostel Nav\u0161t\u00edven\u00ed Panny Marie \/ Foto: (red) &#8211; Za kr\u00e1sn\u011bj\u0161\u00ed Vimperk<\/figcaption><\/figure>\n<p>&nbsp;<\/p>\n<h6>Ka\u017edoro\u010dn\u011b se ve Vimperku za\u010d\u00e1tkem z\u00e1\u0159\u00ed otev\u00edraj\u00ed nej\u0161ir\u0161\u00ed ve\u0159ejnosti zaj\u00edmav\u00e9 pam\u00e1tky v r\u00e1mci akce Dn\u016f Evropsk\u00e9ho d\u011bdictv\u00ed tzv. European Heritage Days (EHD). Otev\u0159eny jsou objekty a prostory, v\u010detn\u011b t\u011bch, kter\u00e9 jsou jinak z\u010d\u00e1sti nebo zcela nep\u0159\u00edstupn\u00e9. Letos se n\u00e1rodn\u00ed zah\u00e1jen\u00ed EHD uskute\u010dn\u00ed 10. \u2013 12. z\u00e1\u0159\u00ed ve m\u011bst\u011b Uhersk\u00e9 Hradi\u0161t\u011b. T\u00e9ma pro leto\u0161n\u00ed rok bylo zvoleno Pam\u00e1tky pro v\u0161echny.<\/h6>\n<p><img loading=\"lazy\" decoding=\"async\" class=\"size-full wp-image-170957 alignright\" src=\"http:\/\/zakrasnejsivimperk.cz\/wp-content\/uploads\/2019\/09\/09\/dny-d\u011bdictv\u00ed-logo.jpg\" alt=\"\" width=\"170\" height=\"170\" srcset=\"https:\/\/zakrasnejsivimperk.cz\/wp-content\/uploads\/2019\/09\/09\/dny-d\u011bdictv\u00ed-logo.jpg 170w, https:\/\/zakrasnejsivimperk.cz\/wp-content\/uploads\/2019\/09\/09\/dny-d\u011bdictv\u00ed-logo-150x150.jpg 150w\" sizes=\"(max-width: 170px) 100vw, 170px\" \/>Ve Vimperku se otev\u0159ou pam\u00e1tky v sobotu 11. z\u00e1\u0159\u00ed v dob\u011b od 9,30 do 12 a od 13 do 16 hodin. V tento den bude zp\u0159\u00edstupn\u011bno \u0161est pam\u00e1tek. V prostoru star\u00e9ho h\u0159bitova bude mo\u017en\u00e9 nav\u0161t\u00edvit kostel sv. Bartolom\u011bje a kapli \u010ctrn\u00e1cti svat\u00fdch pomocn\u00edk\u016f. V kapli bude nainstalovan\u00e1 v\u00fdstava s n\u00e1zvem Zanikl\u00e9 skl\u00e1\u0159sk\u00e9 hut\u011b na \u0160umav\u011b a v Bavorsk\u00e9m lese, kde se budete moci dozv\u011bd\u011bt n\u011bco o historii skl\u00e1\u0159stv\u00ed. Na nov\u00e9m h\u0159bitov\u011b bude zp\u0159\u00edstupn\u011bna h\u0159bitovn\u00ed kaple Nejsv\u011bt\u011bj\u0161\u00edho Srdce P\u00e1n\u011b. Na n\u00e1m\u011bst\u00ed Svobody se otev\u0159ou dve\u0159e m\u011bstsk\u00e9 zvonice, jej\u00ed\u017e interi\u00e9r letos pro\u0161el obnovou. D\u00e1le m\u016f\u017eete nav\u0161t\u00edvit farn\u00ed kostel Nav\u0161t\u00edven\u00ed Panny Marie a gotick\u00e9 sklepn\u00ed prostory v m\u011b\u0161\u0165ansk\u00e9m dom\u011b \u010dp. 8.<\/p>\n<p>Pam\u00e1tkami V\u00e1s budou ji\u017e tradi\u010dn\u011b prov\u00e1zet studenti m\u00edstn\u00edho V\u0161eobecn\u00e9ho a sportovn\u00edho gymn\u00e1zia, Vimperk. T\u011b\u0161\u00edme se na v\u0161echny n\u00e1v\u0161t\u011bvn\u00edky.<\/p>\n<p>&nbsp;<\/p>\n<p><strong>Martina NAVR\u00c1TILOV\u00c1, Odbor \u0161kolstv\u00ed, kultury a cestovn\u00edho ruchu M\u011bstsk\u00e9ho \u00fa\u0159adu Vimperk<\/strong><\/p>\n<p>&nbsp;<\/p>\n<figure id=\"attachment_140177\" aria-describedby=\"caption-attachment-140177\" style=\"width: 1100px\" class=\"wp-caption aligncenter\"><img loading=\"lazy\" decoding=\"async\" class=\"wp-image-140177 size-full\" src=\"http:\/\/zakrasnejsivimperk.cz\/wp-content\/uploads\/2018\/09\/12\/kostel-svat\u00e9ho-Bartolom\u011bje.jpg\" alt=\"\" width=\"1100\" height=\"794\" srcset=\"https:\/\/zakrasnejsivimperk.cz\/wp-content\/uploads\/2018\/09\/12\/kostel-svat\u00e9ho-Bartolom\u011bje.jpg 1100w, https:\/\/zakrasnejsivimperk.cz\/wp-content\/uploads\/2018\/09\/12\/kostel-svat\u00e9ho-Bartolom\u011bje-300x217.jpg 300w, https:\/\/zakrasnejsivimperk.cz\/wp-content\/uploads\/2018\/09\/12\/kostel-svat\u00e9ho-Bartolom\u011bje-768x554.jpg 768w, https:\/\/zakrasnejsivimperk.cz\/wp-content\/uploads\/2018\/09\/12\/kostel-svat\u00e9ho-Bartolom\u011bje-1024x739.jpg 1024w, https:\/\/zakrasnejsivimperk.cz\/wp-content\/uploads\/2018\/09\/12\/kostel-svat\u00e9ho-Bartolom\u011bje-326x235.jpg 326w, https:\/\/zakrasnejsivimperk.cz\/wp-content\/uploads\/2018\/09\/12\/kostel-svat\u00e9ho-Bartolom\u011bje-495x357.jpg 495w, https:\/\/zakrasnejsivimperk.cz\/wp-content\/uploads\/2018\/09\/12\/kostel-svat\u00e9ho-Bartolom\u011bje-669x483.jpg 669w, https:\/\/zakrasnejsivimperk.cz\/wp-content\/uploads\/2018\/09\/12\/kostel-svat\u00e9ho-Bartolom\u011bje-198x143.jpg 198w\" sizes=\"(max-width: 1100px) 100vw, 1100px\" \/><figcaption id=\"caption-attachment-140177\" class=\"wp-caption-text\">Vimperk &#8211; kostel sv. Bartolom\u011bje \/ Foto: (red) &#8211; Za kr\u00e1sn\u011bj\u0161\u00ed Vimperk<\/figcaption><\/figure>\n<p>&nbsp;<\/p>\n<figure id=\"attachment_228640\" aria-describedby=\"caption-attachment-228640\" style=\"width: 908px\" class=\"wp-caption aligncenter\"><img loading=\"lazy\" decoding=\"async\" class=\"wp-image-228640 size-full\" src=\"http:\/\/zakrasnejsivimperk.cz\/wp-content\/uploads\/2021\/06\/27\/Kaple-\u010ctrn\u00e1cti-svat\u00fdch-pomocn\u00edk\u016f-v-urnov\u00e9m-h\u00e1ji.jpg\" alt=\"\" width=\"908\" height=\"1097\" srcset=\"https:\/\/zakrasnejsivimperk.cz\/wp-content\/uploads\/2021\/06\/27\/Kaple-\u010ctrn\u00e1cti-svat\u00fdch-pomocn\u00edk\u016f-v-urnov\u00e9m-h\u00e1ji.jpg 908w, https:\/\/zakrasnejsivimperk.cz\/wp-content\/uploads\/2021\/06\/27\/Kaple-\u010ctrn\u00e1cti-svat\u00fdch-pomocn\u00edk\u016f-v-urnov\u00e9m-h\u00e1ji-248x300.jpg 248w, https:\/\/zakrasnejsivimperk.cz\/wp-content\/uploads\/2021\/06\/27\/Kaple-\u010ctrn\u00e1cti-svat\u00fdch-pomocn\u00edk\u016f-v-urnov\u00e9m-h\u00e1ji-768x928.jpg 768w, https:\/\/zakrasnejsivimperk.cz\/wp-content\/uploads\/2021\/06\/27\/Kaple-\u010ctrn\u00e1cti-svat\u00fdch-pomocn\u00edk\u016f-v-urnov\u00e9m-h\u00e1ji-848x1024.jpg 848w, https:\/\/zakrasnejsivimperk.cz\/wp-content\/uploads\/2021\/06\/27\/Kaple-\u010ctrn\u00e1cti-svat\u00fdch-pomocn\u00edk\u016f-v-urnov\u00e9m-h\u00e1ji-295x357.jpg 295w, https:\/\/zakrasnejsivimperk.cz\/wp-content\/uploads\/2021\/06\/27\/Kaple-\u010ctrn\u00e1cti-svat\u00fdch-pomocn\u00edk\u016f-v-urnov\u00e9m-h\u00e1ji-400x483.jpg 400w\" sizes=\"(max-width: 908px) 100vw, 908px\" \/><figcaption id=\"caption-attachment-228640\" class=\"wp-caption-text\">Vimperk &#8211; kaple \u010ctrn\u00e1cti svat\u00fdch pomocn\u00edk\u016f \/ Foto: (red) &#8211; Za kr\u00e1sn\u011bj\u0161\u00ed Vimperk<\/figcaption><\/figure>\n<p>&nbsp;<\/p>\n<figure id=\"attachment_161900\" aria-describedby=\"caption-attachment-161900\" style=\"width: 1100px\" class=\"wp-caption aligncenter\"><img loading=\"lazy\" decoding=\"async\" class=\"wp-image-161900 size-full\" src=\"http:\/\/zakrasnejsivimperk.cz\/wp-content\/uploads\/2019\/06\/03\/vimperk-kaple-Nejsv\u011bt\u011bj\u0161\u00edho-srdce-P\u00e1n\u011b-na-hlavn\u00edm-vimpersk\u00e9m-h\u0159bitov\u011b.jpg\" alt=\"\" width=\"1100\" height=\"825\" srcset=\"https:\/\/zakrasnejsivimperk.cz\/wp-content\/uploads\/2019\/06\/03\/vimperk-kaple-Nejsv\u011bt\u011bj\u0161\u00edho-srdce-P\u00e1n\u011b-na-hlavn\u00edm-vimpersk\u00e9m-h\u0159bitov\u011b.jpg 1100w, https:\/\/zakrasnejsivimperk.cz\/wp-content\/uploads\/2019\/06\/03\/vimperk-kaple-Nejsv\u011bt\u011bj\u0161\u00edho-srdce-P\u00e1n\u011b-na-hlavn\u00edm-vimpersk\u00e9m-h\u0159bitov\u011b-300x225.jpg 300w, https:\/\/zakrasnejsivimperk.cz\/wp-content\/uploads\/2019\/06\/03\/vimperk-kaple-Nejsv\u011bt\u011bj\u0161\u00edho-srdce-P\u00e1n\u011b-na-hlavn\u00edm-vimpersk\u00e9m-h\u0159bitov\u011b-768x576.jpg 768w, https:\/\/zakrasnejsivimperk.cz\/wp-content\/uploads\/2019\/06\/03\/vimperk-kaple-Nejsv\u011bt\u011bj\u0161\u00edho-srdce-P\u00e1n\u011b-na-hlavn\u00edm-vimpersk\u00e9m-h\u0159bitov\u011b-1024x768.jpg 1024w, https:\/\/zakrasnejsivimperk.cz\/wp-content\/uploads\/2019\/06\/03\/vimperk-kaple-Nejsv\u011bt\u011bj\u0161\u00edho-srdce-P\u00e1n\u011b-na-hlavn\u00edm-vimpersk\u00e9m-h\u0159bitov\u011b-476x357.jpg 476w, https:\/\/zakrasnejsivimperk.cz\/wp-content\/uploads\/2019\/06\/03\/vimperk-kaple-Nejsv\u011bt\u011bj\u0161\u00edho-srdce-P\u00e1n\u011b-na-hlavn\u00edm-vimpersk\u00e9m-h\u0159bitov\u011b-644x483.jpg 644w\" sizes=\"(max-width: 1100px) 100vw, 1100px\" \/><figcaption id=\"caption-attachment-161900\" class=\"wp-caption-text\">Vimperk &#8211; kaple Nejsv\u011bt\u011bj\u0161\u00edho Srdce P\u00e1n\u011b \/ Foto: (red) &#8211; Za kr\u00e1sn\u011bj\u0161\u00ed Vimperk<\/figcaption><\/figure>\n<p>&nbsp;<\/p>\n<figure id=\"attachment_3885\" aria-describedby=\"caption-attachment-3885\" style=\"width: 800px\" class=\"wp-caption aligncenter\"><img loading=\"lazy\" decoding=\"async\" class=\"wp-image-3885 size-full\" src=\"http:\/\/zakrasnejsivimperk.cz\/wp-content\/uploads\/2014\/12\/stara-radnice.jpg\" alt=\"\" width=\"800\" height=\"600\" srcset=\"https:\/\/zakrasnejsivimperk.cz\/wp-content\/uploads\/2014\/12\/stara-radnice.jpg 800w, https:\/\/zakrasnejsivimperk.cz\/wp-content\/uploads\/2014\/12\/stara-radnice-300x225.jpg 300w, https:\/\/zakrasnejsivimperk.cz\/wp-content\/uploads\/2014\/12\/stara-radnice-476x357.jpg 476w, https:\/\/zakrasnejsivimperk.cz\/wp-content\/uploads\/2014\/12\/stara-radnice-644x483.jpg 644w\" sizes=\"(max-width: 800px) 100vw, 800px\" \/><figcaption id=\"caption-attachment-3885\" class=\"wp-caption-text\">Vimperk &#8211; m\u011b\u0161\u0165ansk\u00fd d\u016fm \u010dp. 8 na n\u00e1m\u011bst\u00ed \/ Foto: (red) &#8211; Za kr\u00e1sn\u011bj\u0161\u00ed Vimperk<\/figcaption><\/figure>\n<p>&nbsp;<\/p>\n<p><img loading=\"lazy\" decoding=\"async\" class=\"aligncenter wp-image-220542 size-full\" src=\"http:\/\/zakrasnejsivimperk.cz\/wp-content\/uploads\/2019\/04\/25\/plakat-dedictvi-1909.jpg\" alt=\"\" width=\"1335\" height=\"1860\" srcset=\"https:\/\/zakrasnejsivimperk.cz\/wp-content\/uploads\/2019\/04\/25\/plakat-dedictvi-1909.jpg 1335w, https:\/\/zakrasnejsivimperk.cz\/wp-content\/uploads\/2019\/04\/25\/plakat-dedictvi-1909-215x300.jpg 215w, https:\/\/zakrasnejsivimperk.cz\/wp-content\/uploads\/2019\/04\/25\/plakat-dedictvi-1909-768x1070.jpg 768w, https:\/\/zakrasnejsivimperk.cz\/wp-content\/uploads\/2019\/04\/25\/plakat-dedictvi-1909-735x1024.jpg 735w, https:\/\/zakrasnejsivimperk.cz\/wp-content\/uploads\/2019\/04\/25\/plakat-dedictvi-1909-256x357.jpg 256w, https:\/\/zakrasnejsivimperk.cz\/wp-content\/uploads\/2019\/04\/25\/plakat-dedictvi-1909-347x483.jpg 347w\" sizes=\"(max-width: 1335px) 100vw, 1335px\" \/><\/p>\n<p>&nbsp;<\/p>\n<p>&nbsp;<\/p>\n<p>&nbsp;<\/p>\n<p>&nbsp;<\/p>\n","protected":false},"excerpt":{"rendered":"<p>&nbsp; Ka\u017edoro\u010dn\u011b <\/p>\n","protected":false},"author":2,"featured_media":234627,"comment_status":"open","ping_status":"open","sticky":false,"template":"","format":"gallery","meta":{"footnotes":""},"categories":[108],"tags":[],"jetpack_featured_media_url":"https:\/\/zakrasnejsivimperk.cz\/wp-content\/uploads\/2021\/09\/06\/r\u00e1me\u010dek-pam\u00e1tky.jpg","_links":{"self":[{"href":"https:\/\/zakrasnejsivimperk.cz\/index.php?rest_route=\/wp\/v2\/posts\/234623"}],"collection":[{"href":"https:\/\/zakrasnejsivimperk.cz\/index.php?rest_route=\/wp\/v2\/posts"}],"about":[{"href":"https:\/\/zakrasnejsivimperk.cz\/index.php?rest_route=\/wp\/v2\/types\/post"}],"author":[{"embeddable":true,"href":"https:\/\/zakrasnejsivimperk.cz\/index.php?rest_route=\/wp\/v2\/users\/2"}],"replies":[{"embeddable":true,"href":"https:\/\/zakrasnejsivimperk.cz\/index.php?rest_route=%2Fwp%2Fv2%2Fcomments&post=234623"}],"version-history":[{"count":4,"href":"https:\/\/zakrasnejsivimperk.cz\/index.php?rest_route=\/wp\/v2\/posts\/234623\/revisions"}],"predecessor-version":[{"id":234629,"href":"https:\/\/zakrasnejsivimperk.cz\/index.php?rest_route=\/wp\/v2\/posts\/234623\/revisions\/234629"}],"wp:featuredmedia":[{"embeddable":true,"href":"https:\/\/zakrasnejsivimperk.cz\/index.php?rest_route=\/wp\/v2\/media\/234627"}],"wp:attachment":[{"href":"https:\/\/zakrasnejsivimperk.cz\/index.php?rest_route=%2Fwp%2Fv2%2Fmedia&parent=234623"}],"wp:term":[{"taxonomy":"category","embeddable":true,"href":"https:\/\/zakrasnejsivimperk.cz\/index.php?rest_route=%2Fwp%2Fv2%2Fcategories&post=234623"},{"taxonomy":"post_tag","embeddable":true,"href":"https:\/\/zakrasnejsivimperk.cz\/index.php?rest_route=%2Fwp%2Fv2%2Ftags&post=234623"}],"curies":[{"name":"wp","href":"https:\/\/api.w.org\/{rel}","templated":true}]}}