{"id":234266,"date":"2021-09-02T06:18:31","date_gmt":"2021-09-02T05:18:31","guid":{"rendered":"http:\/\/zakrasnejsivimperk.cz\/?p=234266"},"modified":"2021-09-02T06:18:31","modified_gmt":"2021-09-02T05:18:31","slug":"cesky-hydrometeorologicky-ustav-ctvrtek-2-zari","status":"publish","type":"post","link":"https:\/\/zakrasnejsivimperk.cz\/?p=234266","title":{"rendered":"\u010cESK\u00dd HYDROMETEOROLOGICK\u00dd \u00daSTAV: \u010ctvrtek 2. z\u00e1\u0159\u00ed"},"content":{"rendered":"<h6>Teplota vzduchu se dnes v 5 h r\u00e1no pohybovala v\u011bt\u0161inou od 12 do 8 \u00b0C, v Karlovarsk\u00e9m kraji ojedin\u011ble i kolem 5 \u00b0C.<\/h6>\n<p>ch<img loading=\"lazy\" decoding=\"async\" class=\"size-medium wp-image-191184 alignright\" src=\"http:\/\/zakrasnejsivimperk.cz\/wp-content\/uploads\/2020\/05\/07\/\u010dhm\u00fa-logo-nov\u00e9-300x123.jpg\" alt=\"\" width=\"300\" height=\"123\" srcset=\"https:\/\/zakrasnejsivimperk.cz\/wp-content\/uploads\/2020\/05\/07\/\u010dhm\u00fa-logo-nov\u00e9-300x123.jpg 300w, https:\/\/zakrasnejsivimperk.cz\/wp-content\/uploads\/2020\/05\/07\/\u010dhm\u00fa-logo-nov\u00e9-768x316.jpg 768w, https:\/\/zakrasnejsivimperk.cz\/wp-content\/uploads\/2020\/05\/07\/\u010dhm\u00fa-logo-nov\u00e9.jpg 861w\" sizes=\"(max-width: 300px) 100vw, 300px\" \/>Naopak v Olomouck\u00e9m a Moravskoslezsk\u00e9m kraji jsme nam\u011b\u0159ili ojedin\u011ble kolem 13 \u00b0C.<\/p>\n<p>Zat\u00edm nejni\u017e\u0161\u00ed teplota byla nam\u011b\u0159ena na B\u0159ezn\u00edku na \u0160umav\u011b -1,6 \u00b0C.<\/p>\n<p>I n\u00e1sleduj\u00edc\u00ed no\u010dn\u00ed teploty budou v\u011bt\u0161inou pod 10 \u00b0C.<\/p>\n<p>&nbsp;<\/p>\n<p><strong>FB \u2013\u00a0<a href=\"https:\/\/www.facebook.com\/chmi.cz\/\" target=\"_blank\" rel=\"noopener\">\u010cesk\u00fd hydrometeorologick\u00fd \u00fastav<\/a><\/strong><\/p>\n<p>&nbsp;<\/p>\n<p><img loading=\"lazy\" decoding=\"async\" class=\"aligncenter wp-image-234268 size-full\" src=\"http:\/\/zakrasnejsivimperk.cz\/wp-content\/uploads\/2021\/09\/02\/mapa-po\u010das\u00ed-020921.jpg\" alt=\"\" width=\"1240\" height=\"739\" srcset=\"https:\/\/zakrasnejsivimperk.cz\/wp-content\/uploads\/2021\/09\/02\/mapa-po\u010das\u00ed-020921.jpg 1240w, https:\/\/zakrasnejsivimperk.cz\/wp-content\/uploads\/2021\/09\/02\/mapa-po\u010das\u00ed-020921-300x179.jpg 300w, https:\/\/zakrasnejsivimperk.cz\/wp-content\/uploads\/2021\/09\/02\/mapa-po\u010das\u00ed-020921-768x458.jpg 768w, https:\/\/zakrasnejsivimperk.cz\/wp-content\/uploads\/2021\/09\/02\/mapa-po\u010das\u00ed-020921-1024x610.jpg 1024w, https:\/\/zakrasnejsivimperk.cz\/wp-content\/uploads\/2021\/09\/02\/mapa-po\u010das\u00ed-020921-599x357.jpg 599w, https:\/\/zakrasnejsivimperk.cz\/wp-content\/uploads\/2021\/09\/02\/mapa-po\u010das\u00ed-020921-810x483.jpg 810w\" sizes=\"(max-width: 1240px) 100vw, 1240px\" \/><\/p>\n<p>&nbsp;<\/p>\n<p>&nbsp;<\/p>\n<p>&nbsp;<\/p>\n<p>&nbsp;<\/p>\n","protected":false},"excerpt":{"rendered":"<p>Teplota vzduchu <\/p>\n","protected":false},"author":2,"featured_media":234269,"comment_status":"open","ping_status":"open","sticky":false,"template":"","format":"gallery","meta":{"footnotes":""},"categories":[110],"tags":[],"jetpack_featured_media_url":"https:\/\/zakrasnejsivimperk.cz\/wp-content\/uploads\/2021\/09\/02\/r\u00e1me\u010dek-po\u010das\u00ed.jpg","_links":{"self":[{"href":"https:\/\/zakrasnejsivimperk.cz\/index.php?rest_route=\/wp\/v2\/posts\/234266"}],"collection":[{"href":"https:\/\/zakrasnejsivimperk.cz\/index.php?rest_route=\/wp\/v2\/posts"}],"about":[{"href":"https:\/\/zakrasnejsivimperk.cz\/index.php?rest_route=\/wp\/v2\/types\/post"}],"author":[{"embeddable":true,"href":"https:\/\/zakrasnejsivimperk.cz\/index.php?rest_route=\/wp\/v2\/users\/2"}],"replies":[{"embeddable":true,"href":"https:\/\/zakrasnejsivimperk.cz\/index.php?rest_route=%2Fwp%2Fv2%2Fcomments&post=234266"}],"version-history":[{"count":1,"href":"https:\/\/zakrasnejsivimperk.cz\/index.php?rest_route=\/wp\/v2\/posts\/234266\/revisions"}],"predecessor-version":[{"id":234270,"href":"https:\/\/zakrasnejsivimperk.cz\/index.php?rest_route=\/wp\/v2\/posts\/234266\/revisions\/234270"}],"wp:featuredmedia":[{"embeddable":true,"href":"https:\/\/zakrasnejsivimperk.cz\/index.php?rest_route=\/wp\/v2\/media\/234269"}],"wp:attachment":[{"href":"https:\/\/zakrasnejsivimperk.cz\/index.php?rest_route=%2Fwp%2Fv2%2Fmedia&parent=234266"}],"wp:term":[{"taxonomy":"category","embeddable":true,"href":"https:\/\/zakrasnejsivimperk.cz\/index.php?rest_route=%2Fwp%2Fv2%2Fcategories&post=234266"},{"taxonomy":"post_tag","embeddable":true,"href":"https:\/\/zakrasnejsivimperk.cz\/index.php?rest_route=%2Fwp%2Fv2%2Ftags&post=234266"}],"curies":[{"name":"wp","href":"https:\/\/api.w.org\/{rel}","templated":true}]}}