{"id":232628,"date":"2024-11-11T21:18:57","date_gmt":"2024-11-11T20:18:57","guid":{"rendered":"http:\/\/zakrasnejsivimperk.cz\/?p=232628"},"modified":"2024-11-12T04:29:22","modified_gmt":"2024-11-12T03:29:22","slug":"z-archivu-a-kronik-osada-vysovatka","status":"publish","type":"post","link":"https:\/\/zakrasnejsivimperk.cz\/?p=232628","title":{"rendered":"STAR\u00c1 \u0160UMAVA A PO\u0160UMAV\u00cd: Osada Vy\u0161ovatka"},"content":{"rendered":"<p><img loading=\"lazy\" decoding=\"async\" class=\"aligncenter wp-image-232629 size-full\" src=\"http:\/\/zakrasnejsivimperk.cz\/wp-content\/uploads\/2021\/08\/13\/VY\u0160OVATKA-Scheiben-U-\u0160UMAVSK\u00c9HO-VIMPERKA......jpg\" alt=\"\" width=\"1024\" height=\"723\" srcset=\"https:\/\/zakrasnejsivimperk.cz\/wp-content\/uploads\/2021\/08\/13\/VY\u0160OVATKA-Scheiben-U-\u0160UMAVSK\u00c9HO-VIMPERKA......jpg 1024w, https:\/\/zakrasnejsivimperk.cz\/wp-content\/uploads\/2021\/08\/13\/VY\u0160OVATKA-Scheiben-U-\u0160UMAVSK\u00c9HO-VIMPERKA.....-300x212.jpg 300w, https:\/\/zakrasnejsivimperk.cz\/wp-content\/uploads\/2021\/08\/13\/VY\u0160OVATKA-Scheiben-U-\u0160UMAVSK\u00c9HO-VIMPERKA.....-768x542.jpg 768w, https:\/\/zakrasnejsivimperk.cz\/wp-content\/uploads\/2021\/08\/13\/VY\u0160OVATKA-Scheiben-U-\u0160UMAVSK\u00c9HO-VIMPERKA.....-506x357.jpg 506w, https:\/\/zakrasnejsivimperk.cz\/wp-content\/uploads\/2021\/08\/13\/VY\u0160OVATKA-Scheiben-U-\u0160UMAVSK\u00c9HO-VIMPERKA.....-684x483.jpg 684w\" sizes=\"(max-width: 1024px) 100vw, 1024px\" \/><\/p>\n<p>&nbsp;<\/p>\n<p><strong>Vy\u0161ovatka, m\u016fj domov<\/strong><br \/>\n<em>Ve Vy\u0161ovatce j\u00e1 b\u00fdval domovem,<\/em><br \/>\n<em>tam v kr\u00e1sn\u00e9 \u0160umav\u011b j\u00e1 na sv\u011bt p\u0159i\u0161el jsem.<\/em><br \/>\n<em>Bob\u00edk a Lib\u00edn, Boub\u00edn ztemn\u011bl\u00fd<\/em><br \/>\n<em>mi do kol\u00e9bky v d\u011btstv\u00ed hled\u011bly.<\/em><br \/>\n<em>A jak jsem rostl a prosp\u00edval d\u00e1l,<\/em><br \/>\n<em>domov kolem jsem zbl\u00edzka pozn\u00e1val.<\/em><br \/>\n<em>Znal jsem tam ka\u017ed\u00fd k\u00e1men, ka\u017edou p\u011b\u0161inu,<\/em><br \/>\n<em>ka\u017edou mez, potok, lu\u010dn\u00ed kv\u011btinu.<\/em><br \/>\n<em>Domov byl \u0161t\u011bst\u00ed, co jsem v srdci choval,<\/em><br \/>\n<em>pro n\u011bj snad ni\u010deho bych nelitoval.<\/em><br \/>\n<em>O\u017eenil jsem se, nen\u00ed o \u010dem lh\u00e1t,<\/em><br \/>\n<em>do roka za\u010dali jsme kol\u00edbat.<\/em><br \/>\n<em>M\u011bl jsem v\u0161echno, co marn\u011b hled\u00e1 sv\u011bt,<\/em><br \/>\n<em>ka\u017ed\u00fd boh\u00e1\u010d mi mohl z\u00e1vid\u011bt.<\/em><br \/>\n<em>N\u00e1m v\u0161em pak nav\u017edy vzali d\u016fm a zem<\/em><br \/>\n<em>a vyhnali s uboh\u00fdm rane\u010dkem<\/em><br \/>\n<em>z domova pry\u010d a snad u\u017e napo\u0159\u00e1d,<\/em><br \/>\n<em>leckter\u00fd z n\u00e1s by v ten \u010das um\u0159el r\u00e1d.<\/em><br \/>\n<em>Bez domova jsi jak bez tr\u016fnu kr\u00e1l,<\/em><br \/>\n<em>jak nebe beze hv\u011bzd, zvon, cos mu srdce vzal.<\/em><br \/>\n<em>Jsem star\u00fd mu\u017e &#8211; i kdybych nem\u011bl slov,<\/em><br \/>\n<em>nemohu zapomenout na vlast, na domov!<\/em><\/p>\n<h6>Objevte zapomenut\u00e9 kouty na \u0160umav\u011b tvo\u0159en\u00e9 nelehk\u00fdmi osudy lid\u00ed, kte\u0159\u00ed se zde po stalet\u00ed rodili, pachtili se za ob\u017eivou a um\u00edrali. Lide\u0301 vs\u030cak c\u030casto chodi\u0301 pouze na ta nejzna\u0301me\u030cjs\u030ci\u0301 a o mnohy\u0301ch zaji\u0301mavy\u0301ch mi\u0301stech c\u030casto ani nevi\u0301. Osada Scheiben \u2013 Vy\u0161ovatka je po Prav\u011bt\u00edn\u011b dal\u0161\u00edm m\u00edstem, kter\u00e9 vzniklo jihov\u00fdchodn\u011b od hradu Vimperk. I kdy\u017e nejsou k dispozici p\u0159esn\u00e9 \u00fadaje o dob\u011b zalo\u017een\u00ed, m\u016f\u017eeme p\u0159edpokl\u00e1dat obdob\u00ed okolo 14. stolet\u00ed.<\/h6>\n<p>N\u011bkter\u00e9 z dne\u0161n\u00edch d\u0159\u00edve n\u011bmeck\u00fdch p\u0159\u00edhrani\u010dn\u00edch obc\u00ed a usedlost\u00ed jako nap\u0159\u00edklad Steindlberg (Kamenn\u00e1 Lhota), Rabitz (Hrabice) Zeislitz (Cejsice) a Scheiben (Vy\u0161ovatka), kter\u00e9 se rozkl\u00e1daly v okruhu 5km od severu p\u0159es v\u00fdchod na jih okolo hradu, byly zm\u00edn\u011bny poprv\u00e9 v l\u00e9n\u011b roku 1359. Vznikly u\u017e za hrab\u011bte Albrechta z Bogenu nebo jeho n\u00e1stupce v\u00e9vody Oty IV. Bavorsk\u00e9ho. Tato \u010dasn\u00e1 a dob\u0159e promy\u0161len\u00e1 kolonizace v n\u00e1vaznosti na v\u00fdstavbu hradu souvis\u00ed mimo jin\u00e9 s t\u00edm, \u017ee \u010desk\u00fd prostor pro osidlov\u00e1n\u00ed byl pojat jako expanze a dot\u00fdkal se bezprost\u0159edn\u011b oblasti Bogenu.<\/p>\n<p>Kdy\u017e prvn\u00ed os\u00eddlenci na m\u00edst\u011b dne\u0161n\u00ed Vy\u0161ovatky za\u010dali s obd\u011bl\u00e1v\u00e1n\u00edm p\u016fdy byla v Prav\u011bt\u00edne hu\u0165 je\u0161t\u011b n\u011bjak\u00fd \u010das v provozu. Z\u0159ejm\u011b to byli potomci pracovn\u00edk\u016f hut\u00ed, kte\u0159\u00ed se pod\u00edleli na likvidaci ob\u0159\u00edch strom\u016f k z\u00edsk\u00e1v\u00e1n\u00ed pota\u0161e. Ti vyklestili a ud\u011blali prostor pro vesnici. Patrn\u011b v\u0161ak je\u0161t\u011b pracovali pro hu\u0165. Nejd\u0159\u00edve bylo vystav\u011bno 6 dom\u016f s \u010d\u00edsly 10 &#8211; 15 (z\u00e1padn\u00ed \u0159ada). Tyto domy byly tenkr\u00e1t sroubeny z kulatiny, sp\u00e1ry byly vycp\u00e1ny such\u00fdm mechem nebo pe\u0159\u00edm a zakryty \u0161t\u00edpan\u00fdmi prkny. Dnes bychom je popsali asi jako lesn\u00ed ch\u00fd\u0161e. Obytn\u00e1 \u010d\u00e1st se sest\u00e1vala nejv\u00edce ze 2 m\u00edstnost\u00ed. Na ni navazovala st\u00e1j a za n\u00ed stodola, v\u0161echno pod jednou st\u0159echou. Vym\u00fdcen\u00e1 plocha osadn\u00edk\u016f sotva p\u0159evy\u0161ovala pozemek, na kter\u00e9m st\u00e1l d\u016fm. Jak je z\u0159ejm\u00e9 z katastr\u00e1ln\u00edch map ostatn\u00ed pozemky u vesnice se nevyu\u017e\u00edvaly.<\/p>\n<p>Kr\u00e1tce po roce 1300 zapo\u010dala osidlovac\u00ed vlna, kter\u00e1 p\u0159inesla n\u011bmeck\u00e9 kolonisty z bavorsk\u00e9ho p\u0159\u00edhrani\u010d\u00ed. Usedlosti se zv\u011bt\u0161ovaly a ve Vy\u0161ovatce vznikla druh\u00e1 v\u00fdchodn\u00ed \u0159ada dom\u016f z d\u0159\u00edv\u011bj\u0161\u00edmi \u010d\u00edsly 2 &#8211; 5. Teprve od t\u00e9to doby zapo\u010dalo pl\u00e1novan\u00e9 m\u00fdcen\u00ed jednotliv\u00fdch parcel. Vym\u011b\u0159en\u00ed pozemk\u016f na severoz\u00e1pad\u011b a severov\u00fdchod\u011b se datuje do t\u00e9to doby, nebo\u0165 zde lze rozeznat desetinn\u00e9 d\u011blen\u00ed p\u0159ipadaj\u00edc\u00ed jednotliv\u00fdm majitel\u016fm, pokud se v pr\u016fb\u011bhu stalet\u00ed nezm\u011bnily prost\u0159ednictv\u00edm prodeje nebo v\u00fdm\u011bny. V 15.stolet\u00ed byly p\u0159istav\u011bny dal\u0161\u00ed 4 statky 1, 6, 9, 19. Okolo poloviny 17.st. se p\u0159ist\u011bhovali 3 chalupn\u00edci (domk\u00e1\u0159i), kte\u0159\u00ed dostali p\u0159id\u011blen\u00fd pozemek a byly zav\u00e1z\u00e1ni t\u0159etinov\u00fdm odvodem, dan\u011bmi a robotou pro sv\u00e9ho p\u00e1na.<\/p>\n<p>V roce 1413 popisuje jedna listina n\u00e1sleduj\u00edc\u00ed: Hanz Kappler ze Sulevic d\u00e1v\u00e1 sv\u00e9mu v\u011brn\u00e9mu Christi\u00e1novi \u010dasov\u011b omezen\u00fd p\u0159\u00edjem z des\u00e1tk\u016f z Vy\u0161ovatky (spr\u00e1vu obce Vy\u0161ovatka) a byl osvobozen oddan\u00ed a roboty. Tato v\u00fdhoda (pr\u00e1vo) p\u0159e\u0161la i na 3 jeho n\u00e1sledovn\u00edky. Takov\u00fdto \u00fa\u0159ad vesnick\u00e9ho rycht\u00e1\u0159e \u2013 spr\u00e1vce je zn\u00e1m ji\u017e z po\u010d\u00e1tku osidlov\u00e1n\u00ed a dnes bychom ho mohli nazvat jako starosta nebo p\u0159edseda. Vesnick\u00fd \u201erycht\u00e1\u0159\u201c mohl soudit tak\u00e9 mal\u00e9 delikty. S prop\u016fj\u010den\u00edm tohoto \u00fa\u0159adu bylo spojeno osvobozen\u00ed od dan\u011b a roboty. Soud Gansau (Prav\u011bt\u00edn), je pozd\u011bj\u0161\u00edm \u00fa\u0159adem, kter\u00fd vzniknul ze spr\u00e1vn\u011b technick\u00fdch pot\u0159eb (existoval ji\u017e kolem roku 1500) a kter\u00e9mu p\u0159\u00edslu\u0161ely tenkr\u00e1t v\u0161echny tehdej\u0161\u00ed n\u011bmeck\u00e9 vesnice okolo hradu Vimperka a krom\u011b toho tak\u00e9 Horn\u00ed Vltavice.<\/p>\n<p>V tomto obdob\u00ed, dle \u00fastn\u00edho pod\u00e1n\u00ed, m\u011bl b\u00fdt \u201eWirtshof\u201c (d\u016fm \u010d. 10) ve Vy\u0161ovatce, p\u016fvodn\u011b z\u0159ejm\u011b hospodou tzv. \u201eFreihof\u201c. Z toho by se dalo usuzovat, \u017ee N\u011bmci ve v\u0161ech dob\u00e1ch a i p\u0159es v\u0161echny zmatky ve Vy\u0161ovatce \u017eili. Za husitsk\u00fdch v\u00e1lek bylo od roku 1423 m\u00edsto vyp\u00e1len\u00e9. Obyvatel\u00e9 byli pobyti a zn\u00e1siln\u011bni. Teprve o 10 let pozd\u011bji do\u0161lo k nov\u00e9 v\u00fdstavb\u011b a \u010d\u00e1ste\u010dn\u00e9mu nov\u00e9mu os\u00eddlen\u00ed. Nejprve byli obyvatel\u00e9 p\u0159\u00edvr\u017eenci podoboj\u00ed, aby pak v\u011bt\u0161ina p\u0159e\u0161la kolem roku 1530 k protestant\u016fm. Tato n\u00e1bo\u017eensk\u00e1 rozervanost v m\u00edst\u011b trvala do 30 let\u00e9 v\u00e1lky. Od roku 1627 n\u00e1sledovala reformace. U\u017e v roce 1638 byla Vy\u0161ovatka t\u00e9m\u011b\u0159 zase cel\u00e1 katolick\u00e1, nebo\u0165 archivn\u00ed z\u00e1znam z tohoto roku zmi\u0148uje jen jednu osobu, kter\u00e1 konvertovala. V \u010desk\u00fdch sousedn\u00edch vs\u00edch vydr\u017eela nejednotnost v\u00edry podstatn\u011b d\u00e9le.<\/p>\n<p>S rokem 1601 po\u010dalo lesn\u00ed obhospoda\u0159ov\u00e1n\u00ed velk\u00fdch lesn\u00edch celk\u016f. A\u017e do t\u00e9 doby byly lesy na Boub\u00edn\u011b t\u00e9m\u011b\u0159 bezcenn\u00e9. Pouze k\u00e1cen\u00ed okolo hut\u00ed p\u0159in\u00e1\u0161elo pen\u00edze a zisk. Aby se mohlo na tyto ob\u0159\u00ed lesn\u00ed plochy l\u00e9pe dohl\u00ed\u017eet, byly rozd\u011bleny do 4 rev\u00edr\u016f. Jeden z nich je Boub\u00ednsk\u00fd nebo-li Vy\u0161ovatsk\u00fd se slu\u017eebn\u00edm s\u00eddlem hajn\u00e9ho ve Vy\u0161ovatce. Mezi jeho oblast p\u016fsoben\u00ed pat\u0159ily poles\u00ed Boub\u00edn sever a v\u00fdchod. Lesnick\u00e9 znalosti tehdy je\u0161t\u011b nebyly po\u017eadov\u00e1ny, n\u00fdbr\u017e sp\u00ed\u0161e spr\u00e1vn\u00e9 zach\u00e1zen\u00ed se zbran\u00ed. Vyhuben\u00ed divok\u00fdch zv\u00ed\u0159at jako medv\u011bd\u016f, vlk\u016f, rys\u016f bylo hlavn\u00ed \u00falohou t\u011bchto hajn\u00fdch. Jmenn\u00fd seznam hajn\u00fdch ve Vy\u0161ovatce se bohu\u017eel nezachoval.<\/p>\n<p>Okolo roku 1677 bylo zapo\u010dato s budov\u00e1n\u00edm past\u00ed na vlky ve Vy\u0161ovatsk\u00e9 rev\u00edru. Tyto asi 2,5-3 m hlubok\u00e9 a 5 m \u0161irok\u00e9 j\u00e1my byly u\u017e\u00edv\u00e1ny k rychlej\u0161\u00edmu vyhuben\u00ed drav\u00e9 zv\u011b\u0159e. Je\u0161t\u011b do vys\u00eddlen\u00ed byla na Boub\u00edn\u011b pojmenov\u00e1na \u010d\u00e1st lesa, kter\u00e1 se nach\u00e1zela v m\u00edst\u011b, kde \u00fastila silnice ze V\u010deln\u00e9 do Lukensk\u00e9 cesty \u201c U Vl\u010d\u00edch doupat\u201c. M\u011bli zde st\u00e1vat primitivn\u00ed lesn\u00ed chaty ve kter\u00fdch bydleli osoby odpov\u011bdn\u00e9 za odchyt. Tak\u00e9 ve Vy\u0161ovatce byla takov\u00e1 vl\u010d\u00ed j\u00e1ma k vid\u011bn\u00ed. Le\u017eela v lese nedaleko Veselky na pozemku sedl\u00e1ka Juliuse Heidlingera d\u016fm \u010d. 19.<\/p>\n<p>Okolo roku 1670 je zmi\u0148ov\u00e1n Veith Paule, kter\u00fd bydlel ve Vy\u0161ovatce. Roku 1751 se p\u0159ist\u011bhoval Georg K\u00f6nigbauer se \u017eenou a 3 d\u011btmi z Vy\u0161ovatky do Mitterbergu (Ra\u010d\u00ed) u Horn\u00ed Vltavice. V t\u00e9to dob\u011b se jako majitel statku \u010d. 3 zmi\u0148uje Blasius Gottal a dvora \u010d. 13 Mathias Harwalick. Podle \u00fastn\u00edho pod\u00e1n\u00ed byl b\u011bhem napoleonsk\u00fdch v\u00e1lek proch\u00e1zej\u00edc\u00ed arm\u00e1dou \u010dervenokab\u00e1tn\u00edk\u016f (Chorvati) utopen m\u00edstn\u00ed obyvatel v \u017eump\u011b u domu \u010d. 8.<\/p>\n<p>Od roku 1801 byla zah\u00e1jena v m\u00edst\u011b pravideln\u00e1 \u0161koln\u00ed v\u00fduka. Ji\u017e p\u0159edt\u00edm za Jozef\u00ednsk\u00fdch \u010das\u016f byl zn\u00e1m pojem tzv. ned\u011bln\u00edch \u0161kol. U\u010ditel\u00e9 byli v\u011bt\u0161inou vyslou\u017eil\u00ed voj\u00e1ci, kte\u0159\u00ed byly schopni pouze \u010dten\u00ed a psan\u00ed. Proto\u017ee nebyl k dispozici \u017e\u00e1dn\u00fd vhodn\u00fd prostor, konalo se vyu\u010dov\u00e1n\u00ed ka\u017ed\u00fd den v jin\u00e9m statku. Z t\u011bchto \u010das\u016f je zn\u00e1mo jm\u00e9no u\u010ditele Rothbauera. V roce 1855 byl pak zakoupen obytn\u00fd d\u016fm \u010d. 18 a nouzov\u011b adaptov\u00e1n na \u0161kolu. Na stejn\u00e9m m\u00edst\u011b byla vystav\u011bna 1886 nov\u00e1 \u0161koln\u00ed budova.<\/p>\n<p>Velk\u00fd po\u017e\u00e1r zni\u010dil 17. b\u0159ezna 1881 celou z\u00e1padn\u00ed \u0159adu dom\u016f s \u010d\u00edsly 9 &#8211; 15. Na ja\u0159e 1909 sho\u0159elo staven\u00ed sedl\u00e1ka Eliase Blaschka d\u016fm \u010d. 6 a\u017e na z\u00e1kladov\u00e9 zdi. Dal\u0161\u00ed velk\u00fd po\u017e\u00e1r zpopelnil 15.5. 1916 statky 1 a 2 (zde vypuknul po\u017e\u00e1r) 3, 4, 5.<\/p>\n<p>Z Vy\u0161ovatky bylo v 1. sv\u011btov\u00e9 v\u00e1lce nasazeno na ji\u017en\u00ed, jihov\u00fdchodn\u00ed a v\u00fdchodn\u00ed front\u011b 25 mu\u017e\u016f. P\u011bt z nich Josef Blaschko, Mathias Kaspirek, Ludwik Harwalik, Martin Jungwirth a Adolf Haidlinger padlo v boj\u00edch proti Rusku a It\u00e1lii.<\/p>\n<p>K zalo\u017een\u00ed sdru\u017een\u00ed dobrovoln\u00fdch hasi\u010d\u016f do\u0161lo roku 1934, kdy byli vybaveni modern\u00ed motorovou st\u0159\u00edka\u010dkou.<br \/>\nZvl\u00e1\u0161t\u011b velk\u00fd je seznam ztr\u00e1t voj\u00e1k\u016f za 2. sv\u011btov\u00e9 v\u00e1lky. Z 22 do zbran\u011b povolan\u00fdch mu\u017e\u016f polo\u017eilo 10 \u017eivot na r\u016fzn\u00fdch boji\u0161t\u00edch. Padl\u00ed a nebo poh\u0159e\u0161ovan\u00ed jsou: Franz Robl, Friedrich Jungwirth, Eduard Janda, Paul Schano, Johann Harwalik, Konrad Frant, Pius Wess, u\u010ditel Karl Schrank, a Johann Sager.<\/p>\n<p><strong>A je\u0161t\u011b pov\u011bst:<\/strong> <em>\u010c\u00e1ry v jeteli. Ve Vy\u0161ovatce \u017eil jeden sedl\u00e1k, kter\u00e9mu b\u00fdvala ku pomoci \u010dern\u00e1 kniha pln\u00e1 r\u016fzn\u00fdch za\u0159\u00edk\u00e1n\u00ed. Jednou mu n\u011bkter\u00fd nenechav\u00fd soused po\u017eal jetel na louce. Mu\u017e posb\u00edral rozrou\u0161en\u00fd jetel, vpletl jej mezi loukot\u011b kola u \u017eeb\u0159i\u0148\u00e1ku a pak j\u00edm to\u010dil chv\u00edli pozp\u00e1tku. Druh\u00fd den r\u00e1no byl ukraden\u00fd jetel zp\u00e1tky na louce. Mu\u017e v\u0161ak pozd\u011bji svou kouzelnou knihu sp\u00e1lil, nebo\u0165 se b\u00e1l, \u017ee by mohla p\u0159ij\u00edt do nepovolan\u00fdch rukou.<\/em><\/p>\n<p>&nbsp;<\/p>\n<p><strong>Zdroj:<\/strong> Vy\u0161ovatka, m\u016fj domov Ernst Kottal B\u00f6hmwind, s. 158 autor p\u0159eklad\u016f a \u010desk\u00fdch text\u016f Jan Mare\u0161, elektronick\u00e1 verze Ivo Kare\u0161 Jiho\u010desk\u00e1 v\u011bdeck\u00e1 knihovna v \u010cesk\u00fdch Bud\u011bjovic\u00edch, \u010c\u00e1ry v jeteli Gustav Jungbauer, B\u00f6hmerwald Sagen 1924 B\u00f6hmerw\u00e4ldler Heimatbrief, 1971, Johann Paule<\/p>\n<p><strong>P\u0159ipravuje: Miroslav K\u016eS ANDRES<\/strong><\/p>\n<p><strong>Foto: archiv autora<\/strong><\/p>\n<hr \/>\n<p>&nbsp;<\/p>\n","protected":false},"excerpt":{"rendered":"<p>&nbsp; Vy\u0161ovatka, <\/p>\n","protected":false},"author":2,"featured_media":328320,"comment_status":"open","ping_status":"open","sticky":false,"template":"","format":"gallery","meta":{"footnotes":""},"categories":[111],"tags":[],"jetpack_featured_media_url":"https:\/\/zakrasnejsivimperk.cz\/wp-content\/uploads\/2024\/11\/11\/ram-osada.jpg","_links":{"self":[{"href":"https:\/\/zakrasnejsivimperk.cz\/index.php?rest_route=\/wp\/v2\/posts\/232628"}],"collection":[{"href":"https:\/\/zakrasnejsivimperk.cz\/index.php?rest_route=\/wp\/v2\/posts"}],"about":[{"href":"https:\/\/zakrasnejsivimperk.cz\/index.php?rest_route=\/wp\/v2\/types\/post"}],"author":[{"embeddable":true,"href":"https:\/\/zakrasnejsivimperk.cz\/index.php?rest_route=\/wp\/v2\/users\/2"}],"replies":[{"embeddable":true,"href":"https:\/\/zakrasnejsivimperk.cz\/index.php?rest_route=%2Fwp%2Fv2%2Fcomments&post=232628"}],"version-history":[{"count":4,"href":"https:\/\/zakrasnejsivimperk.cz\/index.php?rest_route=\/wp\/v2\/posts\/232628\/revisions"}],"predecessor-version":[{"id":328328,"href":"https:\/\/zakrasnejsivimperk.cz\/index.php?rest_route=\/wp\/v2\/posts\/232628\/revisions\/328328"}],"wp:featuredmedia":[{"embeddable":true,"href":"https:\/\/zakrasnejsivimperk.cz\/index.php?rest_route=\/wp\/v2\/media\/328320"}],"wp:attachment":[{"href":"https:\/\/zakrasnejsivimperk.cz\/index.php?rest_route=%2Fwp%2Fv2%2Fmedia&parent=232628"}],"wp:term":[{"taxonomy":"category","embeddable":true,"href":"https:\/\/zakrasnejsivimperk.cz\/index.php?rest_route=%2Fwp%2Fv2%2Fcategories&post=232628"},{"taxonomy":"post_tag","embeddable":true,"href":"https:\/\/zakrasnejsivimperk.cz\/index.php?rest_route=%2Fwp%2Fv2%2Ftags&post=232628"}],"curies":[{"name":"wp","href":"https:\/\/api.w.org\/{rel}","templated":true}]}}