{"id":231833,"date":"2023-01-18T13:46:14","date_gmt":"2023-01-18T12:46:14","guid":{"rendered":"http:\/\/zakrasnejsivimperk.cz\/?p=231833"},"modified":"2023-01-23T14:57:47","modified_gmt":"2023-01-23T13:57:47","slug":"stara-sumava-hrabice","status":"publish","type":"post","link":"https:\/\/zakrasnejsivimperk.cz\/?p=231833","title":{"rendered":"STAR\u00c1 \u0160UMAVA: Hrabice"},"content":{"rendered":"<p><img loading=\"lazy\" decoding=\"async\" class=\"aligncenter wp-image-231834 size-full\" src=\"http:\/\/zakrasnejsivimperk.cz\/wp-content\/uploads\/2021\/08\/04\/HRABICE-U-\u0160UMAVSK\u00c9HO-VIMPERKA......jpg\" alt=\"\" width=\"1024\" height=\"949\" srcset=\"https:\/\/zakrasnejsivimperk.cz\/wp-content\/uploads\/2021\/08\/04\/HRABICE-U-\u0160UMAVSK\u00c9HO-VIMPERKA......jpg 1024w, https:\/\/zakrasnejsivimperk.cz\/wp-content\/uploads\/2021\/08\/04\/HRABICE-U-\u0160UMAVSK\u00c9HO-VIMPERKA.....-300x278.jpg 300w, https:\/\/zakrasnejsivimperk.cz\/wp-content\/uploads\/2021\/08\/04\/HRABICE-U-\u0160UMAVSK\u00c9HO-VIMPERKA.....-768x712.jpg 768w, https:\/\/zakrasnejsivimperk.cz\/wp-content\/uploads\/2021\/08\/04\/HRABICE-U-\u0160UMAVSK\u00c9HO-VIMPERKA.....-385x357.jpg 385w, https:\/\/zakrasnejsivimperk.cz\/wp-content\/uploads\/2021\/08\/04\/HRABICE-U-\u0160UMAVSK\u00c9HO-VIMPERKA.....-521x483.jpg 521w\" sizes=\"(max-width: 1024px) 100vw, 1024px\" \/><\/p>\n<p>&nbsp;<\/p>\n<h6>Prvn\u00ed p\u00edsemn\u00e1 zm\u00ednka o vesnici poch\u00e1z\u00ed z roku 1359. Ve star\u00fdch kronik\u00e1ch se m\u016f\u017eeme do\u010d\u00edst:<\/h6>\n<p><em>Ve vsi Hrabic\u00edch sloul je\u0161t\u011b roku 1610 grunt Jakuba truhl\u00e1\u0159e po starod\u00e1vnu Ji\u0159\u00edka sklen\u00e1\u0159e. Ji\u0159\u00edk sklen\u00e1\u0159, maje na dvo\u0159e Sixlov\u011b v Prav\u011bt\u00edn\u011b 200 kop gr. m\u00ed\u0161. poji\u0161t\u011bn\u00fdch, prodal je roku 1610 Sabdovi za 100 kop gr. m. Sklen\u00e1\u0159 Teml, snad toto\u017en\u00fd se sklen\u00e1\u0159em v urb\u00e1\u0159i z roku 1552 na \u010dtvrt\u00e9m m\u00edst\u011b uveden\u00fdm, m\u011bl \u017eivnost v Lipce. I prodav tento grunt dne 29. \u010dervna 1598 Vondrovi Pintarovi z Soln\u00e9 Lhoty za 106 kop, koupil si dv\u016fr n\u011bkdy Vav\u0159inci Mothejzlovi pat\u0159\u00edc\u00ed od Krystla Prykla za 58 kop gr. m. Po jeho smrti r. 1612 po\u0161acov\u00e1n dv\u016fr se svr\u0161ky a n\u00e1bytky, s d\u011bdinami a\u2018 dobytky za 60 kop; dluh\u016f na\u0161lo se 42 kop 12 gr., mezi nimi 1 kopa 26 gr. mal\u00ed\u0159i Ji\u0159\u00edkovi. K poz\u016fstal\u00e9 vdov\u011b p\u0159i\u017eenil se roku 1614 Mikul\u00e1\u0161 Singer.<\/em><\/p>\n<p>Nelze si p\u0159edstavit n\u00e1dhern\u011bj\u0161\u00ed pastvy pro oko ne\u017e v\u00fdchod slunce od Hrabic \u010di od Cejsic. Ta plnost barev je prost\u011b velkolep\u00e1. V\u0161echny vrchy kolem zlat\u00ed svit, n\u00ed\u017ee v \u00fadol\u00ed se v\u0161ak v\u00e1lej\u00ed temn\u00e9 mlhy jako vlny n\u011bjak\u00e9ho oce\u00e1nu. Ves Hrabice je obvykl\u00fdm c\u00edlem ned\u011bln\u00edch v\u00fdlet\u016f obyvatel Vimperka a vprost\u0159ed osady stoj\u00ed slohov\u011b \u010dist\u00e1 stavba n\u00e1vesn\u00ed kaple. Na sv\u00e1tek Nanebevzet\u00ed Panny Marie 15. srpna se v Hrabic\u00edch kon\u00e1 m\u00edstn\u00ed posv\u00edcen\u00ed a to sem p\u0159ich\u00e1zej\u00ed z\u00e1stupy poutn\u00edk\u016f ze v\u0161ech stran, dokud nen\u00ed velk\u00e1 n\u00e1ves zcela p\u0159epln\u011bna lidmi. Dopoledne n\u00e1le\u017e\u00ed pobo\u017enosti, odpoledne posv\u00edcensk\u00e9 z\u00e1bav\u011b. Z Vimperka sp\u011bchaj\u00ed sta\u0159\u00ed i mlad\u00ed k hospod\u011b u \u201eLindenwirta\u201c v Hrabic\u00edch, kde ani velk\u00e1 zahrada nesta\u010d\u00ed pojmout v\u0161echny hosty a stovky se jich musej\u00ed rozlo\u017eit na pa\u017eit\u011b, na luk\u00e1ch i na kopci ve st\u00ednu star\u00e9ho buku. Pon\u011bvad\u017e toho odpoledne nez\u016fstane v mnoha vimpersk\u00fdch domech ani \u017eiv\u00e1 du\u0161e, p\u0159eb\u00edr\u00e1 a\u017e do ve\u010dera ostrahu m\u011bsta hasi\u010dsk\u00fd sbor. Hrabick\u00e1 pou\u0165 se b\u011bhem let stala skute\u010dnou lidovou slavnost\u00ed, na kterou se lid\u00e9 z Vimperka t\u011b\u0161\u00ed u\u017e cel\u00e9 t\u00fddny p\u0159edem.<\/p>\n<p>Johann Steinbrener poch\u00e1zel ze star\u00e9ho selsk\u00e9ho rodu z Vy\u0161ovatky, kde by se dali jeho p\u0159edkov\u00e9 sledovat a\u017e do stolet\u00ed patn\u00e1ct\u00e9ho. D\u016fstojnost selsk\u00e9ho stavu m\u011bl tak\u0159\u00edkaj\u00edc v krvi, a tak kdy\u017e \u201ep\u0159i\u0161el k pen\u011bz\u016fm\u201c, pustil se i do \u00fasp\u011b\u0161n\u00e9ho podnik\u00e1n\u00ed v oblasti zem\u011bd\u011blstv\u00ed. Z\u00edskal tehdy dva upadl\u00e9 selsk\u00e9 dvory v obci Hrabice , jmenovaly se Annahof a Drosselhof, p\u0159i cest\u011b do Zd\u00edkova kruhovou pec s velkou cihelnou. a za\u010dal na nich hospoda\u0159it podle nejmodern\u011bj\u0161\u00edch ekonomick\u00fdch z\u00e1sad. U\u017e d\u0159\u00edve st\u00e1l nap\u0159. p\u0159i Drosselhofu asi patn\u00e1ct metr\u016f vysok\u00fd sto\u017e\u00e1r s v\u011btrn\u00fdm motorem, instalovan\u00fdm tu na Steinbrener\u016fv popud a dod\u00e1vaj\u00edc\u00edm hospod\u00e1\u0159stv\u00ed elektrickou energii. V\u011btrn\u00e1 elektr\u00e1rna p\u0159ed v\u00edce ne\u017e sto lety na \u00fadajn\u011b tak zaostal\u00e9 \u0160umav\u011b, kdo to jen kdy sly\u0161el?<\/p>\n<p>Aj, mil\u00fd sedl\u00e1\u010de, s p\u00e1ny by se dalo leccos podniknout, ale vy z Hrabic jen tak nehodl\u00e1te, m\u00e1te r\u00e1di svoje pohodl\u00ed. Tenhle zrovna tam naho\u0159e koupil kus pustopust\u00e9ho neplodn\u00e9ho pastviska, kde jakt\u011b\u017eivo nikdy nic nerostlo, a dneska tam stoj\u00ed p\u0159ep\u011bkn\u00fd dvorec, kolem \u00farodn\u00e1 pole a dobr\u00e1 luka, za nimi kr\u00e1sn\u00fd les.<br \/>\nBa, ten prost\u011b vyhl\u00ed\u017eej\u00edc\u00ed p\u00e1n s vysok\u00fdm \u010delem a v\u00fdraznou tv\u00e1\u0159\u00ed je pan velkopodnikatel Johann Steinbrener. \u010clov\u011bk mus\u00ed \u017easnout, jak mnohostrann\u00fdch aktivit je schopen. Dole ve m\u011bst\u011b mno\u017estv\u00ed tov\u00e1ren a tady v Hrabic\u00edch zase vzorn\u00e9 zem\u011bd\u011blsk\u00e9 hospod\u00e1\u0159stv\u00ed. V\u0161echna tato podnik\u00e1n\u00ed jsou podle jeho hesla \u201eNejprv zv\u00e1\u017eit, pak se odv\u00e1\u017eit!\u201c zalo\u017eena na zdrav\u00e9 \u00favaze, kvetou a da\u0159\u00ed se jim, ani\u017e by to \u0161t\u011bst\u00ed, podlo\u017een\u00e9 nav\u00edc i p\u00edl\u00ed a vytrvalost\u00ed, \u010dinilo sv\u00e9ho nositele zpupn\u00fdm \u010di namy\u0161len\u00fdm. Je to stejn\u011b oby\u010dejn\u00fd mu\u017e jako byl v\u017edycky d\u0159\u00edv, mu\u017e, kter\u00fd i s t\u00edm nejchud\u0161\u00edm dovede obcovat co nejp\u0159\u00e1tel\u0161t\u011bji a nejlid\u0161t\u011bji, kter\u00fd je v ka\u017ed\u00fd \u010das p\u0159ipraven st\u00e1t p\u0159i sv\u00fdch spoluob\u010danech radou i \u010dinem. Jen \u0161koda, \u017ee jeho dobr\u00fd p\u0159\u00edklad zejm\u00e9na v racioneln\u00ed p\u00e9\u010di o pole a luka je tak m\u00e1lo n\u00e1sledov\u00e1n a sedl\u00e1ci z Hrabic a okol\u00ed setrv\u00e1vaj\u00ed ve sv\u00e9m star\u00e9m \u0161lendri\u00e1nstv\u00ed.<\/p>\n<p><strong>A je\u0161t\u011b pov\u011bst:<\/strong> <em>Ohniv\u00fd pecen. V Hrabic\u00edch nad Vimperkem bydleli dva hospod\u00e1\u0159i, Fajfr a Hepler. Ten z\u00e1vid\u011bl sv\u00e9mu sousedu jednu kr\u00e1snou louku. A st\u00e1le p\u0159em\u00fd\u0161lel, jak by ji z\u00edskal. ~ Jednou ude\u0159ila tuh\u00e1 zima a v\u00edtr zav\u00e1l sn\u011bhem Fajfrovi chalupu a\u017e po st\u0159echu. Po p\u00e1r dnech tam ude\u0159il hlad. ~ A tak se Fajfr vydal sn\u011bhem a ledem pro trochu j\u00eddla. Kdy\u017e se prohrabal k sousedovi, padl vys\u00edlen na prahu a zoufale prosil o sk\u00fdvu chleba. U Hepler\u016f m\u011bli zrovna na stole pecen chleba a hospod\u00e1\u0159 p\u0159i\u0161el na h\u0159\u00ed\u0161nou my\u0161lenku. \u201eDostane\u0161 ten chleba, ale za to mi odstoup\u00ed\u0161 tu svoji louku v Luhu.\u201c Fajfr na\u0159\u00edkal, ale hlad byl siln\u011bj\u0161\u00ed, a tak si pl\u00e1cli. ~ Louka v\u0161ak lakomci \u0161t\u011bst\u00ed nep\u0159inesla. Sotva nastala senose\u010d, za\u010dal jej na t\u00e9 louce stra\u0161it ohniv\u00fd pecen. ~ Jakmile Hepler vy\u0161el na Luh, hned se za n\u00edm \u0159\u00edtilo ono podivn\u00e9 stra\u0161idlo a hrozilo, \u017ee mu i chalupu zap\u00e1l\u00ed. ~ A proto\u017ee ani potomci necht\u011bli od\u010dinit d\u00e1vnou k\u0159ivdu, ohniv\u00fd pecen se tam kut\u00e1l\u00ed dodnes.<\/em><\/p>\n<p>&nbsp;<\/p>\n<p><strong>Zdroj:<\/strong> Ohniv\u00fd pecen Josef Pavel, Boub\u00edn \u0161umavsk\u00fd prales, 1938<\/p>\n<p><strong>P\u0159ipravuje: Miroslav K\u016eS ANDRES<\/strong><\/p>\n<p><strong>Foto: archiv autora<\/strong><\/p>\n<hr \/>\n<p>&nbsp;<\/p>\n<p>&nbsp;<\/p>\n","protected":false},"excerpt":{"rendered":"<p>&nbsp; Prvn\u00ed <\/p>\n","protected":false},"author":2,"featured_media":271414,"comment_status":"open","ping_status":"open","sticky":false,"template":"","format":"gallery","meta":{"footnotes":""},"categories":[74,86],"tags":[],"jetpack_featured_media_url":"https:\/\/zakrasnejsivimperk.cz\/wp-content\/uploads\/2023\/01\/18\/r\u00e1m-hrabice.jpg","_links":{"self":[{"href":"https:\/\/zakrasnejsivimperk.cz\/index.php?rest_route=\/wp\/v2\/posts\/231833"}],"collection":[{"href":"https:\/\/zakrasnejsivimperk.cz\/index.php?rest_route=\/wp\/v2\/posts"}],"about":[{"href":"https:\/\/zakrasnejsivimperk.cz\/index.php?rest_route=\/wp\/v2\/types\/post"}],"author":[{"embeddable":true,"href":"https:\/\/zakrasnejsivimperk.cz\/index.php?rest_route=\/wp\/v2\/users\/2"}],"replies":[{"embeddable":true,"href":"https:\/\/zakrasnejsivimperk.cz\/index.php?rest_route=%2Fwp%2Fv2%2Fcomments&post=231833"}],"version-history":[{"count":3,"href":"https:\/\/zakrasnejsivimperk.cz\/index.php?rest_route=\/wp\/v2\/posts\/231833\/revisions"}],"predecessor-version":[{"id":271415,"href":"https:\/\/zakrasnejsivimperk.cz\/index.php?rest_route=\/wp\/v2\/posts\/231833\/revisions\/271415"}],"wp:featuredmedia":[{"embeddable":true,"href":"https:\/\/zakrasnejsivimperk.cz\/index.php?rest_route=\/wp\/v2\/media\/271414"}],"wp:attachment":[{"href":"https:\/\/zakrasnejsivimperk.cz\/index.php?rest_route=%2Fwp%2Fv2%2Fmedia&parent=231833"}],"wp:term":[{"taxonomy":"category","embeddable":true,"href":"https:\/\/zakrasnejsivimperk.cz\/index.php?rest_route=%2Fwp%2Fv2%2Fcategories&post=231833"},{"taxonomy":"post_tag","embeddable":true,"href":"https:\/\/zakrasnejsivimperk.cz\/index.php?rest_route=%2Fwp%2Fv2%2Ftags&post=231833"}],"curies":[{"name":"wp","href":"https:\/\/api.w.org\/{rel}","templated":true}]}}