{"id":231206,"date":"2021-09-06T07:48:17","date_gmt":"2021-09-06T06:48:17","guid":{"rendered":"http:\/\/zakrasnejsivimperk.cz\/?p=231206"},"modified":"2021-09-06T12:35:09","modified_gmt":"2021-09-06T11:35:09","slug":"historicke-foto-vimperk-druha-polovina-devadesatych-let-branku-fotbaloveho-oddilu-sumavan-hajili-bratri-jiri-vlevo-a-zdenek-formankovi-na-snimku-se-svym-otcem-a-trenerem-jirim-formankem","status":"publish","type":"post","link":"https:\/\/zakrasnejsivimperk.cz\/?p=231206","title":{"rendered":"HISTORICK\u00c9 FOTO: Vimperk, druh\u00e1 polovina devades\u00e1t\u00fdch let &#8211; branku fotbalov\u00e9ho odd\u00edlu \u0160umavan h\u00e1jili brat\u0159i Ji\u0159\u00ed (vlevo) a Zden\u011bk Form\u00e1nkovi. Na sn\u00edmku se sv\u00fdm otcem a tren\u00e9rem Ji\u0159\u00edm Form\u00e1nkem"},"content":{"rendered":"<p><img loading=\"lazy\" decoding=\"async\" class=\"aligncenter wp-image-231207 size-full\" src=\"http:\/\/zakrasnejsivimperk.cz\/wp-content\/uploads\/2021\/07\/27\/form\u00e1nkov\u00e9-1.jpg\" alt=\"\" width=\"1012\" height=\"650\" srcset=\"https:\/\/zakrasnejsivimperk.cz\/wp-content\/uploads\/2021\/07\/27\/form\u00e1nkov\u00e9-1.jpg 1012w, https:\/\/zakrasnejsivimperk.cz\/wp-content\/uploads\/2021\/07\/27\/form\u00e1nkov\u00e9-1-300x193.jpg 300w, https:\/\/zakrasnejsivimperk.cz\/wp-content\/uploads\/2021\/07\/27\/form\u00e1nkov\u00e9-1-768x493.jpg 768w, https:\/\/zakrasnejsivimperk.cz\/wp-content\/uploads\/2021\/07\/27\/form\u00e1nkov\u00e9-1-100x65.jpg 100w, https:\/\/zakrasnejsivimperk.cz\/wp-content\/uploads\/2021\/07\/27\/form\u00e1nkov\u00e9-1-556x357.jpg 556w, https:\/\/zakrasnejsivimperk.cz\/wp-content\/uploads\/2021\/07\/27\/form\u00e1nkov\u00e9-1-752x483.jpg 752w\" sizes=\"(max-width: 1012px) 100vw, 1012px\" \/><\/p>\n<p style=\"text-align: center;\"><strong>Foto: Zden\u011bk JUNGVIRT<\/strong><\/p>\n<p>&nbsp;<\/p>\n<p>&nbsp;<\/p>\n<p>&nbsp;<\/p>\n","protected":false},"excerpt":{"rendered":"<p>Foto: Zden\u011bk <\/p>\n","protected":false},"author":2,"featured_media":232390,"comment_status":"open","ping_status":"open","sticky":false,"template":"","format":"gallery","meta":{"footnotes":""},"categories":[74],"tags":[],"jetpack_featured_media_url":"https:\/\/zakrasnejsivimperk.cz\/wp-content\/uploads\/2021\/08\/10\/r\u00e1me\u010dek-form\u00e1nkov\u00e9.jpg","_links":{"self":[{"href":"https:\/\/zakrasnejsivimperk.cz\/index.php?rest_route=\/wp\/v2\/posts\/231206"}],"collection":[{"href":"https:\/\/zakrasnejsivimperk.cz\/index.php?rest_route=\/wp\/v2\/posts"}],"about":[{"href":"https:\/\/zakrasnejsivimperk.cz\/index.php?rest_route=\/wp\/v2\/types\/post"}],"author":[{"embeddable":true,"href":"https:\/\/zakrasnejsivimperk.cz\/index.php?rest_route=\/wp\/v2\/users\/2"}],"replies":[{"embeddable":true,"href":"https:\/\/zakrasnejsivimperk.cz\/index.php?rest_route=%2Fwp%2Fv2%2Fcomments&post=231206"}],"version-history":[{"count":6,"href":"https:\/\/zakrasnejsivimperk.cz\/index.php?rest_route=\/wp\/v2\/posts\/231206\/revisions"}],"predecessor-version":[{"id":233970,"href":"https:\/\/zakrasnejsivimperk.cz\/index.php?rest_route=\/wp\/v2\/posts\/231206\/revisions\/233970"}],"wp:featuredmedia":[{"embeddable":true,"href":"https:\/\/zakrasnejsivimperk.cz\/index.php?rest_route=\/wp\/v2\/media\/232390"}],"wp:attachment":[{"href":"https:\/\/zakrasnejsivimperk.cz\/index.php?rest_route=%2Fwp%2Fv2%2Fmedia&parent=231206"}],"wp:term":[{"taxonomy":"category","embeddable":true,"href":"https:\/\/zakrasnejsivimperk.cz\/index.php?rest_route=%2Fwp%2Fv2%2Fcategories&post=231206"},{"taxonomy":"post_tag","embeddable":true,"href":"https:\/\/zakrasnejsivimperk.cz\/index.php?rest_route=%2Fwp%2Fv2%2Ftags&post=231206"}],"curies":[{"name":"wp","href":"https:\/\/api.w.org\/{rel}","templated":true}]}}