{"id":230463,"date":"2021-07-21T12:32:47","date_gmt":"2021-07-21T11:32:47","guid":{"rendered":"http:\/\/zakrasnejsivimperk.cz\/?p=230463"},"modified":"2021-07-21T12:32:47","modified_gmt":"2021-07-21T11:32:47","slug":"vseobecna-zdravotni-pojistovna-opravny-prehled","status":"publish","type":"post","link":"https:\/\/zakrasnejsivimperk.cz\/?p=230463","title":{"rendered":"V\u0160EOBECN\u00c1 ZDRAVOTN\u00cd POJI\u0160\u0164OVNA: Opravn\u00fd p\u0159ehled"},"content":{"rendered":"<p><img loading=\"lazy\" decoding=\"async\" class=\"aligncenter wp-image-201756 size-full\" src=\"http:\/\/zakrasnejsivimperk.cz\/wp-content\/uploads\/2020\/08\/31\/vzp-logo.png\" alt=\"\" width=\"646\" height=\"223\" srcset=\"https:\/\/zakrasnejsivimperk.cz\/wp-content\/uploads\/2020\/08\/31\/vzp-logo.png 646w, https:\/\/zakrasnejsivimperk.cz\/wp-content\/uploads\/2020\/08\/31\/vzp-logo-300x104.png 300w\" sizes=\"(max-width: 646px) 100vw, 646px\" \/><\/p>\n<h6 style=\"text-align: center;\">OT\u00c1ZKA T\u00ddDNE:<\/h6>\n<h6 style=\"text-align: center;\">Pod\u00e1v\u00e1m nyn\u00ed jako OSV\u010c opravn\u00e9 da\u0148ov\u00e9 p\u0159izn\u00e1n\u00ed za roky 2018 a 2019. Mus\u00edm kv\u016fli tomu podat i \u201eopravn\u00fd p\u0159ehled\u201c zdravotn\u00ed poji\u0161\u0165ovn\u011b? Jak m\u00e1m postupovat?<\/h6>\n<h6 style=\"text-align: center;\">ODPOV\u011a\u010e:<\/h6>\n<p>Ano, mus\u00edte podat opravn\u00fd p\u0159ehled o sv\u00fdch p\u0159\u00edjmech a v\u00fddaj\u00edch za dan\u00e9 kalend\u00e1\u0159n\u00ed roky. Tato povinnost je uvedena v z\u00e1kon\u011b \u010d. 592\/1992 Sb., o pojistn\u00e9m na ve\u0159ejn\u00e9 zdravotn\u00ed poji\u0161t\u011bn\u00ed, v n\u00e1vaznosti na povinnost OSV\u010c p\u0159edlo\u017eit zdravotn\u00ed poji\u0161\u0165ovn\u011b p\u0159ehled o sv\u00fdch p\u0159\u00edjmech a v\u00fddaj\u00edch vynalo\u017een\u00fdch na jejich dosa\u017een\u00ed, zaji\u0161t\u011bn\u00ed a udr\u017een\u00ed, zaplacen\u00fdch z\u00e1loh\u00e1ch na pojistn\u00e9, vym\u011b\u0159ovac\u00edm z\u00e1kladu a pojistn\u00e9m vypo\u010dten\u00e9m z tohoto vym\u011b\u0159ovac\u00edho z\u00e1kladu. Zm\u011bn\u00ed-li se dodate\u010dn\u011b tyto ozn\u00e1men\u00e9 \u00fadaje, vznik\u00e1 OSV\u010c povinnost ohl\u00e1sit zm\u011bny do osmi dn\u016f ode dne, kdy se o nich dozv\u011bd\u011bla. K tomuto \u00fa\u010delu vypln\u00ed a pod\u00e1 opravn\u00fd p\u0159ehled.<\/p>\n<p>Pro jistotu upozor\u0148ujeme, \u017ee je nutno opravn\u00fd p\u0159ehled podat t\u00e9 zdravotn\u00ed poji\u0161\u0165ovn\u011b (ev. poji\u0161\u0165ovn\u00e1m), u n\u00ed\u017e OSV\u010c byla poji\u0161t\u011bna v dan\u00e9m kalend\u00e1\u0159n\u00edm roce, a t\u00e9to poji\u0161\u0165ovn\u011b tak\u00e9 zaplatit p\u0159\u00edpadn\u00e9 dlu\u017en\u00e9 pojistn\u00e9.<\/p>\n<p>Pro pod\u00e1n\u00ed opravn\u00e9ho p\u0159ehledu mus\u00edte v\u017edy pou\u017e\u00edt formul\u00e1\u0159 za p\u0159\u00edslu\u0161n\u00fd kalend\u00e1\u0159n\u00ed rok, jeho\u017e se zm\u011bna t\u00fdk\u00e1 \u2013 zde tedy za rok 2018 a za rok 2019. Pro pod\u00e1n\u00ed p\u0159ehledu V\u0161eobecn\u00e9 zdravotn\u00ed poji\u0161\u0165ovn\u011b najdete na str\u00e1nce <a href=\"https:\/\/www.vzp.cz\/platci\/formulare\/prehled-o-prijmech-a-vydajich-osvc\" target=\"_blank\" rel=\"noopener\"><strong>https:\/\/www.vzp.cz\/platci\/formulare\/prehled-o-prijmech-a-vydajich-osvc<\/strong><\/a> nejen aktu\u00e1ln\u00ed formul\u00e1\u0159 za posledn\u00ed kalend\u00e1\u0159n\u00ed rok, ale i archiv formul\u00e1\u0159\u016f za roky p\u0159edchoz\u00ed. Na formul\u00e1\u0159i je v z\u00e1hlav\u00ed ozna\u010den\u00ed typu p\u0159ehledu: \u0159\u00e1dn\u00fd a opravn\u00fd; za\u0161krtnete tedy pol\u00ed\u010dko \u201eopravn\u00fd\u201c.<\/p>\n<p>Vyjde-li v\u00fdpo\u010dtem nov\u011b ni\u017e\u0161\u00ed \u010d\u00e1stka, ne\u017e u\u017e byla za dan\u00fd rok zaplacena, je podan\u00fd opravn\u00fd p\u0159ehled pova\u017eov\u00e1n z\u00e1rove\u0148 za \u017e\u00e1dost o vr\u00e1cen\u00ed p\u0159eplatku (pokud pl\u00e1tce nepo\u017e\u00e1d\u00e1 o pou\u017eit\u00ed p\u0159eplatku na \u00fahradu z\u00e1lohy na pojistn\u00e9 na dal\u0161\u00ed obdob\u00ed); vyjde-li vy\u0161\u0161\u00ed, mus\u00edte rozd\u00edl zdravotn\u00ed poji\u0161\u0165ovn\u011b doplatit. Dlu\u017en\u00e9 pojistn\u00e9 mus\u00ed OSV\u010c doplatit do 30 dn\u016f ode dne, kdy se o n\u011bm dozv\u011bd\u011bla.<\/p>\n<p><strong>(tzvzp)<\/strong><\/p>\n<p>&nbsp;<\/p>\n<p>&nbsp;<\/p>\n<p>&nbsp;<\/p>\n<p>&nbsp;<\/p>\n","protected":false},"excerpt":{"rendered":"<p>OT\u00c1ZKA T\u00ddDNE: <\/p>\n","protected":false},"author":2,"featured_media":230464,"comment_status":"open","ping_status":"open","sticky":false,"template":"","format":"gallery","meta":{"footnotes":""},"categories":[88],"tags":[],"jetpack_featured_media_url":"https:\/\/zakrasnejsivimperk.cz\/wp-content\/uploads\/2021\/07\/19\/r\u00e1me\u010dek-ot\u00e1zka-t\u00fddne.jpg","_links":{"self":[{"href":"https:\/\/zakrasnejsivimperk.cz\/index.php?rest_route=\/wp\/v2\/posts\/230463"}],"collection":[{"href":"https:\/\/zakrasnejsivimperk.cz\/index.php?rest_route=\/wp\/v2\/posts"}],"about":[{"href":"https:\/\/zakrasnejsivimperk.cz\/index.php?rest_route=\/wp\/v2\/types\/post"}],"author":[{"embeddable":true,"href":"https:\/\/zakrasnejsivimperk.cz\/index.php?rest_route=\/wp\/v2\/users\/2"}],"replies":[{"embeddable":true,"href":"https:\/\/zakrasnejsivimperk.cz\/index.php?rest_route=%2Fwp%2Fv2%2Fcomments&post=230463"}],"version-history":[{"count":1,"href":"https:\/\/zakrasnejsivimperk.cz\/index.php?rest_route=\/wp\/v2\/posts\/230463\/revisions"}],"predecessor-version":[{"id":230465,"href":"https:\/\/zakrasnejsivimperk.cz\/index.php?rest_route=\/wp\/v2\/posts\/230463\/revisions\/230465"}],"wp:featuredmedia":[{"embeddable":true,"href":"https:\/\/zakrasnejsivimperk.cz\/index.php?rest_route=\/wp\/v2\/media\/230464"}],"wp:attachment":[{"href":"https:\/\/zakrasnejsivimperk.cz\/index.php?rest_route=%2Fwp%2Fv2%2Fmedia&parent=230463"}],"wp:term":[{"taxonomy":"category","embeddable":true,"href":"https:\/\/zakrasnejsivimperk.cz\/index.php?rest_route=%2Fwp%2Fv2%2Fcategories&post=230463"},{"taxonomy":"post_tag","embeddable":true,"href":"https:\/\/zakrasnejsivimperk.cz\/index.php?rest_route=%2Fwp%2Fv2%2Ftags&post=230463"}],"curies":[{"name":"wp","href":"https:\/\/api.w.org\/{rel}","templated":true}]}}