{"id":229902,"date":"2024-10-09T17:51:27","date_gmt":"2024-10-09T16:51:27","guid":{"rendered":"http:\/\/zakrasnejsivimperk.cz\/?p=229902"},"modified":"2024-10-09T17:51:27","modified_gmt":"2024-10-09T16:51:27","slug":"stara-sumava-a-posumavi-bohumilicky-meteorit","status":"publish","type":"post","link":"https:\/\/zakrasnejsivimperk.cz\/?p=229902","title":{"rendered":"STAR\u00c1 \u0160UMAVA A PO\u0160UMAV\u00cd: Bohumilick\u00fd meteorit"},"content":{"rendered":"<p><img loading=\"lazy\" decoding=\"async\" class=\"aligncenter wp-image-229903 size-full\" src=\"http:\/\/zakrasnejsivimperk.cz\/wp-content\/uploads\/2021\/07\/13\/BOHUMILICK\u00dd-METEORIT-Z-PO\u0160UMAV\u00cd......jpg\" alt=\"\" width=\"1024\" height=\"1024\" srcset=\"https:\/\/zakrasnejsivimperk.cz\/wp-content\/uploads\/2021\/07\/13\/BOHUMILICK\u00dd-METEORIT-Z-PO\u0160UMAV\u00cd......jpg 1024w, https:\/\/zakrasnejsivimperk.cz\/wp-content\/uploads\/2021\/07\/13\/BOHUMILICK\u00dd-METEORIT-Z-PO\u0160UMAV\u00cd.....-150x150.jpg 150w, https:\/\/zakrasnejsivimperk.cz\/wp-content\/uploads\/2021\/07\/13\/BOHUMILICK\u00dd-METEORIT-Z-PO\u0160UMAV\u00cd.....-300x300.jpg 300w, https:\/\/zakrasnejsivimperk.cz\/wp-content\/uploads\/2021\/07\/13\/BOHUMILICK\u00dd-METEORIT-Z-PO\u0160UMAV\u00cd.....-768x768.jpg 768w, https:\/\/zakrasnejsivimperk.cz\/wp-content\/uploads\/2021\/07\/13\/BOHUMILICK\u00dd-METEORIT-Z-PO\u0160UMAV\u00cd.....-357x357.jpg 357w, https:\/\/zakrasnejsivimperk.cz\/wp-content\/uploads\/2021\/07\/13\/BOHUMILICK\u00dd-METEORIT-Z-PO\u0160UMAV\u00cd.....-483x483.jpg 483w, https:\/\/zakrasnejsivimperk.cz\/wp-content\/uploads\/2021\/07\/13\/BOHUMILICK\u00dd-METEORIT-Z-PO\u0160UMAV\u00cd.....-210x210.jpg 210w\" sizes=\"(max-width: 1024px) 100vw, 1024px\" \/><\/p>\n<p>&nbsp;<\/p>\n<p><strong>Meteory<\/strong><br \/>\n<em>Zd\u00e1 se mi to, nebo nezd\u00e1?<\/em><br \/>\n<em>Po obloze pad\u00e1 hv\u011bzda!<\/em><br \/>\n<em>A hned jinde za n\u00ed let\u00ed<\/em><br \/>\n<em>stejn\u011b rychle druh\u00e1, t\u0159et\u00ed.<\/em><br \/>\n<em>A ne\u017e zmiz\u00ed jej\u00ed p\u00e1d,<\/em><br \/>\n<em>rychle zkus si n\u011bco p\u0159\u00e1t!<\/em> <strong>(Ivan Blatn\u00fd: Meteory)<\/strong><\/p>\n<p>Ur\u010dit\u011b jste to mnohokr\u00e1t za\u017eili: sledujete no\u010dn\u00ed nebe, kdy\u017e najednou pro\u010d\u00edsne oblohu jako sv\u011bteln\u00fd \u0161\u00edp \u201epadaj\u00edc\u00ed hv\u011bzda\u201c. V tu chv\u00edli jste se stali sv\u011bdky z\u00e1niku mal\u00e9ho kosmick\u00e9ho sm\u00edtka, kter\u00e9 mo\u017en\u00e1 po miliardy let putovalo na\u0161\u00ed Slune\u010dn\u00ed soustavou. Mezi planetami se takov\u00e9ho \u201ekosmick\u00e9ho smet\u00ed\u201c potuluje velk\u00e9 mno\u017estv\u00ed. Jsou to mnohdy je\u0161t\u011b poz\u016fstatky z dob formov\u00e1n\u00ed Slune\u010dn\u00ed soustavy nebo trosky po koliz\u00edch planetek, drobn\u00e1 ledov\u00e1 zrn\u00ed\u010dka uvoln\u011bn\u00e1 z komet\u00e1rn\u00edch jader a vz\u00e1cn\u011b i kusy balvan\u016f vyra\u017een\u00e9 z povrchu M\u011bs\u00edce nebo sousedn\u00edch planet po st\u0159etu s opravdu velk\u00fdmi t\u011blesy. Pravd\u011bpodobnost, \u017ee v\u00e1s zas\u00e1hne meteorit, je sice t\u00e9m\u011b\u0159 nulov\u00e1, ale nen\u00ed to vylou\u010den\u00e9. Zjistit, jak \u010dasto doch\u00e1z\u00ed ke zran\u011bn\u00ed \u010di dokonce \u00famrt\u00ed \u010dlov\u011bka po z\u00e1sahu meteoritem, ov\u0161em nen\u00ed snadn\u00e9, proto\u017ee zpr\u00e1vy ze star\u0161\u00ed doby jsou \u010dasto nep\u0159esn\u00e9 a ne\u00fapln\u00e9.<\/p>\n<p>U\u017e jste n\u011bkdy p\u0159em\u00fd\u0161leli, jak p\u011bkn\u00e9 by to bylo, m\u00edt doma mal\u00fd kousek vesm\u00edru? T\u0159eba takov\u00fd meteorit&#8230; Jen\u017ee naj\u00edt onu pov\u011bstnou jehlu m\u016f\u017ee b\u00fdt n\u011bkdy mnohem jednodu\u0161\u0161\u00ed! Dne 19. z\u00e1\u0159\u00ed roku 1829 po prudk\u00e9m de\u0161ti byl vyor\u00e1n na poli, asi 150 metr\u016f od bohumilick\u00e9ho z\u00e1mku, 50 kg t\u011b\u017ek\u00fd \u017eelezit\u00fd balvan. Dr. Karel Klaudi, majitel velkostatku \u010ckyn\u011b u Bohumilic, upozornil na to, \u017ee by mohlo j\u00edt o \u017eelezn\u00fd meteorit Tento p\u011bkn\u00fd kus \u017eeleza poslou\u017eil nejprve za patn\u00edk u br\u00e1ny bohumilick\u00e9ho z\u00e1mku, a\u017e kdosi upozornil v\u011bdce v Praze na toto \u201e\u017eelezo z nebes\u201c a tak byl v roce 1830 v\u011bnov\u00e1n tehdej\u0161\u00edm majitelem m\u00edstn\u00edho panstv\u00ed baronem Franti\u0161kem Malovcem Vlasteneck\u00e9mu muzeu v Praze. Nejv\u011bt\u0161\u00ed kus z\u016fstal v Praze, dal\u0161\u00ed kusy byly darov\u00e1ny do V\u00eddn\u011b, Berl\u00edna a do Chicaga.<\/p>\n<p>Bohumilick\u00fd meteorit o hmotnosti 57 681 g a rozm\u011brech 335 x 235 x 193 mm je tvaru nepravideln\u00e9ho trojbok\u00e9ho hranolu, pat\u0159\u00ed mezi meteority \u017eelezit\u00e9. Byl podroben mnoha odborn\u00fdm zkoum\u00e1n\u00edm. Ji\u017e v roce 1830 byla provedena chemick\u00e1 anal\u00fdza a popis meteoritu, kter\u00fd provedl v\u00fdznamn\u00fd profesor Franti\u0161ek X. M. Zippe. Ji\u017e tehdy bylo zji\u0161t\u011bno, \u017ee jde o \u017eelezit\u00fd meteorit s p\u0159\u00edm\u011bs\u00ed niklu, s\u00edry, grafitu a troilitu. V roce 1889 nalezl majitel bohumilick\u00e9ho panstv\u00ed Arno\u0161t Lumbe na lesn\u00ed cest\u011b v lese pobl\u00ed\u017e Bo\u0159anovic dal\u0161\u00ed kus tohoto meteoritu velik\u00fd jako lidsk\u00e1 p\u011bst. Lumbe nechal meteorit na jedn\u00e9 stran\u011b obrousit a pou\u017e\u00edval jej jako t\u011b\u017e\u00edtko na pap\u00edrov\u00e9 pen\u00edze. Tento kus meteoritu o hmotnosti 962 g se ztratil nezn\u00e1mo kam. V roce 1925 vyoral Jan Mat\u011bjka z Vnarova dal\u0161\u00ed \u010d\u00e1st tohoto meteoritu o hmotnosti 6 kg.<\/p>\n<p>Tento meteorit se nejprve dostal do \u0161koln\u00edch sb\u00edrek a pozd\u011bji byl darov\u00e1n t\u00e9\u017e do N\u00e1rodn\u00edho muzea. N\u00e1lez zam\u011bstn\u00e1val po dlouhou dobu mnoho v\u011bdc\u016f, kte\u0159\u00ed o n\u011bm popsali v\u00edce pap\u00edru, ne\u017e s\u00e1m v\u00e1\u017eil. Nalezen\u00e9 meteority v bohumilick\u00e9 oblasti jsou z\u0159ejm\u011b p\u016fvodem z jednoho de\u0161t\u011b meteorit\u016f, kter\u00fd zas\u00e1hl v prad\u00e1vn\u00fdch dob\u00e1ch \u0160umavu. V Bohumilic\u00edch se udr\u017eovala pov\u011bst, \u017ee se u domku \u010d. 5 snesl \u010dert a propadl se tam do zem\u011b. Tuto pov\u011bst p\u0159evzal \u017del\u00edzko, kter\u00fd ji spojil s historicky dolo\u017een\u00fdm p\u00e1dem meteoritu (pov\u011btron\u011b) z 1. 1. 1770. Bohumilick\u00e9 \u017eelezo bylo v\u0161ak velmi siln\u011b poru\u0161en\u00e9, do hloubky zv\u011btral\u00e9 a dnes se p\u0159edpokl\u00e1d\u00e1, \u017ee le\u017eelo v zemi alespo\u0148 1500 let. Lid v tomto \u201eposlu nebes\u201c vid\u011bl \u201ehn\u011bv bo\u017e\u00ed,\u201c ale po dlouh\u00fd \u010das se zde tradovala i pov\u011bst, \u017ee \u201ekdysi tu \u010dert spadl z nebe a zabo\u0159il se do pole\u201c to podle sirn\u00e9ho z\u00e1pachu, kter\u00fd p\u00e1d \u017eeleza doprov\u00e1zel.<\/p>\n<p>Druh\u00fd kus meteorick\u00e9ho \u017eeleza Bohumilice o hmotnosti 962 g byl nalezen na panstv\u00ed skalick\u00e9m (pravd\u011bpodobn\u011b u Smr\u010dn\u00e9) v roce 1892. T\u0159et\u00ed kus o hmotnosti 5,850 kg byl vyor\u00e1n ssz. od V\u00fd\u0161kovic v roce 1933. V\u0161echny t\u0159i n\u00e1lezy jsou chemicky i strukturn\u011b zcela shodn\u00e9, \u0161lo pravd\u011bpodobn\u011b o mal\u00fd meteorick\u00fd d\u00e9\u0161\u0165. Nen\u00ed vylou\u010deno, \u017ee i v budoucnosti budou nalezeny dal\u0161\u00ed kusy tohoto meteoritu. M\u00edsta jednotliv\u00fdch n\u00e1lez\u016f jsou od sebe vzd\u00e1lena nejv\u00edce 4 km. V\u0161echny t\u0159i kusy jsou velmi siln\u011b zv\u011btral\u00e9 a hluboce d\u016flkovan\u00e9. Jen m\u00edsty lze pozorovat n\u00e1znaky p\u016fvodn\u00edho tvaru, k\u016fra chyb\u00ed. Vnit\u0159n\u00ed struktura hrub\u011b krystalovan\u00e9ho \u017eeleza je patrn\u00e1 na nale\u0161t\u011bn\u00e9 a naleptan\u00e9 plo\u0161e \u0159ezu meteoritem. Bohumilice maj\u00ed tu \u010dest, \u017ee se poda\u0159ilo pan\u00ed Hir\u0161lov\u00e9 \u2013 majitelce m\u00edstn\u00edho panstv\u00ed Skalice, obstarat v\u011brnou kopii velk\u00e9ho bohumilick\u00e9ho meteoritu, kter\u00e1 je ulo\u017eena v soukrom\u00e9m depozit\u00e1\u0159i v\u00fdstavn\u00edch prostor z\u00e1mku Skalice.<\/p>\n<p>&nbsp;<\/p>\n<p><strong>Zdroj:<\/strong> Blanka \u0160reinov\u00e1, Marcela Bukovansk\u00e1 N\u00e1rodn\u00ed muzeum,<\/p>\n<p><strong>P\u0159ipravuje: Miroslav K\u016eS ANDRES<\/strong><\/p>\n<p><strong>Foto: archiv autora<\/strong><\/p>\n<hr \/>\n<p>&nbsp;<\/p>\n","protected":false},"excerpt":{"rendered":"<p>&nbsp; Meteory <\/p>\n","protected":false},"author":2,"featured_media":324838,"comment_status":"open","ping_status":"open","sticky":false,"template":"","format":"gallery","meta":{"footnotes":""},"categories":[111],"tags":[],"jetpack_featured_media_url":"https:\/\/zakrasnejsivimperk.cz\/wp-content\/uploads\/2024\/10\/09\/ram-meteorit.jpg","_links":{"self":[{"href":"https:\/\/zakrasnejsivimperk.cz\/index.php?rest_route=\/wp\/v2\/posts\/229902"}],"collection":[{"href":"https:\/\/zakrasnejsivimperk.cz\/index.php?rest_route=\/wp\/v2\/posts"}],"about":[{"href":"https:\/\/zakrasnejsivimperk.cz\/index.php?rest_route=\/wp\/v2\/types\/post"}],"author":[{"embeddable":true,"href":"https:\/\/zakrasnejsivimperk.cz\/index.php?rest_route=\/wp\/v2\/users\/2"}],"replies":[{"embeddable":true,"href":"https:\/\/zakrasnejsivimperk.cz\/index.php?rest_route=%2Fwp%2Fv2%2Fcomments&post=229902"}],"version-history":[{"count":2,"href":"https:\/\/zakrasnejsivimperk.cz\/index.php?rest_route=\/wp\/v2\/posts\/229902\/revisions"}],"predecessor-version":[{"id":324837,"href":"https:\/\/zakrasnejsivimperk.cz\/index.php?rest_route=\/wp\/v2\/posts\/229902\/revisions\/324837"}],"wp:featuredmedia":[{"embeddable":true,"href":"https:\/\/zakrasnejsivimperk.cz\/index.php?rest_route=\/wp\/v2\/media\/324838"}],"wp:attachment":[{"href":"https:\/\/zakrasnejsivimperk.cz\/index.php?rest_route=%2Fwp%2Fv2%2Fmedia&parent=229902"}],"wp:term":[{"taxonomy":"category","embeddable":true,"href":"https:\/\/zakrasnejsivimperk.cz\/index.php?rest_route=%2Fwp%2Fv2%2Fcategories&post=229902"},{"taxonomy":"post_tag","embeddable":true,"href":"https:\/\/zakrasnejsivimperk.cz\/index.php?rest_route=%2Fwp%2Fv2%2Ftags&post=229902"}],"curies":[{"name":"wp","href":"https:\/\/api.w.org\/{rel}","templated":true}]}}