{"id":229732,"date":"2024-11-11T20:59:05","date_gmt":"2024-11-11T19:59:05","guid":{"rendered":"http:\/\/zakrasnejsivimperk.cz\/?p=229732"},"modified":"2024-11-14T19:59:04","modified_gmt":"2024-11-14T18:59:04","slug":"z-archivu-a-kronik-hradiste-venec-u-ckyne","status":"publish","type":"post","link":"https:\/\/zakrasnejsivimperk.cz\/?p=229732","title":{"rendered":"STAR\u00c1 \u0160UMAVA A PO\u0160UMAV\u00cd: Hradi\u0161t\u011b V\u011bnec u \u010ckyn\u011b"},"content":{"rendered":"<p><img loading=\"lazy\" decoding=\"async\" class=\"aligncenter wp-image-229733 size-full\" src=\"http:\/\/zakrasnejsivimperk.cz\/wp-content\/uploads\/2021\/07\/11\/HRADI\u0160T\u011a-V\u011aNEC-U-\u010cKYN\u011a-V-PO\u0160UMAV\u00cd....jpg\" alt=\"\" width=\"1100\" height=\"1100\" srcset=\"https:\/\/zakrasnejsivimperk.cz\/wp-content\/uploads\/2021\/07\/11\/HRADI\u0160T\u011a-V\u011aNEC-U-\u010cKYN\u011a-V-PO\u0160UMAV\u00cd....jpg 1100w, https:\/\/zakrasnejsivimperk.cz\/wp-content\/uploads\/2021\/07\/11\/HRADI\u0160T\u011a-V\u011aNEC-U-\u010cKYN\u011a-V-PO\u0160UMAV\u00cd...-150x150.jpg 150w, https:\/\/zakrasnejsivimperk.cz\/wp-content\/uploads\/2021\/07\/11\/HRADI\u0160T\u011a-V\u011aNEC-U-\u010cKYN\u011a-V-PO\u0160UMAV\u00cd...-300x300.jpg 300w, https:\/\/zakrasnejsivimperk.cz\/wp-content\/uploads\/2021\/07\/11\/HRADI\u0160T\u011a-V\u011aNEC-U-\u010cKYN\u011a-V-PO\u0160UMAV\u00cd...-768x768.jpg 768w, https:\/\/zakrasnejsivimperk.cz\/wp-content\/uploads\/2021\/07\/11\/HRADI\u0160T\u011a-V\u011aNEC-U-\u010cKYN\u011a-V-PO\u0160UMAV\u00cd...-1024x1024.jpg 1024w, https:\/\/zakrasnejsivimperk.cz\/wp-content\/uploads\/2021\/07\/11\/HRADI\u0160T\u011a-V\u011aNEC-U-\u010cKYN\u011a-V-PO\u0160UMAV\u00cd...-357x357.jpg 357w, https:\/\/zakrasnejsivimperk.cz\/wp-content\/uploads\/2021\/07\/11\/HRADI\u0160T\u011a-V\u011aNEC-U-\u010cKYN\u011a-V-PO\u0160UMAV\u00cd...-483x483.jpg 483w, https:\/\/zakrasnejsivimperk.cz\/wp-content\/uploads\/2021\/07\/11\/HRADI\u0160T\u011a-V\u011aNEC-U-\u010cKYN\u011a-V-PO\u0160UMAV\u00cd...-210x210.jpg 210w\" sizes=\"(max-width: 1100px) 100vw, 1100px\" \/><\/p>\n<p>&nbsp;<\/p>\n<div class=\"o9v6fnle cxmmr5t8 oygrvhab hcukyx3x c1et5uql ii04i59q\">\n<h6 dir=\"auto\">Ladislav Stehl\u00edk, Zem\u011b zamy\u0161len\u00e1: <em>Abys pochopil du\u0161i kraje, mus\u00ed\u0161 vystoupit od l\u010dovick\u00fdch &#8220;tejn&#8221; na Pr\u017emo, jedno z nejrozs\u00e1hlej\u0161\u00edch hradi\u0161\u0165 v cel\u00fdch \u010cech\u00e1ch. U\u017e na louce pod horou m\u016f\u017ee\u0161 trhat \u017elutou kejkl\u00ed\u0159ku, mezi stromy kvetou n\u00e1prstn\u00edky a na sam\u00e9m vrcholu se b\u011bl\u00e1 mezi kamen\u00edm drobn\u00fd kv\u011bt ma\u0159inky vonn\u00e9. To jsou sv\u011bdkov\u00e9, kte\u0159\u00ed p\u0159e\u017e\u00edvaj\u00ed v\u0161echny zm\u011bny \u010dasu a lidsk\u00fdch osud\u016f. Nebudeme se pl\u00e9st do pr\u00e1ce archeolog\u016fm, jejich\u017e zrak je vidoucn\u011bj\u0161\u00ed a pou\u010den\u011bj\u0161\u00ed ne\u017e na\u0161e zad\u00edv\u00e1n\u00ed, ale i tak p\u016fsob\u00ed Pr\u017emo mohutn\u00fdm dojmem na na\u0161e smysly. P\u0159edhrad\u00ed, podhrad\u00ed a Vy\u0161ehrad, na n\u011bm zbytky v\u011b\u017ee a studn\u011b, a zase jin\u00e9 studn\u011b pod skalami &#8220;tejn&#8221;, to v\u0161e, obehnan\u00e9 velik\u00fdmi valy kolem dokola, sv\u011bd\u010d\u00ed o velik\u00e9m rozmyslu d\u00e1vn\u00fdch obyvatel, kte\u0159\u00ed si zde pracn\u011b vybudovali nedobytnou pevnost i \u00fato\u010di\u0161t\u011b, kam by mohli p\u0159ev\u00e9st na del\u0161\u00ed dobu sv\u00e9 rodiny i sv\u00e1 st\u00e1da.<\/em><\/h6>\n<p>Velik\u00e1 rozloha hradi\u0161t\u011b, opevn\u011bn\u00e1 s pou\u017eit\u00edm p\u0159\u00edrodn\u00edch sr\u00e1z\u016f, na svou dobu \u00fa\u017easn\u011b pl\u00e1novit\u011b budovan\u00e1, vedla historika Emanuela \u0160imka k odv\u00e1\u017en\u00e9mu soudu, \u017ee zde vlastn\u011b mus\u00edme vid\u011bt Marobudum, hlavn\u00ed vojensk\u00e9 s\u00eddlo markomansk\u00e9ho kr\u00e1le Marobuda. Archeolog Bed\u0159ich Dubsk\u00fd nalezl zde keramiku provinci\u00e1ln\u011b \u0159\u00edmskou a vzd\u00e1len\u011bji u \u0159eky Otavy na vrchu za P\u0159e\u0161\u0165ovicemi i rozs\u00e1hl\u00e9 poh\u0159ebi\u0161t\u011b z t\u00e9to doby. Je\u0161t\u011b dnes jsou viditeln\u00fd z d\u00e1lky ohromn\u00e9 valy, kruhovit\u011b obep\u00ednaj\u00edc\u00ed zdej\u0161\u00ed akropoli, kterou lid naz\u00fdv\u00e1 V\u011bncem.<\/p>\n<p>Nejmohutn\u011bj\u0161\u00ed hradi\u0161t\u011b jiho\u010desk\u00e9 v\u011bneck\u00e9 skupiny keltsk\u00fdch hradi\u0161\u0165 se jmenuje p\u0159\u00edmo V\u011bnec, z\u0159ejm\u011b podle pevn\u00e9ho opevn\u011bn\u00ed kolem hradi\u0161t\u011b. Hradi\u0161t\u011b V\u011bnec s mohutn\u00fdmi kamenn\u00fdmi valy bylo snad mocensk\u00fdm kn\u00ed\u017eec\u00edm centrem pozdn\u00ed doby hal\u0161tatsk\u00e9, kter\u00e9 spravovalo cel\u00e9 \u00fadol\u00ed \u0159eky Voly\u0148ky a chr\u00e1nilo obchodn\u00ed stezku z rakousk\u00e9 Soln\u00e9 komory. T\u00e9to funkci napov\u00edd\u00e1 n\u00e1lez importovan\u00e9ho honosn\u00e9ho bronzov\u00e9ho opasku, kter\u00fd nemohl pat\u0159it pouze n\u011bjak\u00e9mu lok\u00e1ln\u00edmu p\u00e1novi, ale sp\u00ed\u0161e kn\u00ed\u017eeti, vl\u00e1dci daleko v\u011bt\u0161\u00edho \u00fazem\u00ed. Hradi\u0161t\u011b V\u011bnec dostalo sv\u00e9 jm\u00e9no podle stejnojmenn\u00e9ho vrchu, kter\u00fd se nach\u00e1z\u00ed na rozhran\u00ed horn\u00edho a st\u0159edn\u00edho toku \u0159eky Voly\u0148ky, nedaleko m\u011bste\u010dka \u010ckyn\u011b.<\/p>\n<p>Skalnat\u00fd vrch(765 m) s hradi\u0161t\u011bm z doby hal\u0161tatsk\u00e9 a lat\u00e9nsk\u00e9, podle n\u011bkter\u00fdch historik\u016f s\u00eddlo proslul\u00e9ho kr\u00e1le Markoman\u016f Marobuda, hradi\u0161t\u011b je n\u00e1rodn\u00ed kulturn\u00ed pam\u00e1tkou. Podle pov\u011bsti je zde ukryt Marobud\u016fv poh\u00e1dkov\u00fd poklad. Najde ho ten kdo z V\u011bnce uklid\u00ed kamen\u00ed a na vznikl\u00e9m poli vyp\u011bstuje je\u010dmen. Podle jin\u00fdch pov\u011bst\u00ed ho lze dob\u00fdt jen na Velk\u00fd p\u00e1tek v dob\u011b, kdy se \u010dtou v kostele pa\u0161ije. Jin\u00e1 verze \u0159\u00edk\u00e1, \u017ee je zde ukryta pokladna a kl\u00ed\u010de od n\u00ed ob\u010das v noci poletuj\u00ed lesem jako ohniv\u00e1 sv\u011bt\u00fdlka. Jeden z kl\u00ed\u010d\u016f se \u00fadajn\u011b poda\u0159ilo chytit star\u00e9 \u017een\u011b z Budilova a tam byl dlouh\u00e1 l\u00e9ta schov\u00e1n. Jin\u00e1 pov\u011bst tvrd\u00ed, \u017ee poklad na V\u011bnci zmizel a nenajde ho nikdo jin\u00fd ne\u017e ml\u00e1denec, kter\u00fd zor\u00e1 cel\u00fd vrch d\u0159ev\u011bn\u00fdm pluhem, do n\u011bho\u017e budou zap\u0159a\u017eeni dva \u010dern\u00ed voli s b\u00edlou lysinou na hlav\u011b. Ob\u011b zv\u00ed\u0159ata nadto mus\u00ed b\u00fdt od jedn\u00e9 stejn\u011b zbarven\u00e9 kr\u00e1vy.<\/p>\n<p>Ve vzd\u00e1lenosti 2 km jihov\u00fdchodn\u011b od osady se na vrchu &#8220;V\u011bnec&#8221; (k\u00f3ta 765 m) nach\u00e1z\u00ed rozs\u00e1hl\u00e9 hradi\u0161t\u011b z doby pozdn\u011b hal\u0161tatsk\u00e9 a lat\u00e9nsk\u00e9. Z\u00e1lezly. Pojmenov\u00e1n\u00ed &#8220;Pr\u017emo&#8221; m\u00e1 ni\u017e\u0161\u00ed, neopevn\u011bn\u00e1 \u010d\u00e1st dvojhrot\u00e9 hory. &#8220;V\u011bnec&#8221; je odd\u011blen \u00fadol\u00edmi potok\u016f Hrad\u010dansk\u00e9ho, Radhostick\u00e9ho a dal\u0161\u00edm bezejmenn\u00fdm tokem, vesm\u011bs pravob\u0159e\u017en\u00edmi p\u0159\u00edtoky Voly\u0148ky, od okoln\u00edch vrch\u016f Bavorovsk\u00e9 a Vimpersk\u00e9 vrchoviny. Ty pon\u011bkud zasti\u0148uj\u00ed v\u00fdhled k \u0160umav\u011b, zato zvl\u00e1\u0161t\u011b severov\u00fdchodn\u00edm sm\u011brem by se z nezalesn\u011bn\u00e9ho vrcholu rozev\u00edralo \u0161irok\u00e9 panor\u00e1ma krajiny na Voly\u0148sku a Strakonicku.<\/p>\n<p>Hradi\u0161t\u011b bylo zn\u00e1mo ji\u017e topografu \u010cesk\u00e9ho kr\u00e1lovstv\u00ed J. G. Sommerovi ve 40. letech minul\u00e9ho stolet\u00ed. Zaj\u00edmal se o n\u011b strakonick\u00fd okresn\u00ed tajemn\u00edk A. \u010c. Ludikar, kter\u00fd nav\u0161t\u00edvil &#8220;V\u011bnec&#8221; roku 1867. Prvn\u00ed podrobn\u00fd popis a pl\u00e1nek poch\u00e1z\u00ed z pera profesora J. N. Wold\u0159icha, kter\u00fd pokusn\u011b kopal na t\u0159ech m\u00edstech na akropoli. Ve v\u00fdzkumu v\u011bt\u0161\u00edho rozsahu mu v\u0161ak zabr\u00e1nil tehdej\u0161\u00ed majitel l\u010dovick\u00e9ho panstv\u00ed, v\u00fdzna\u010dn\u00fd architekt J. Z\u00edtek. \u00danava a zklam\u00e1n\u00ed z \u201e\u010desk\u00fdch vlastenc\u016f\u201c, opr\u00e1vn\u011bn\u00e1 \u010di neopr\u00e1vn\u011bn\u00e1, byla hlavn\u00edm d\u016fvodem Z\u00edtkovy zatrpklosti, p\u0159es kterou se nedovedl p\u0159en\u00e9st, obr\u00e1cen\u00e9 nejen proti archeologick\u00e9mu kolegovi a vrstevn\u00edkovi. Zap\u0159\u00ed\u010dinila i konec jeho spole\u010densk\u00e9 anga\u017eovanosti.<\/p>\n<p>Naproti tomu profesor Wold\u0159ich pokra\u010doval ve vlasteneck\u00fdch a v\u011bdeck\u00fdch aktivit\u00e1ch do konce sv\u00fdch dn\u016f. Doslova, proto\u017ee d\u016fchodu, kam ode\u0161el v roce 1905, si u\u017eil pouh\u00e9 \u010dty\u0159i m\u011bs\u00edce. Ji\u017en\u00ed \u010cechy a Po\u0161umav\u00ed podporoval nejen jako poslanec \u0158\u00ed\u0161sk\u00e9 rady za m\u011bsta Prachatice a Vimperk, ale i \u010dlenstv\u00edm v \u00fast\u0159edn\u00edm v\u00fdboru N\u00e1rodn\u00ed jednoty po\u0161umavsk\u00e9. Podn\u00edtil i vznik prvn\u00edho \u201eOkra\u0161lovac\u00edho spolku\u201c v Prachatic\u00edch. A jeho pedagogick\u00e9 d\u00edlo, V\u0161eobecn\u00e1 geologie se zvl\u00e1\u0161tn\u00edm z\u0159etelem k zem\u00edm Koruny \u010cesk\u00e9 z\u016fst\u00e1v\u00e1 st\u00e1le platn\u00fdm zdrojem informac\u00ed v\u0161em vysoko\u0161kolsk\u00fdm student\u016fm, hledaj\u00edc\u00edm \u201egeologickou\u201c cestou odpov\u011bdi na \u00favodn\u00ed ot\u00e1zky dne\u0161n\u00edho pov\u00edd\u00e1n\u00ed.<\/p>\n<p>Rovn\u011b\u017e J. V. \u017del\u00edzko, kter\u00fd nem\u011bl na hradi\u0161t\u011b z rodn\u00e9 Volyn\u011b daleko, se p\u0159i sv\u00fdch n\u00e1v\u0161t\u011bv\u00e1ch musel spokojit s pouh\u00fdmi sb\u011bry. V letech 1919-1921 kopal na &#8220;V\u011bnci&#8221; B. Dubsk\u00fd. R. 1922 se datuje po\u0159\u00edzen\u00ed podrobn\u00e9ho v\u00fd\u0161kopisn\u00e9ho a polohopisn\u00e9ho pl\u00e1nu z\u00e1sluhou univ. prof. A. Stock\u00e9ho, jemu\u017e poskytli pomoc dr. K. Prokop a studuj\u00edc\u00ed techniky Prokop a Sieber . 15. \u010dervence 1924 se na &#8220;V\u011bnci&#8221; se\u0161la na popud St\u00e1tn\u00edho pam\u00e1tkov\u00e9ho \u00fa\u0159adu komise, j\u00ed\u017e se z\u00fa\u010dastnili z\u00e1stupci okresn\u00edch politick\u00fdch spr\u00e1v ze Strakonic a Prachatic, l\u010dovick\u00e9ho velkostatku a okoln\u00edch obc\u00ed, aby stanovili z\u00e1vazn\u00fd ochrann\u00fd re\u017eim t\u00e9to pam\u00e1tky. Wold\u0159ichovy v\u00fdkopy postihly t\u0159i m\u00edsta ve vnit\u0159n\u00edm hradi\u0161ti. N\u00e1lezy \u017del\u00edzkovy, zobrazen\u00e9 v pr\u00e1ci z roku 1913, poch\u00e1zej\u00ed z r\u016fzn\u00fdch m\u00edst v ji\u017en\u00edm p\u0159edhrad\u00ed.<\/p>\n<p>B. Dubsk\u00fd provedl vet\u0161\u00ed odkryv v ji\u017en\u00ed t\u0159etin\u011b v\u00fdchodn\u00ed \u010d\u00e1sti akropole, kde zachytil m\u00edsty dv\u011b kulturn\u00ed vrstvy s toto\u017enou n\u00e1lezovou n\u00e1pln\u00ed, je\u017e zasahovaly a\u017e k hradb\u00e1m. Podle zji\u0161t\u011bn\u00e9ho ohni\u0161t\u011b lze soudit, \u017ee \u0161lo o zbytek chaty. Ve v\u0161ech \u00farovn\u00edch byly hojn\u011b nach\u00e1zeny obl\u00e1zky, p\u0159ichystan\u00e9 jako &#8220;munice&#8221; pro pot\u0159ebu obr\u00e1nc\u016f. V 1. a 2. p\u0159edhrad\u00ed zjistil Dubsk\u00fd jen slabou s\u00eddli\u0161tn\u00ed vrstvu. Pouze v z\u00e1padn\u00ed \u010d\u00e1sti severn\u00edho p\u0159edhrad\u00ed narazil na v\u011bt\u0161\u00ed keramick\u00e9 shluky a pom\u00fd\u0161lel zde proto na dal\u0161\u00ed chatu, rozru\u0161enou snad d\u0159eva\u0159i v 17 a 18. stolet\u00ed.<\/p>\n<p>Z drobn\u00fdch n\u00e1lez\u016f z &#8220;V\u011bnce&#8221; je t\u0159eba jmenovat krom\u011b po\u010detn\u00fdch zlomk\u016f n\u00e1dob z rozhran\u00ed doby hal\u0161tatsk\u00e9 a lat\u00e9nsk\u00e9, zbytky hlin\u011bn\u00e9ho podstavce k ro\u0161tu a cedn\u00edku nebo vyku\u0159ovadla, nejm\u00e9n\u011b osm p\u0159eslen\u016f slou\u017e\u00edc\u00edch jako sou\u010d\u00e1st v\u0159etena k souk\u00e1n\u00ed koudele(je z hadce, ostatn\u00ed keramick\u00e9) a kamenn\u00fd brousek. Dal\u0161\u00ed kamenn\u00e9 n\u00e1stroje &#8211; \u010d\u00e1st kl\u00ednu a pazourkov\u00fd no\u017e\u00edk, snad pou\u017e\u00edvan\u00fd jako k\u0159esadlo- by mohly b\u00fdt p\u0159\u00edpadn\u011b n\u00e1znakem os\u00eddlen\u00ed vrchu ji\u017e v pozdn\u00ed (?) dob\u011b kamenn\u00e9, pokud sem nebyly druhotn\u011b p\u0159ineseny v dob\u011b \u017eelezn\u00e9. Jedin\u00fdm bronzov\u00fdm p\u0159edm\u011btem z &#8220;V\u011bnce&#8221; je z\u00e1v\u011bska s p\u011bti krou\u017eky. L. Jansov\u00e1 soud\u00ed, \u017ee se podob\u00e1 \u010dl\u00e1nku bronzov\u00e9ho \u0159et\u011bzu, na jak\u00e9m byl v pozdn\u011b hal\u0161tatsk\u00e9 mohyle v Nem\u011bjic\u00edch u P\u00edsku um\u00edst\u011bn kultovn\u00ed kruh s v\u00fdjevem pij\u00edc\u00edch pt\u00e1k\u016f.<\/p>\n<p>\u010c\u00e1st \u017eernovu z hrubozrnn\u00e9 \u017euly se dochovala v po\u0161kozen\u00e9m stavu. Z voly\u0148sk\u00e9ho muzea se s ozna\u010den\u00edm &#8220;V\u011bnec&#8221; uv\u00e1d\u00ed \u010d\u00e1st \u017eelezn\u00e9ho p\u0159edm\u011btu, patrn\u011b no\u017ee. Os\u00eddlen\u00ed hradi\u0161t\u011b nep\u0159ekro\u010dilo \u010dasov\u011b mlad\u0161\u00ed dobu \u017eeleznou, k nejmlad\u0161\u00edm prvk\u016fm z doby lat\u00e9nsk\u00e9 pat\u0159\u00ed na kruhu to\u010den\u00e9 n\u00e1doby z tuhov\u00e9 hl\u00edny, zdoben\u00e9 svisl\u00fdmi r\u00fdhami, proveden\u00fdmi n\u00e1strojem podobn\u00fdm h\u0159ebenu . V mlad\u0161\u00edch obdob\u00edch, zvl\u00e1\u0161t\u011b v dob\u011b slovansk\u00e9, z\u016fstal &#8220;V\u011bnec&#8221; neos\u00eddlen\u00fd. \u017del\u00edzkovo chybn\u00e9 ur\u010den\u00ed n\u011bkter\u00fdch n\u00e1lez\u016f do slovansk\u00e9 doby hradi\u0161tn\u00ed opravil B. Dubsk\u00fd.<\/p>\n<p><strong>A je\u0161t\u011b pov\u011bst:<\/strong> <em>L\u00e9taj\u00edc\u00ed zlat\u00e9 kl\u00ed\u010de. Na hradi\u0161ti Pr\u017emo se skr\u00fdval poklad. Byl uchov\u00e1v\u00e1n v jedn\u00e9 \u010di v\u00edce truhl\u00e1ch, pln\u00fdch zlata. V noci b\u00fdvaly \u010dasto vid\u011bt zlat\u00e9 kl\u00ed\u010de od t\u011bch pokladnic, jak l\u00e9taj\u00ed tmou coby sv\u011bt\u00fdlka. Kam ohniv\u00e9 kl\u00ed\u010de zapadnou, ozve se jasn\u00fd zvuk zlat\u00e9ho kovu. Kdo si posp\u00ed\u0161\u00ed, najde kl\u00ed\u010d zasunut\u00fd v z\u00e1mku truhly, a tak se dostane k pokladu. N\u011bkdy kl\u00ed\u010de doslova pr\u0161\u00ed a padaj\u00ed do r\u016fzn\u00fdch m\u00edst star\u00e9ho hradi\u0161t\u011b. Kdysi \u0161la p\u0159es kopec V\u011bnec sta\u0159enka z Budilova a vid\u00ed p\u0159ed sebou sv\u011bt\u00e9lkuj\u00edc\u00ed kl\u00ed\u010de. Po jednom z nich sko\u010dila, ale m\u00edsto aby hledala k tomu kl\u00ed\u010di truhlu, odnesla jej \u017eidovi do \u010ckyn\u011b. Dostala za n\u011bj pades\u00e1t zlatek, ale b\u016fhv\u00ed na kolik by p\u0159i\u0161lo zlato pokladu. Od t\u011bch dob pr\u00fd ji\u017e tolik kl\u00ed\u010d\u016f nel\u00e9t\u00e1. Je tam v\u0161ak je\u0161t\u011b jeden jinak z\u00e1zra\u010dn\u00fd. Ten kl\u00ed\u010d m\u016f\u017ee naj\u00edt jen ml\u00e1denec, kter\u00fd dok\u00e1\u017ee oborat kolem dokola cel\u00e9 hradi\u0161t\u011b, a to d\u0159ev\u011bn\u00fdm pluhem, do n\u011bho\u017e budou zap\u0159a\u017eeni dva volci cel\u00ed \u010dern\u00ed s b\u00edlou lysinou na \u010dele. Ale ti volci se mus\u00ed narodit od stejn\u00e9 kr\u00e1vy, a to najednou. Kdy\u017e pak t\u00edm kl\u00ed\u010dem otev\u0159e truhlu, najde tam zlatou sekyru pos\u00e1zenou diamanty. Ta ho sama povede do el\u010dovick\u00e9ho z\u00e1mku a cel\u00e9 panstv\u00ed bude jeho.<\/em><\/p>\n<p>&nbsp;<\/p>\n<p><strong>Zdroj:<\/strong> Bene\u0161, A. Po\u010d\u00e1tky os\u00eddlen\u00ed Vimperska ve sv\u011btle archeologie. In: Vimperk, m\u011bsto pod Boub\u00ednem. \u010cesk\u00e9 Bud\u011bjovice 1979 Mich\u00e1lek, J. \u2013 Fr\u00f6hlich, J. Archeologick\u00e9 nemovit\u00e9 pam\u00e1tky v okrese Prachatice. Prachatice 1987. Dubsk\u00fd, B. Hradi\u0161t\u011b V\u011bnec u L\u010dovic, Pam\u00e1tky archeologick\u00e9 33, 1922-1923, L\u00e9taj\u00edc\u00ed zlat\u00e9 kl\u00ed\u010de Alois H\u016flka in Na\u0161e noviny \u2013 Magaz\u00edn L\u00e9to 1986<\/p>\n<p><strong>P\u0159ipravuje: Miroslav K\u016eS ANDRES<\/strong><\/p>\n<p><strong>Foto: archiv autora<\/strong><\/p>\n<hr \/>\n<p>&nbsp;<\/p>\n<\/div>\n","protected":false},"excerpt":{"rendered":"<p>&nbsp; Ladislav <\/p>\n","protected":false},"author":2,"featured_media":328321,"comment_status":"open","ping_status":"open","sticky":false,"template":"","format":"gallery","meta":{"footnotes":""},"categories":[111],"tags":[],"jetpack_featured_media_url":"https:\/\/zakrasnejsivimperk.cz\/wp-content\/uploads\/2024\/11\/11\/ram-hradiste.jpg","_links":{"self":[{"href":"https:\/\/zakrasnejsivimperk.cz\/index.php?rest_route=\/wp\/v2\/posts\/229732"}],"collection":[{"href":"https:\/\/zakrasnejsivimperk.cz\/index.php?rest_route=\/wp\/v2\/posts"}],"about":[{"href":"https:\/\/zakrasnejsivimperk.cz\/index.php?rest_route=\/wp\/v2\/types\/post"}],"author":[{"embeddable":true,"href":"https:\/\/zakrasnejsivimperk.cz\/index.php?rest_route=\/wp\/v2\/users\/2"}],"replies":[{"embeddable":true,"href":"https:\/\/zakrasnejsivimperk.cz\/index.php?rest_route=%2Fwp%2Fv2%2Fcomments&post=229732"}],"version-history":[{"count":5,"href":"https:\/\/zakrasnejsivimperk.cz\/index.php?rest_route=\/wp\/v2\/posts\/229732\/revisions"}],"predecessor-version":[{"id":328327,"href":"https:\/\/zakrasnejsivimperk.cz\/index.php?rest_route=\/wp\/v2\/posts\/229732\/revisions\/328327"}],"wp:featuredmedia":[{"embeddable":true,"href":"https:\/\/zakrasnejsivimperk.cz\/index.php?rest_route=\/wp\/v2\/media\/328321"}],"wp:attachment":[{"href":"https:\/\/zakrasnejsivimperk.cz\/index.php?rest_route=%2Fwp%2Fv2%2Fmedia&parent=229732"}],"wp:term":[{"taxonomy":"category","embeddable":true,"href":"https:\/\/zakrasnejsivimperk.cz\/index.php?rest_route=%2Fwp%2Fv2%2Fcategories&post=229732"},{"taxonomy":"post_tag","embeddable":true,"href":"https:\/\/zakrasnejsivimperk.cz\/index.php?rest_route=%2Fwp%2Fv2%2Ftags&post=229732"}],"curies":[{"name":"wp","href":"https:\/\/api.w.org\/{rel}","templated":true}]}}