{"id":228754,"date":"2024-09-04T18:28:49","date_gmt":"2024-09-04T17:28:49","guid":{"rendered":"http:\/\/zakrasnejsivimperk.cz\/?p=228754"},"modified":"2024-09-04T18:28:49","modified_gmt":"2024-09-04T17:28:49","slug":"stara-sumava-a-posumavi-prumyslova-skola-s-vuni-dreva-ve-volyni","status":"publish","type":"post","link":"https:\/\/zakrasnejsivimperk.cz\/?p=228754","title":{"rendered":"STAR\u00c1 \u0160UMAVA A PO\u0160UMAV\u00cd: Pr\u016fmyslov\u00e1 \u0161kola s v\u016fn\u00ed d\u0159eva ve Volyni"},"content":{"rendered":"<p><img loading=\"lazy\" decoding=\"async\" class=\"aligncenter wp-image-228755 size-full\" src=\"http:\/\/zakrasnejsivimperk.cz\/wp-content\/uploads\/2021\/06\/29\/PR\u016eMYSLOV\u00c1-\u0160KOLA-S-V\u016eN\u00cd-D\u0158EVA-VE-VOLYNI-V-PO\u0160UMAV\u00cd.....jpg\" alt=\"\" width=\"1024\" height=\"724\" srcset=\"https:\/\/zakrasnejsivimperk.cz\/wp-content\/uploads\/2021\/06\/29\/PR\u016eMYSLOV\u00c1-\u0160KOLA-S-V\u016eN\u00cd-D\u0158EVA-VE-VOLYNI-V-PO\u0160UMAV\u00cd.....jpg 1024w, https:\/\/zakrasnejsivimperk.cz\/wp-content\/uploads\/2021\/06\/29\/PR\u016eMYSLOV\u00c1-\u0160KOLA-S-V\u016eN\u00cd-D\u0158EVA-VE-VOLYNI-V-PO\u0160UMAV\u00cd....-300x212.jpg 300w, https:\/\/zakrasnejsivimperk.cz\/wp-content\/uploads\/2021\/06\/29\/PR\u016eMYSLOV\u00c1-\u0160KOLA-S-V\u016eN\u00cd-D\u0158EVA-VE-VOLYNI-V-PO\u0160UMAV\u00cd....-768x543.jpg 768w, https:\/\/zakrasnejsivimperk.cz\/wp-content\/uploads\/2021\/06\/29\/PR\u016eMYSLOV\u00c1-\u0160KOLA-S-V\u016eN\u00cd-D\u0158EVA-VE-VOLYNI-V-PO\u0160UMAV\u00cd....-505x357.jpg 505w, https:\/\/zakrasnejsivimperk.cz\/wp-content\/uploads\/2021\/06\/29\/PR\u016eMYSLOV\u00c1-\u0160KOLA-S-V\u016eN\u00cd-D\u0158EVA-VE-VOLYNI-V-PO\u0160UMAV\u00cd....-683x483.jpg 683w\" sizes=\"(max-width: 1024px) 100vw, 1024px\" \/><\/p>\n<p>&nbsp;<\/p>\n<h6>Vy\u0161\u0161\u00ed odborn\u00e1 a St\u0159edn\u00ed pr\u016fmyslov\u00e1 \u0161kola ve Volyni zaji\u0161\u0165uje odbornou p\u0159\u00edpravu a v\u00fdchovu \u017e\u00e1k\u016f ji\u017e od roku 1864 a i d\u00edky tradici a kontinuit\u011b pat\u0159\u00ed k \u201erodinn\u00e9mu st\u0159\u00edbru&#8221; \u010desk\u00e9ho st\u0159edn\u00edho odborn\u00e9ho \u0161kolstv\u00ed. I truhl\u00e1\u0159i ze Star\u00e9 \u0160umavy jsou absolventi t\u00e9to \u0161koly ve Volyni, kde tr\u00e1vili sv\u00e9 ml\u00e1d\u00ed a nyn\u00ed se v\u011bnuj\u00ed \u0159emeslu.<\/h6>\n<p>&#8230; A\u017e z Plzn\u011b si jezd\u00ed v podjarn\u00edm \u010dase \u017eeny \u017eelezni\u010d\u00e1\u0159\u016f k Volyni pro hous\u00e1tka. \u017dlu\u0165ou\u010dk\u00e1 jako kan\u00e1rci je p\u0159en\u00e1\u0161ej\u00ed babi\u010dky v ko\u0161\u00edc\u00edch. \u0160\u00e1tkem p\u0159ikryt\u00e1, z klouzne na prvn\u00ed travi\u010dku, a sotva se u plot\u016f objev\u00ed prvn\u00ed kop\u0159ivy, u\u017e je d\u011bti \u0161kubaj\u00ed pro mal\u00e9 \u0161t\u011bbetalky. N\u011bkolik u\u010dedn\u00edk\u016f p\u0159edjelo mne na kolech; jist\u011b sp\u011bchaj\u00ed do pr\u016fmyslov\u00e9 \u0161koly voly\u0148sk\u00e9, kde se u\u010d\u00ed truhl\u00e1\u0159i i tesa\u0159i, jej\u00ed\u017e v\u00fdstavnou budovou se toto m\u011bsto pr\u00e1vem chlub\u00ed.<br \/>\nMal\u00fd vl\u00e1\u010dek ud\u00fdchan\u011b skanduje svou ka\u017edodenn\u00ed \u0159\u00edkanku: &#8220;Do Volyn\u011b, pomalou\u010dku, do Volyn\u011b&#8230;&#8221;&#8221; Lok\u00e1lko ka\u0161lav\u00e1, vi\u010f, leze se to st\u011b\u017e\u00ed z doliny ke m\u011bstu, je\u017e mezi vrchy le\u017e\u00ed, vi\u010f, t\u011b\u017eko leze se do kopc\u016f zelen\u00fdch, kter\u00e9 jsou kol\u00e9bkou a m\u011bsto d\u0159\u00edme v nich. &#8230;<\/p>\n<p>L\u00e9ta P\u00e1n\u011b tis\u00edc\u00edho osmist\u00e9ho \u0161edes\u00e1t\u00e9ho \u010dtvrt\u00e9ho za panov\u00e1n\u00ed kr\u00e1le Franti\u0161ka Josefa a vlada\u0159stv\u00ed n\u00e1m\u011bstka jeho v kr\u00e1lovstv\u00ed \u010cesk\u00e9m Richarda hrab\u011bte Belcrediho, kdy\u017e obec Voly\u0148skou spravovali purkmistr Jan H\u00f6dl a radov\u00e9 J\u00e1chym Minibergr, Franti\u0161ek Harmach a Dr. V\u00e1clav Niklas a kdy\u017e nad touto spr\u00e1vou bd\u011bli v\u00fdborov\u00e9: Vojt\u011bch Majer, Kajet\u00e1n Kafka, Hynek Votava, Jan Alter, Jan Lom, Jind\u0159ich Fiala, Josef Prokop, Anton\u00edn Prokop, Tom\u00e1\u0161 Ma\u0159\u00edk, Filip Van\u017eura, Josef Pru\u0161\u00e1k, Josef Lom, Felix Uhl\u00edk a Franti\u0161ek Boh\u00e1\u010d, kdy\u017e o duchovn\u00ed spr\u00e1vu p\u00e9\u010di m\u011bl d\u011bkan P. Franti\u0161ek Gundermann bylo ustavi\u010dn\u011b u ve\u0159ejn\u00e9m m\u00edn\u011bn\u00ed n\u00e1\u0159ky na kleslost zanedban\u00e9ho \u0159emeslnictva \u010cesk\u00e9ho sly\u0161eti a obc\u00edm kladeno na srdce, aby \u0161koly pro\u0148 zakl\u00e1daly. Tedy obec Voly\u0148sk\u00e1 byla prvn\u00ed v \u010cech\u00e1ch, kter\u00e1 nahl\u00ed\u017e\u00edc pot\u0159ebu \u0161koly pr\u016fmyslov\u00e9 na n\u00e1vrh Vojt\u011bcha Majera v zased\u00e1n\u00ed zastupitelstva m\u011bstsk\u00e9ho dne 3. z\u00e1\u0159\u00ed 1864 o z\u0159\u00edzen\u00ed takov\u00e9 \u0161koly jednohlasn\u011b se usnesla.<\/p>\n<p>N\u00e1vrh ku z\u0159\u00edzen\u00ed jednot\u0159\u00eddn\u00ed denn\u00ed pr\u016fmyslov\u00e9 \u0161koly sestaven\u00fd od Dr. Anton\u00edna Majera pro m\u011bsto Volyni na \u0161koln\u00ed rok 1865: \u00da\u010del takov\u00e9 \u0161koly jest, p\u0159im\u011b\u0159en\u011b zam\u011bstn\u00e1vati a na \u017eivnosti p\u0159ipravovati ml\u00e1de\u017e, kter\u00e1 po z\u00e1konu rokem dvan\u00e1ct\u00fdm ve venkovsk\u00fdch m\u011bstech na\u0161ich n\u00e1rodn\u00ed \u0161kole odr\u016fst\u00e1. Zased\u00e1ni v nejvy\u0161\u0161\u00ed t\u0159\u00edd\u011b m\u011bstsk\u00e9 \u0161koly po dv\u011b-t\u0159i i v\u00edce let nevid\u00ed se b\u00fdti dosti prosp\u011b\u0161n\u00fdm; na druh\u00e9 stran\u011b ukazuje zku\u0161enost, \u017ee nen\u00ed radno p\u0159ed rokem \u010dtrn\u00e1ct\u00fdm d\u011bt\u00ed k \u0159emesl\u016fm ur\u010dovati, jednak proto, \u017ee d\u0159\u00edve u\u010den\u00edk\u016f k \u0159emeslu vlastn\u011b ani se u\u017e\u00edti ned\u00e1 a \u017ee se jich pak pr\u00e1v\u011b za tou p\u0159\u00ed\u010dinou u\u017e\u00edv\u00e1 k v\u011bcem, kter\u00e9 \u0159emeslu neprosp\u00edvaj\u00ed ba ani s n\u00edm nesouvis\u00ed, ano kter\u00e9 zcela opa\u010dn\u00fd v\u00fdsledek m\u00edvaj\u00ed, pon\u011bvad\u017e ducha, v tomto v\u011bku zvl\u00e1\u0161t\u011b \u010dil\u00e9ho, otupuj\u00ed a ku pr\u016fmysln\u00e9mu veden\u00ed \u017eivnosti pak docela nezp\u016fsobil\u00e9ho \u010din\u00ed.&#8221; Jednot\u0159\u00eddn\u00ed pr\u016fmyslov\u00e1 \u0161kola.<\/p>\n<p>V dob\u011b vzniku v roce 1864 zn\u011bl n\u00e1zev \u0161koly &#8220;Jednot\u0159\u00eddn\u00ed pr\u016fmyslov\u00e1 \u0161kola ve Volyni&#8221;. \u0160kola m\u011bla za \u00fakol vzd\u011bl\u00e1vat a vychov\u00e1vat \u0159emesln\u00edky ze \u0161irok\u00e9ho okol\u00ed. Zpo\u010d\u00e1tku \u0161kola vychov\u00e1vala dorost pro r\u016fzn\u00e1 \u0159emesla a pozd\u011bji tak\u00e9 do n\u00ed chodili dosp\u011bl\u00ed \u0159emesln\u00edci doplnit si vzd\u011bl\u00e1n\u00ed (nap\u0159. zimn\u00ed kurzy pro p\u0159\u00edslu\u0161n\u00edky \u0159emesel stavebn\u00edch od r. 1906). Vzhledem k tomu, \u017ee v okol\u00ed p\u016fsobilo hodn\u011b \u0159emesln\u00edk\u016f truhl\u00e1\u0159\u016f, tesa\u0159\u016f a zedn\u00edk\u016f, \u0161kola se postupn\u011b zam\u011b\u0159ila na obory stavebn\u00ed a d\u0159evozpracuj\u00edc\u00ed.<\/p>\n<p>V roce 1923 byly dosavadn\u00ed zimn\u00ed stavebn\u00ed kurzy zreorganizov\u00e1ny na mistrovskou \u0161kolu stavebn\u00ed se zimn\u00edm semestr\u00e1ln\u00edm vyu\u010dov\u00e1n\u00edm pro vyu\u010den\u00e9 zedn\u00edky od sedmn\u00e1cti let (pozd\u011bji i pro d\u00edvky) a \u0159emeslnick\u00e1 \u0161kola byla zru\u0161ena. M\u00edsto n\u00ed byla v roce 1924 z\u0159\u00edzena odborn\u00e1 \u0161kola truhl\u00e1\u0159sk\u00e1, kter\u00e1 poskytovala nejm\u00e9n\u011b \u010dtrn\u00e1ctilet\u00fdm \u017e\u00e1k\u016fm celoro\u010dn\u00ed vyu\u010dov\u00e1n\u00ed trvaj\u00edc\u00ed t\u0159i roky, p\u0159i\u010dem\u017e vysv\u011bd\u010den\u00ed na odchodnou ze \u0161koly bylo rovnocenn\u00e9 s pr\u016fkazem o vyu\u010den\u00ed se \u0159emeslu. P\u0159ij\u00edm\u00e1ni byli ho\u0161i i d\u00edvky.<\/p>\n<p>V\u00fdnosem ministerstva \u0161kolstv\u00ed a osv\u011bty ze dne 23. \u00fanora 1926 \u010d\u00eds. 27.417\/III-1926 byl schv\u00e1len organiza\u010dn\u00ed statut a stanovy odborn\u00e9 \u0161koly pro truhl\u00e1\u0159e, kde se p\u00ed\u0161e: \u201e\u00da\u010delem \u0161koly jest vyu\u010diti \u017e\u00e1ky \u0159emeslu truhl\u00e1\u0159sk\u00e9mu a poskytnouti jim p\u0159i tom nejd\u016fle\u017eit\u011bj\u0161\u00edch v\u011bdomost\u00ed odborn\u011b technick\u00fdch a obchodn\u00edch a dobr\u00e9 zru\u010dnosti kresl\u00ed\u0159sk\u00e9. \u0160kola m\u00e1 t\u0159i ro\u010dn\u00edky, ka\u017ed\u00fd o dvou p\u011btim\u011bs\u00ed\u010dn\u00edch b\u011bz\u00edch.\u201c Ob\u011b tyto \u010d\u00e1sti byly na sob\u011b nez\u00e1visl\u00e9 pod n\u00e1zvem &#8220;Zemsk\u00e1 pr\u016fmyslov\u00e1 \u0161kola ve Volyni&#8221;. St\u00e1le v\u011bt\u0161\u00edm probl\u00e9mem se ukazovaly prostory \u0161koly, kter\u00e9 ji\u017e byly nedosta\u010duj\u00edc\u00ed.<\/p>\n<p>Proto se od po\u010d\u00e1tku 20. let za\u010d\u00edn\u00e1 uva\u017eovat o v\u00fdstavb\u011b nov\u00e9 \u0161koly. Ji\u017e 18. \u0159\u00edjna 1923 souhlas\u00ed voly\u0148sk\u00e1 obec s p\u0159\u00edsp\u011bvkem na stavbu nov\u00e9 \u0161koly. Za \u00fa\u010delem v\u00fdstavby nov\u00e9 budovy se jednalo s d\u011bkansk\u00fdm \u00fa\u0159adem o postoupen\u00ed \u010d\u00e1sti d\u011bkansk\u00e9 zahrady, kter\u00e1 se nach\u00e1zela mezi muzeem a d\u011btskou opatrovnou, tak\u017ee by v\u0161echny \u0161koly mohly b\u00fdt v jedn\u00e9 ulici. Jedn\u00e1n\u00ed v\u0161ak v roce 1924 ztroskotala, co\u017e se do budoucna uk\u00e1zalo jako velk\u00e9 \u0161t\u011bst\u00ed. Dne 6. dubna 1925 rozhodli m\u011bst\u0161t\u00ed zastupitel\u00e9 na sv\u00e9 mimo\u0159\u00e1dn\u00e9 sch\u016fzi o p\u0159\u00edsp\u011bvku na novou \u0161koln\u00ed budovu do v\u00fd\u0161e 500.000,-K\u010d. V \u010dervnu t\u00e9ho\u017e roku rozhodla okresn\u00ed spr\u00e1vn\u00ed komise o p\u0159\u00edsp\u011bvku do v\u00fd\u0161e 200.000,-K\u010d.<\/p>\n<p>Tak\u00e9 se v t\u00e9to dob\u011b jednalo o mo\u017enosti pron\u00e1jmu cel\u00e9 budovy chlapeck\u00e9 \u0161koly. Novostavb\u011b p\u0159\u00e1l i politik Rudolf Beran, kter\u00fd doporu\u010dil obr\u00e1tit se na jednotliv\u00e9 politick\u00e9 strany, a tak byly osloveny \u017divnostensk\u00e1 obchodn\u00ed strana st\u0159edostavovsk\u00e1, \u010ceskoslovensk\u00e1 strana lidov\u00e1, \u010ceskoslovensk\u00e1 strana n\u00e1rodn\u011b socialistick\u00e1 a \u010ceskoslovensk\u00e1 soci\u00e1ln\u011b demokratick\u00e1 strana d\u011blnick\u00e1. V l\u00e9t\u011b 1926 padl n\u00e1vrh postavit novou \u0161koln\u00ed budovu na okraji m\u011bsta, co\u017e se uk\u00e1zalo jako dobr\u00fd n\u00e1pad.<\/p>\n<p>Dokonce se objevila my\u0161lenka p\u0159em\u00edstit \u0161kolu do \u010cesk\u00fdch Bud\u011bjovic, ale brzy vzala za sv\u00e9. Nakonec bylo rozhodnuto postavit novou budovu \u0161koly na pahorku na severn\u00edm okraji m\u011bsta. Zemsk\u00fd spr\u00e1vn\u00ed v\u00fdbor se pak na sv\u00e9 sch\u016fzi dne 28. \u010dervna 1927 usnesl, \u017ee rok 1928 bude prvn\u00ed lh\u016ftou pro stavbu nov\u00e9 \u0161koly ve Volyni. Pov\u011b\u0159il Ing. Vladim\u00edra Wallenfelse, aby vypracoval v mimo \u00fa\u0159edn\u00edch hodin\u00e1ch za zvl\u00e1\u0161tn\u00ed odm\u011bnu ideov\u00fd pl\u00e1n novostavby \u0161koly v\u010detn\u011b d\u00edlen. Stavba are\u00e1lu nov\u00e9 \u0161koly nepokra\u010dovala tak rychle, jak se p\u0159edpokl\u00e1dalo, a tak se 1. \u0159\u00edjna 1932 se\u0161la komise, jej\u00edm\u017e c\u00edlem bylo urychlen\u00ed v\u00fdstavby. Pr\u00e1ce pokro\u010dily do t\u00e9 m\u00edry, \u017ee od druh\u00e9 poloviny \u0159\u00edjna byl ob\u00fdv\u00e1n byt \u0159editele a dne 3. ledna 1933 za\u010dala v nov\u00e9 budov\u011b d\u00edlensk\u00e1 v\u00fduka.<\/p>\n<p>V\u00fduka v nov\u00e9 budov\u011b za\u010dala v pln\u00e9m rozsahu 1. z\u00e1\u0159\u00ed 1933, ale k slavnostn\u00edmu otev\u0159en\u00ed budovy do\u0161lo a\u017e o n\u011bco pozd\u011bji. B\u011bhem t\u0159ic\u00e1t\u00fdch let se rozv\u00edjela v\u00fdroba ve \u0161koln\u00edch d\u00edln\u00e1ch. Ze z\u00e1pisu z roku 1937 vypl\u00fdv\u00e1, \u017ee se ro\u010dn\u011b v d\u00edln\u00e1ch vyrobily 2-3 kuchyn\u011b, 2-3 lo\u017enice a 2-4 ob\u00fdvac\u00ed pokoje a dal\u0161\u00ed drobn\u011bj\u0161\u00ed p\u0159edm\u011bty. \u201eProd\u00e1no bylo a\u017e dosud v\u0161e, co bylo prodejn\u00e9,\u201c p\u00ed\u0161e se v dopisu zemsk\u00e9mu \u00fa\u0159adu. I za prvn\u00ed republiky \u017e\u00e1ci zlobili. N\u011bkter\u00e9 p\u0159estupky byly klukoviny (\u017e\u00e1ci z intern\u00e1tu otrhali v noci t\u0159e\u0161n\u011b v zahrad\u011b \u0159editele \u0161koly, nav\u0161t\u00edvili bez dovolen\u00ed hostinec nebo \u017e\u00e1ci hr\u00e1li o poledn\u00ed p\u0159est\u00e1vce kopanou na chodb\u011b), ale byly i p\u0159estupky z\u00e1va\u017en\u00e9.<\/p>\n<p>\u0160koln\u00ed rok 1951-52 zah\u00e1jila \u0161kola s nov\u00fdm n\u00e1zvem i zm\u011bn\u011bnou strukturou obor\u016f. Bylo zavedeno \u010dty\u0159let\u00e9 maturitn\u00ed studium a \u0161kola tak byla za\u010dlen\u011bna do syst\u00e9mu \u0161kol II. cyklu jako st\u0159edn\u00ed pr\u016fmyslov\u00e1 \u0161kola. Rok 1948 byl rokem zlomov\u00fdm pro v\u00fdvoj cel\u00e9ho st\u00e1tu. V letech 1948-53 se ministrem \u0161kolstv\u00ed a osv\u011bty stal prof. dr. Zden\u011bk Nejedl\u00fd, proslul\u00fd mj. sv\u00fdmi rozhlasov\u00fdmi projevy \u201eNa okraj dne\u201c, kde se vyjad\u0159oval ke v\u0161emu. Nov\u00fd \u0161koln\u00ed rok 1948-49, ve kter\u00e9m studovalo ve \u010dty\u0159ech oborech 274 \u017e\u00e1k\u016f (odborn\u00e1 \u0161kola truhl\u00e1\u0159sk\u00e1, mistrovsk\u00e1 \u0161kola truhl\u00e1\u0159sk\u00e1, mistrovsk\u00e1 \u0161kola tesa\u0159sk\u00e1 a mistrovsk\u00e1 \u0161kola stavebn\u00ed), p\u0159inesl mnoh\u00e9 zm\u011bny.<\/p>\n<p>Na \u0161kolu p\u0159i\u0161el v\u00fdnos ministerstva \u0161kolstv\u00ed, v\u011bd a um\u011bn\u00ed \u010d. 60539\/49-II\/3 ze dne 26. dubna 1949, kter\u00fd pr\u016fmyslov\u00e9 \u0161koly upozor\u0148oval na vyu\u017eit\u00ed \u0161koln\u00edch d\u00edlen. Dopis nab\u00e1d\u00e1: \u201e\u2026aby \u0161koly ve v\u011bt\u0161\u00ed m\u00ed\u0159e ne\u017e dosud zam\u011bstn\u00e1valy sv\u00e9 d\u00edlny prac\u00ed na zak\u00e1zk\u00e1ch pro n\u00e1rodn\u00ed podniky. Na zak\u00e1zk\u00e1ch m\u016f\u017ee b\u00fdt pracov\u00e1no v dob\u011b vyu\u010dovac\u00ed i v dob\u011b mimo vyu\u010dov\u00e1n\u00ed, a to jak u\u010diteli, tak i \u017e\u00e1ky. Ministerstvo \u0161kolstv\u00ed, v\u011bd a um\u011bn\u00ed ne\u010din\u00ed n\u00e1mitek, aby z \u010d\u00e1stky z\u00edskan\u00e9 za v\u00fdrobky dodan\u00e9 n\u00e1rodn\u00edm podnik\u016fm a zhotoven\u00e9 v dob\u011b mimo vyu\u010dov\u00e1n\u00ed byly \u2013 po ode\u010dten\u00ed v\u0161ech p\u0159\u00edm\u00fdch a nep\u0159\u00edm\u00fdch v\u00fdloh \u2013 vyplaceny \u017e\u00e1k\u016fm i u\u010ditel\u016fm p\u0159im\u011b\u0159en\u00e9 odm\u011bny. O v\u00fd\u0161i t\u011bchto odm\u011bn rozhodne komise skl\u00e1daj\u00edc\u00ed se ze z\u00e1stupce \u0159editelstv\u00ed \u0161koly, z\u00e1stupce spr\u00e1vy d\u00edlen, z\u00e1stupce \u017e\u00e1k\u016f a z\u00e1stupce d\u00edlensk\u00fdch u\u010ditel\u016f.\u201c<\/p>\n<p>Z uveden\u00e9ho vypl\u00fdv\u00e1, \u017ee \u017e\u00e1ci i u\u010ditel\u00e9 si mohou vyd\u011bl\u00e1vat mimo vyu\u010dov\u00e1n\u00ed na zak\u00e1zk\u00e1ch v d\u00edln\u00e1ch. V tomto obdob\u00ed je\u0161t\u011b st\u00e1le fungoval Spolek pro podporov\u00e1n\u00ed chud\u00fdch \u017e\u00e1k\u016f. Ze z\u00e1pisu z porady ze dne 14. z\u00e1\u0159\u00ed 1949 v\u00edme, \u017ee disponoval \u010d\u00e1stkou 25.000,-K\u010d, jen\u017e byla spolku d\u00e1na ONV Strakonice a byla ur\u010dena na stravov\u00e1n\u00ed chud\u00fdch \u017e\u00e1k\u016f. ONV tak\u00e9 p\u0159isp\u011bl dal\u0161\u00edmi pen\u011bzi, kdy 12 \u017e\u00e1k\u016f obdr\u017eelo v tomto \u0161koln\u00edm roce p\u0159\u00edsp\u011bvek na o\u0161acen\u00ed ve v\u00fd\u0161i 237,50 K\u010d a 8 \u017e\u00e1k\u016f obdr\u017eelo p\u0159\u00edsp\u011bvek u\u010d\u0148\u016fm do zam\u011bstn\u00e1n\u00ed 250,-K\u010d.<\/p>\n<p>Ka\u017ed\u00fdch p\u011bt rok\u016f prob\u00edhaj\u00ed oslavy v\u00fdro\u010d\u00ed zalo\u017een\u00ed \u0161koly. V\u00fdro\u010d\u00ed slou\u017e\u00ed mimo jin\u00e9 k p\u0159edstaven\u00ed sou\u010dasnosti \u0161koly, ale tak\u00e9 k ohl\u00e9dnut\u00ed za jej\u00ed minulost\u00ed. Minulost zastupovaly v\u00fdstavy historick\u00fdch \u0161koln\u00edch pom\u016fcek, t\u0159\u00eddn\u00edch tabel, maturitn\u00edch plesov\u00fdch pozv\u00e1nek a v neposledn\u00ed \u0159ad\u011b v\u00fdstava tradi\u010dn\u00edch \u0161koln\u00edch t\u0159\u00eddn\u00edch fotografi\u00ed. Sou\u010dasnost pak v\u00fdstavy prac\u00ed dne\u0161n\u00edch, \u010di ned\u00e1vn\u00fdch student\u016f \u0161koly. Ale \u00fapln\u011b t\u00edm nejd\u016fle\u017eit\u011bj\u0161\u00edm na v\u00fdro\u010d\u00ed je, \u017ee se st\u00e1v\u00e1 m\u00edstem setk\u00e1v\u00e1n\u00ed se a vzpom\u00edn\u00e1n\u00ed. To je na n\u011bm to nejkr\u00e1sn\u011bj\u0161\u00ed! A voly\u0148\u0161t\u00ed pr\u016fmyslov\u00e1ci se vracej\u00ed r\u00e1di a ve velk\u00e9m po\u010dtu.<\/p>\n<p>&nbsp;<\/p>\n<p><strong>Zdroj:<\/strong> Zem\u011b zamy\u0161len\u00e1 Ladislav Stehl\u00edk SOkA, Strakonice, Pr\u016fmyslov\u00e1 \u0161kola Volyn\u011b, karton 1, Okresn\u00ed spr\u00e1vn\u00ed komise ve Volyni, dne 8. \u0159\u00edjna 1926. Voln\u011b lo\u017een\u00fd strojopis. Vy\u0161\u0161\u00ed odborn\u00e1 \u0161kola a St\u0159edn\u00ed pr\u016fmyslov\u00e1 \u0161kola ve Volyni 1864-2009 SOkA, Strakonice, Pr\u016fmyslov\u00e1 \u0161kola Volyn\u011b, karton 5. Ministerstvo \u0161kolstv\u00ed, v\u011bd a um\u011bn\u00ed. V Praze 26. dubna 1949. Voln\u011b lo\u017een\u00fd strojopis<\/p>\n<p><strong>P\u0159ipravuje: Miroslav K\u016eS ANDRES<\/strong><\/p>\n<p><strong>Foto: archiv autora<\/strong><\/p>\n<hr \/>\n<p>&nbsp;<\/p>\n<p>&nbsp;<\/p>\n","protected":false},"excerpt":{"rendered":"<p>&nbsp; Vy\u0161\u0161\u00ed <\/p>\n","protected":false},"author":2,"featured_media":320371,"comment_status":"open","ping_status":"open","sticky":false,"template":"","format":"gallery","meta":{"footnotes":""},"categories":[111],"tags":[],"jetpack_featured_media_url":"https:\/\/zakrasnejsivimperk.cz\/wp-content\/uploads\/2024\/09\/04\/ram-skola.jpg","_links":{"self":[{"href":"https:\/\/zakrasnejsivimperk.cz\/index.php?rest_route=\/wp\/v2\/posts\/228754"}],"collection":[{"href":"https:\/\/zakrasnejsivimperk.cz\/index.php?rest_route=\/wp\/v2\/posts"}],"about":[{"href":"https:\/\/zakrasnejsivimperk.cz\/index.php?rest_route=\/wp\/v2\/types\/post"}],"author":[{"embeddable":true,"href":"https:\/\/zakrasnejsivimperk.cz\/index.php?rest_route=\/wp\/v2\/users\/2"}],"replies":[{"embeddable":true,"href":"https:\/\/zakrasnejsivimperk.cz\/index.php?rest_route=%2Fwp%2Fv2%2Fcomments&post=228754"}],"version-history":[{"count":2,"href":"https:\/\/zakrasnejsivimperk.cz\/index.php?rest_route=\/wp\/v2\/posts\/228754\/revisions"}],"predecessor-version":[{"id":320370,"href":"https:\/\/zakrasnejsivimperk.cz\/index.php?rest_route=\/wp\/v2\/posts\/228754\/revisions\/320370"}],"wp:featuredmedia":[{"embeddable":true,"href":"https:\/\/zakrasnejsivimperk.cz\/index.php?rest_route=\/wp\/v2\/media\/320371"}],"wp:attachment":[{"href":"https:\/\/zakrasnejsivimperk.cz\/index.php?rest_route=%2Fwp%2Fv2%2Fmedia&parent=228754"}],"wp:term":[{"taxonomy":"category","embeddable":true,"href":"https:\/\/zakrasnejsivimperk.cz\/index.php?rest_route=%2Fwp%2Fv2%2Fcategories&post=228754"},{"taxonomy":"post_tag","embeddable":true,"href":"https:\/\/zakrasnejsivimperk.cz\/index.php?rest_route=%2Fwp%2Fv2%2Ftags&post=228754"}],"curies":[{"name":"wp","href":"https:\/\/api.w.org\/{rel}","templated":true}]}}